{"id":315195,"date":"2025-08-13T01:27:20","date_gmt":"2025-08-13T01:27:20","guid":{"rendered":"https:\/\/www.europesays.com\/fr\/315195\/"},"modified":"2025-08-13T01:27:20","modified_gmt":"2025-08-13T01:27:20","slug":"la-critique-dun-remake-qui-ne-met-pas-un-coup-de-pied-a-loriginal","status":"publish","type":"post","link":"https:\/\/www.europesays.com\/fr\/315195\/","title":{"rendered":"la critique d&rsquo;un remake qui ne met pas un coup de pied \u00e0 l&rsquo;original"},"content":{"rendered":"<p class=\"intro\">Malgr\u00e9 la pr\u00e9sence \u00e0 l&rsquo;\u00e9cran de Jackie Chan et Ralph Macchio, le remake de \u00ab Karate Kid \u00bb ne d\u00e9colle pas. <\/p>\n<p><strong>Le synopsis<\/strong><\/p>\n<p>Apr\u00e8s avoir v\u00e9cu une trag\u00e9die personnelle, le jeune prodige de kung-fu Li Fong est arrach\u00e9 \u00e0 sa famille \u00e0 P\u00e9kin et contraint de s\u2019installer \u00e0 New York avec sa m\u00e8re. Il tente de tirer un trait sur son pass\u00e9 tout en cherchant \u00e0 s\u2019int\u00e9grer dans son nouveau lyc\u00e9e. Et m\u00eame s\u2019il ne cherche pas la bagarre, il semble constamment &#8230;<\/p>\n<p>    La suite apr\u00e8s cette publicit\u00e9<\/p>\n<p>La critique de Paris Match (2\/5)<\/p>\n<p>Dans la grande lessiveuse du recyclage des grandes marques hollywoodiennes des ann\u00e9es 80 (de\u00a0\u00ab\u00a0Top Gun\u00a0\u00bb \u00e0\u00a0la s\u00e9rie des\u00a0\u00ab\u00a0Y a \u00a0t-il un flic\u2026\u00a0\u00bb), voil\u00e0\u00a0donc ressurgir la franchise\u00a0\u00ab\u00a0Karate Kid\u00a0\u00bb, (ressortie de la naphtaline suite au succ\u00e8s de la s\u00e9rie\u00a0\u00ab\u00a0Cobra Ka\u00ef\u00a0\u00bb. Oublions le remake catastrophique port\u00e9\u00a0par <a href=\"https:\/\/www.parismatch.com\/bio\/will-smith\" rel=\"nofollow noopener\" target=\"_blank\">Will Smith<\/a> et son rejeton Jaden\u00a0il y a quelques ann\u00e9es : les quinquas qui ont grandi avec le film\u00a0\u00e0\u00a0succ\u00e8s ne seront pas d\u00e9pays\u00e9s.<\/p>\n<p>    La suite apr\u00e8s cette publicit\u00e9<\/p>\n<p>M\u00eame bonne morale toute am\u00e9ricaine, pr\u00e9sence toujours aussi sympathique mais anecdotique de <a href=\"https:\/\/www.parismatch.com\/bio\/jackie-chan\" rel=\"nofollow noopener\" target=\"_blank\">Jackie Chan<\/a>, le talent\u00a0\u00e0\u00a0suivre du jeune Ben Wang, tout fleure bon le film pour ados qui n\u2019aurait pas vieillis, fig\u00e9s dans une\u00a0\u00e9poque r\u00e9volue o\u00f9\u00a0on se demande bien comment les jeunes d\u2019aujourd\u2019hui pourront y trouver un quelconque int\u00e9r\u00eat. Surtout quand l\u2019argumentaire marketing r\u00e9side dans le retour de la star Ralph Macchio, aujourd\u2019hui proche de la carte vermeil. Le film n\u2019a rien de d\u00e9sagr\u00e9able, mais il semble fig\u00e9\u00a0dans un lointain pass\u00e9.\u00a0<\/p>\n<p>De Jonathan Entwistle<br \/>Avec Ben Wang, Jackie Chan, Ralph Macchio<\/p>\n","protected":false},"excerpt":{"rendered":"Malgr\u00e9 la pr\u00e9sence \u00e0 l&rsquo;\u00e9cran de Jackie Chan et Ralph Macchio, le remake de \u00ab Karate Kid \u00bb&hellip;\n","protected":false},"author":2,"featured_media":315196,"comment_status":"","ping_status":"","sticky":false,"template":"","format":"standard","meta":{"footnotes":""},"categories":[1354],"tags":[58,59,1346,1011,27,1360],"class_list":{"0":"post-315195","1":"post","2":"type-post","3":"status-publish","4":"format-standard","5":"has-post-thumbnail","7":"category-films","8":"tag-divertissement","9":"tag-entertainment","10":"tag-films","11":"tag-fr","12":"tag-france","13":"tag-movies"},"share_on_mastodon":{"url":"https:\/\/pubeurope.com\/@fr\/115018861459460163","error":""},"_links":{"self":[{"href":"https:\/\/www.europesays.com\/fr\/wp-json\/wp\/v2\/posts\/315195","targetHints":{"allow":["GET"]}}],"collection":[{"href":"https:\/\/www.europesays.com\/fr\/wp-json\/wp\/v2\/posts"}],"about":[{"href":"https:\/\/www.europesays.com\/fr\/wp-json\/wp\/v2\/types\/post"}],"author":[{"embeddable":true,"href":"https:\/\/www.europesays.com\/fr\/wp-json\/wp\/v2\/users\/2"}],"replies":[{"embeddable":true,"href":"https:\/\/www.europesays.com\/fr\/wp-json\/wp\/v2\/comments?post=315195"}],"version-history":[{"count":0,"href":"https:\/\/www.europesays.com\/fr\/wp-json\/wp\/v2\/posts\/315195\/revisions"}],"wp:featuredmedia":[{"embeddable":true,"href":"https:\/\/www.europesays.com\/fr\/wp-json\/wp\/v2\/media\/315196"}],"wp:attachment":[{"href":"https:\/\/www.europesays.com\/fr\/wp-json\/wp\/v2\/media?parent=315195"}],"wp:term":[{"taxonomy":"category","embeddable":true,"href":"https:\/\/www.europesays.com\/fr\/wp-json\/wp\/v2\/categories?post=315195"},{"taxonomy":"post_tag","embeddable":true,"href":"https:\/\/www.europesays.com\/fr\/wp-json\/wp\/v2\/tags?post=315195"}],"curies":[{"name":"wp","href":"https:\/\/api.w.org\/{rel}","templated":true}]}}