{"id":315199,"date":"2025-08-13T01:29:12","date_gmt":"2025-08-13T01:29:12","guid":{"rendered":"https:\/\/www.europesays.com\/fr\/315199\/"},"modified":"2025-08-13T01:29:12","modified_gmt":"2025-08-13T01:29:12","slug":"apres-thauvin-leca-a-une-nouvelle-piste-allechante-en-attaque","status":"publish","type":"post","link":"https:\/\/www.europesays.com\/fr\/315199\/","title":{"rendered":"apr\u00e8s Thauvin, Leca a une nouvelle piste all\u00e9chante en attaque\u00a0!"},"content":{"rendered":"<p><strong>Apr\u00e8s avoir r\u00e9ussi \u00e0 attirer <a href=\"https:\/\/www.butfootballclub.fr\/613318-rc-lens-petit-coup-dur-pour-thauvin-avant-lol\/\" rel=\"noopener nofollow\" target=\"_blank\">Florian Thauvin<\/a> (32 ans) au mercato, le RC Lens pourrait bien pr\u00e9parer une nouvelle surprise sur le march\u00e9 des transferts.\u00a0<\/strong><\/p>\n<p>\ud83d\udfe5<strong> Rumeur<\/strong><\/p>\n<p>Le <a href=\"https:\/\/www.butfootballclub.fr\/613292-rc-lens-quand-lois-openda-senflamme-pour-malang-sarr\/\" rel=\"noopener nofollow\" target=\"_blank\">RC Lens<\/a> est insatiable cet \u00e9t\u00e9. Apr\u00e8s avoir r\u00e9ussi \u00e0 attirer Florian Thauvin au mercato, Jean-Louis Leca pourrait bien pr\u00e9parer un nouveau coup sur le march\u00e9 des transferts. Selon les derni\u00e8res informations du journaliste Josue Casse, le club nordiste s\u2019int\u00e9resserait de pr\u00e8s \u00e0 Jayden Braaf, l\u2019ancien international espoir n\u00e9erlandais actuellement \u00e0 l\u2019Hellas V\u00e9rone.\u00a0<\/p>\n<p>Le jeune ailier gauche de 22 ans suscite \u00e9galement l\u2019int\u00e9r\u00eat du Havre, qui suit sa situation avec attention. Mais selon le sp\u00e9cialiste du mercato, cette piste devrait \u00eatre difficile \u00e0 concr\u00e9tiser pour le HAC, notamment en raison de contraintes \u00e9conomiques.<\/p>\n<p><strong>Le RC<\/strong> <strong>Lens bien plac\u00e9 pour Braaf\u00a0?<\/strong><\/p>\n<p>C\u2019est l\u00e0 que le <a href=\"https:\/\/www.butfootballclub.fr\/613334-mercato-apres-rennes-un-ex-grand-espoir-de-lasse-propose-au-rc-lens\/\" rel=\"noopener nofollow\" target=\"_blank\">RC Lens<\/a> pourrait tirer son \u00e9pingle du jeu. Le club art\u00e9sien, qui souhaite encore renforcer son secteur offensif (9 ?) apr\u00e8s l\u2019arriv\u00e9e de Thauvin, dispose d\u2019une meilleure capacit\u00e9 financi\u00e8re et pourrait tenter de conclure un transfert estim\u00e9 \u00e0 moins d\u2019un million d\u2019euros par Transfermarkt.<\/p>\n<p>Braaf, connu pour sa vitesse et sa technique, repr\u00e9sente un profil id\u00e9al pour un club ambitieux comme Lens, qui veut continuer \u00e0 surprendre en Ligue 1 cette saison. Reste d\u00e9sormais \u00e0 voir si les Sang et Or parviendront \u00e0 convaincre le joueur et son club actuel.<\/p>\n<p>\u00ab\u00a0Le coup d\u2019\u0153il de But FC\u00a0\u00bb<\/p>\n<p>\u00ab\u00a0Le RC Lens va finir par r\u00e9aliser un recrutement tout \u00e0 fait honorable malgr\u00e9 des moyens assez limit\u00e9s. La bonne gestion de Josep Oughourlian et les d\u00e9buts surprenants de Jean-Louis Leca \u00e0 la direction sportive doivent rassurer les supporters, d\u00e9j\u00e0 aux aguets avant la r\u00e9ception de l\u2019OL (samedi, 17h).<\/p>\n","protected":false},"excerpt":{"rendered":"Apr\u00e8s avoir r\u00e9ussi \u00e0 attirer Florian Thauvin (32 ans) au mercato, le RC Lens pourrait bien pr\u00e9parer une&hellip;\n","protected":false},"author":2,"featured_media":315200,"comment_status":"","ping_status":"","sticky":false,"template":"","format":"standard","meta":{"footnotes":""},"categories":[9],"tags":[11,448,63,1011,27,66,3388,12,60,10662],"class_list":{"0":"post-315199","1":"post","2":"type-post","3":"status-publish","4":"format-standard","5":"has-post-thumbnail","7":"category-sports","8":"tag-actualites","9":"tag-champions-league","10":"tag-football","11":"tag-fr","12":"tag-france","13":"tag-ligue-1","14":"tag-matchs","15":"tag-news","16":"tag-sports","17":"tag-transferts"},"share_on_mastodon":{"url":"https:\/\/pubeurope.com\/@fr\/115018869278849361","error":""},"_links":{"self":[{"href":"https:\/\/www.europesays.com\/fr\/wp-json\/wp\/v2\/posts\/315199","targetHints":{"allow":["GET"]}}],"collection":[{"href":"https:\/\/www.europesays.com\/fr\/wp-json\/wp\/v2\/posts"}],"about":[{"href":"https:\/\/www.europesays.com\/fr\/wp-json\/wp\/v2\/types\/post"}],"author":[{"embeddable":true,"href":"https:\/\/www.europesays.com\/fr\/wp-json\/wp\/v2\/users\/2"}],"replies":[{"embeddable":true,"href":"https:\/\/www.europesays.com\/fr\/wp-json\/wp\/v2\/comments?post=315199"}],"version-history":[{"count":0,"href":"https:\/\/www.europesays.com\/fr\/wp-json\/wp\/v2\/posts\/315199\/revisions"}],"wp:featuredmedia":[{"embeddable":true,"href":"https:\/\/www.europesays.com\/fr\/wp-json\/wp\/v2\/media\/315200"}],"wp:attachment":[{"href":"https:\/\/www.europesays.com\/fr\/wp-json\/wp\/v2\/media?parent=315199"}],"wp:term":[{"taxonomy":"category","embeddable":true,"href":"https:\/\/www.europesays.com\/fr\/wp-json\/wp\/v2\/categories?post=315199"},{"taxonomy":"post_tag","embeddable":true,"href":"https:\/\/www.europesays.com\/fr\/wp-json\/wp\/v2\/tags?post=315199"}],"curies":[{"name":"wp","href":"https:\/\/api.w.org\/{rel}","templated":true}]}}