{"id":315201,"date":"2025-08-13T01:30:14","date_gmt":"2025-08-13T01:30:14","guid":{"rendered":"https:\/\/www.europesays.com\/fr\/315201\/"},"modified":"2025-08-13T01:30:14","modified_gmt":"2025-08-13T01:30:14","slug":"celine-dion-fait-de-nouvelles-revelations-sur-jean-jacques-goldman","status":"publish","type":"post","link":"https:\/\/www.europesays.com\/fr\/315201\/","title":{"rendered":"C\u00e9line Dion fait de nouvelles r\u00e9v\u00e9lations sur Jean-Jacques Goldman"},"content":{"rendered":"<p>      R\u00e9sum\u00e9<\/p>\n<p>C\u00e9line Dion revient sur sa collaboration et son amiti\u00e9 avec Jean-Jacques Goldman, autour de son album culte D&rsquo;eux, dans un documentaire in\u00e9dit qui d\u00e9voile des archives rares.<\/p>\n<p>        Sommaire<\/p>\n<p>C&rsquo;est l&rsquo;un des \u00e9v\u00e8nements de la rentr\u00e9e de M6. Outre les nouvelles saisons <a href=\"https:\/\/www.public.fr\/les-traitres-nouvelles-regles-candidats-tout-ce-quil-faut-savoir-sur-la-nouvelle-saison\" target=\"_blank\" rel=\"noopener\">des Tra\u00eetres<\/a> et <a href=\"https:\/\/vsd.fr\/84850-ca-na-rien-change-valentin-de-lamour-est-dans-le-pre-remet-les-pendules-a-lheure-avec-ses-detracteurs\/\" target=\"_blank\" rel=\"noopener\">de L&rsquo;amour est dans le pr\u00e9<\/a>, la cha\u00eene va programmer en prime <strong>le mercredi 3 septembre prochain<\/strong> un documentaire narr\u00e9 par C\u00e9line Dion en personne. La chanteuse qu\u00e9b\u00e9coise va f\u00eater les 30 ans de son album embl\u00e9matique D&rsquo;eux, album francophone le plus vendu de l&rsquo;histoire de la musique, et <strong>qu&rsquo;elle doit \u00e0 un seul homme : Jean-Jacques Goldman<\/strong>.<\/p>\n<p>En effet, les ventes de cet album sont hors-sol et ne seront probablement jamais battues. En France, il <strong>s&rsquo;est \u00e9coul\u00e9 \u00e0 4,41 millions d&rsquo;exemplaires<\/strong>. Seul <a href=\"https:\/\/www.public.fr\/tag\/francis-cabrel\" target=\"_blank\" rel=\"noopener\">Francis Cabrel<\/a> peut rivaliser avec Samedi soir sur la Terre, son album \u00e9dit\u00e9 en 1994 et vendu \u00e0 plus de trois millions d&rsquo;exemplaires. Mais l&rsquo;album de C\u00e9line Dion a \u00e9galement cartonn\u00e9 en Suisse, en Pologne, aux Pays-Bas, en Italie ou encore en Belgique et au Canada. <strong>Au total, ce sont plus de 9 millions d&rsquo;albums<\/strong> qui se sont arrach\u00e9s dans le monde entier.<\/p>\n<p>C\u00e9line Dion et Jean-Jacques Goldman, une amiti\u00e9 est n\u00e9e<\/p>\n<p>Dans C\u00e9line raconte D&rsquo;eux, la chanteuse va notamment revenir longuement sur le lien tr\u00e8s particulier qui la lie \u00e0 Jean-Jacques Goldman. <strong>Une amiti\u00e9 immuable, qui n&rsquo;a jamais \u00e9t\u00e9 ternie par le temps<\/strong>. S&rsquo;ils habitent tr\u00e8s loin l&rsquo;un de l&rsquo;autre, les deux n&rsquo;en restent pas moins complices. De cette \u00ab\u00a0collaboration l\u00e9gendaire\u00a0\u00bb est ainsi n\u00e9e une amiti\u00e9 profonde et sinc\u00e8re, <strong>non d\u00e9mentie par les ann\u00e9es<\/strong>.<\/p>\n<p>Devant les cam\u00e9ras de M6, C\u00e9line Dion va notamment revenir sur le succ\u00e8s de cet album : \u00ab\u00a0Je n\u2019avais aucune attente\u2026 J\u2019\u00e9tais tellement heureuse. <strong>J\u2019avais d\u00e9couvert des chansons extraordinaires et en plus un ami<\/strong>\u00ab\u00a0. Une belle d\u00e9claration \u00e0 celui auquel elle doit tant, et qui fait indiscutablement partie des hommes de sa vie, aux c\u00f4t\u00e9s de <a href=\"https:\/\/www.public.fr\/rene-angelil-le-mari-de-celine-dion-est-mort\" target=\"_blank\" rel=\"noopener\">Ren\u00e9 Ang\u00e9lil<\/a> notamment, son mentor de toujours.<\/p>\n<p>Des archives in\u00e9dites<\/p>\n<p>Cette amiti\u00e9, \u00e0 la ville comme \u00e0 la sc\u00e8ne, sera largement \u00e9voqu\u00e9e par M6 dans ce documentaire. On d\u00e9couvrira <strong>notamment des archives in\u00e9dites des deux chanteurs<\/strong> travaillant ensemble sur l&rsquo;album. Des s\u00e9quences qui, \u00e0 l&rsquo;\u00e9poque, avaient \u00e9t\u00e9 film\u00e9es par la t\u00e9l\u00e9vision canadienne et qui n&rsquo;avaient jamais \u00e9t\u00e9 diffus\u00e9es en France. Ce documentaire, tr\u00e8s attendu, va-t-il r\u00e9aliser un carton d&rsquo;audience ? Une chose est s\u00fbre, <strong>M6 mise beaucoup sur C\u00e9line Dion<\/strong>. Pour rappel, sa derni\u00e8re apparition en France <a href=\"https:\/\/www.public.fr\/celine-dion-les-regles-imposees-par-son-fils-rene-charles-lors-de-sa-preparation-pour-la-ceremonie-des-jeux-olympiques-de-paris-2024\" target=\"_blank\" rel=\"noopener\">remonte aux JO de Paris 2024<\/a>. <\/p>\n<p>      Mentionn\u00e9s dans cet article<\/p>\n<p>      Sur le m\u00eame sujet<\/p>\n","protected":false},"excerpt":{"rendered":"R\u00e9sum\u00e9 C\u00e9line Dion revient sur sa collaboration et son amiti\u00e9 avec Jean-Jacques Goldman, autour de son album culte&hellip;\n","protected":false},"author":2,"featured_media":315202,"comment_status":"","ping_status":"","sticky":false,"template":"","format":"standard","meta":{"footnotes":""},"categories":[8],"tags":[7043,58,1190,59,1011,27,7195,494],"class_list":{"0":"post-315201","1":"post","2":"type-post","3":"status-publish","4":"format-standard","5":"has-post-thumbnail","7":"category-divertissement","8":"tag-celine-dion","9":"tag-divertissement","10":"tag-documentaire","11":"tag-entertainment","12":"tag-fr","13":"tag-france","14":"tag-jean-jacques-goldman","15":"tag-m6"},"share_on_mastodon":{"url":"https:\/\/pubeurope.com\/@fr\/115018873299144352","error":""},"_links":{"self":[{"href":"https:\/\/www.europesays.com\/fr\/wp-json\/wp\/v2\/posts\/315201","targetHints":{"allow":["GET"]}}],"collection":[{"href":"https:\/\/www.europesays.com\/fr\/wp-json\/wp\/v2\/posts"}],"about":[{"href":"https:\/\/www.europesays.com\/fr\/wp-json\/wp\/v2\/types\/post"}],"author":[{"embeddable":true,"href":"https:\/\/www.europesays.com\/fr\/wp-json\/wp\/v2\/users\/2"}],"replies":[{"embeddable":true,"href":"https:\/\/www.europesays.com\/fr\/wp-json\/wp\/v2\/comments?post=315201"}],"version-history":[{"count":0,"href":"https:\/\/www.europesays.com\/fr\/wp-json\/wp\/v2\/posts\/315201\/revisions"}],"wp:featuredmedia":[{"embeddable":true,"href":"https:\/\/www.europesays.com\/fr\/wp-json\/wp\/v2\/media\/315202"}],"wp:attachment":[{"href":"https:\/\/www.europesays.com\/fr\/wp-json\/wp\/v2\/media?parent=315201"}],"wp:term":[{"taxonomy":"category","embeddable":true,"href":"https:\/\/www.europesays.com\/fr\/wp-json\/wp\/v2\/categories?post=315201"},{"taxonomy":"post_tag","embeddable":true,"href":"https:\/\/www.europesays.com\/fr\/wp-json\/wp\/v2\/tags?post=315201"}],"curies":[{"name":"wp","href":"https:\/\/api.w.org\/{rel}","templated":true}]}}