{"id":315205,"date":"2025-08-13T01:32:15","date_gmt":"2025-08-13T01:32:15","guid":{"rendered":"https:\/\/www.europesays.com\/fr\/315205\/"},"modified":"2025-08-13T01:32:15","modified_gmt":"2025-08-13T01:32:15","slug":"clio-5-captur-2-arkana-megane-4-pres-de-160-000-vehicules-renault-vont-faire-lobjet-dun-rappel-massif-a-la-rentree-lindependant","status":"publish","type":"post","link":"https:\/\/www.europesays.com\/fr\/315205\/","title":{"rendered":"Clio 5, Captur 2, Arkana, M\u00e9gane 4\u2026 Pr\u00e8s de 160 000 v\u00e9hicules Renault vont faire l\u2019objet d\u2019un rappel massif \u00e0 la rentr\u00e9e &#8211; L&#039;Ind\u00e9pendant"},"content":{"rendered":"<ol>\n<li><a href=\"https:\/\/news.google.com\/rss\/articles\/CBMi-gFBVV95cUxPVHRJZkhPNWRrdWlsVTlwempNRWZUOVduM0Nad1lmUVVNck9BbHdqM0daM05JV0RRMC1ScEZycldMNkl1d1ZGXzBjRGg3SVNyaXFZV0cwNVMwZDk2Y25rMmxSUVdHdFlqMXhoVFRFTmgzZFVYdVBKU3BPdU9DWkxkYXhHVmk0SFRncGRMZ0MtWGhhRWJsb1VvRGV0a3Z4MDZTLVhvZXZtS1Q0aEIwckVxallObjFDYzRxaVVVTzVscnF3UFRxekpFMlUtRVBsSVhVOW1zWnItazY5Y2lRbWdlaWpCQ3UzMHZWTlNxTzVNR3g3NV9rZmYyZDhn?oc=5\" target=\"_blank\" rel=\"nofollow noopener\">Clio 5, Captur 2, Arkana, M\u00e9gane 4\u2026 Pr\u00e8s de 160 000 v\u00e9hicules Renault vont faire l\u2019objet d\u2019un rappel massif \u00e0 la rentr\u00e9e<\/a>&nbsp;&nbsp;L&rsquo;Ind\u00e9pendant<\/li>\n<li><a href=\"https:\/\/news.google.com\/rss\/articles\/CBMi2wFBVV95cUxObmZWVEh0NTY2cWdfX2JyS2J6WVhwR0RJdmtTQ0F2NWtiTUlId0Q4TkxkQUM1Uk9tckFyVmNzQzRfVDFrUEZEbi12X29pMlIzeEYwMm0waS0xU0RBaFZrOHpDT3dXZzJuVHNiVFUzTWh2LXkxS3diWnU2Um1YVXRCU3E4N2lfMzlCVWptQ1JwMUt3ZnBJTW9jR2lSSjYzYWdfeXdxd1R6SUIwTThzaWFQcFJsMlhqOHpVdEJNa0hySDQzUklEQURmV2hueVdvZ2FzcU5wU2pqalZ6Vk0?oc=5\" target=\"_blank\" rel=\"nofollow noopener\">Clio, M\u00e9gane\u2026 156 000 v\u00e9hicules Renault \u00e9quip\u00e9s de moteurs hybrides seront rappel\u00e9s \u00e0 la rentr\u00e9e<\/a>&nbsp;&nbsp;ladepeche.fr<\/li>\n<li><a href=\"https:\/\/news.google.com\/rss\/articles\/CBMi2gFBVV95cUxNaTFNZEFORVctS053LS1veGN2c0RzTmRUNXFYUC0wQnlLNTFWb2NobHF2c1dXdURnQ0xLYWstSnAwcV9uX0xvd3BRalVndklIcndfeXJTbzZsb3FFb08tNjJTd3NIdUVrclNNSjVpZjBvUGsxV1I1ZXZHd3l0SnZ2dnJLTVhUYmcyck9hUXVwMlUtTzdUZUN4NXJsUVdwOXFVcEYzYTNDNjkzaUMwMVlTREc0UFdZUURsYS1OV0tKVXpkLXJaSzFTUjJscWdoUUhWal9GOThDQVcxQQ?oc=5\" target=\"_blank\" rel=\"nofollow noopener\">Clio, Captur, Arkana\u2026 Renault va rappeler plus de 150.000 v\u00e9hicules \u00e9quip\u00e9s de son moteur hybride<\/a>&nbsp;&nbsp;BFMTV<\/li>\n<li><a href=\"https:\/\/news.google.com\/rss\/articles\/CBMi2wFBVV95cUxQN1JxWDVPTWdNajFOdTk4bXRMY3N1UGEyNWhvcjdqV3ZWSXptNW5tcThYRnBxVzB6aC1KNFFKZkVXb0NIWXQxNTFMY21BMGNVSDlfbk1ZRktXV1RrdGZKRGxDQ3RTSVVoWHgyamZpLWwzazZpV21lVl8ySmpqbVA4NkttS2dWeGVhckFsZHRYM2xscFNBMlFDMWRxWFhSd3BtQkJQMXNfMDRDWWJXeXpWTld4WEw0Vi03azNFN19VUUlzZF9pcWZRcUxBT2NtWHljd3BibmQzZldmWjQ?oc=5\" target=\"_blank\" rel=\"nofollow noopener\">Rappel 1.6 Hybrid. Renault rappelle 155 825 mod\u00e8les pour contr\u00f4ler la bo\u00eete de vitesses<\/a>&nbsp;&nbsp;L&rsquo;Argus<\/li>\n<li><a href=\"https:\/\/news.google.com\/rss\/articles\/CBMixgFBVV95cUxPQTJ0V0pVT3lUVXIwWUxVUW9qekhoNXFPMGVZVElWaDV4M0UwYzV2Vk1OV1ZTRWVMT05JV3BkdXpJdGJVRUNPUi1aTlpQazhiUDJndDJieUl6bGhnc0VFRlRyenRWWE1rZXBsTm1WV1AwYTRzNHRiQ2loMkxCdk9tRXI5V0J1UXdiN1pmdmpOcGJkYzByYkxXcGhnSWM0YXd3WThtOXUtZV9BdjZCM21lZjRXbU9KeDZ6VnE0RlRaTV9ERDgwVUE?oc=5\" target=\"_blank\" rel=\"nofollow noopener\">Renault va rappeler 155 000 voitures \u00e0 la rentr\u00e9e : d\u00e9couvrez si votre mod\u00e8le est concern\u00e9<\/a>&nbsp;&nbsp;Actu.fr<\/li>\n<\/ol>\n","protected":false},"excerpt":{"rendered":"Clio 5, Captur 2, Arkana, M\u00e9gane 4\u2026 Pr\u00e8s de 160 000 v\u00e9hicules Renault vont faire l\u2019objet d\u2019un rappel&hellip;\n","protected":false},"author":2,"featured_media":1445,"comment_status":"","ping_status":"","sticky":false,"template":"","format":"standard","meta":{"footnotes":""},"categories":[6],"tags":[35,33,34,1011,27],"class_list":{"0":"post-315205","1":"post","2":"type-post","3":"status-publish","4":"format-standard","5":"has-post-thumbnail","7":"category-economie","8":"tag-business","9":"tag-economie","10":"tag-economy","11":"tag-fr","12":"tag-france"},"share_on_mastodon":{"url":"https:\/\/pubeurope.com\/@fr\/115018881037215675","error":""},"_links":{"self":[{"href":"https:\/\/www.europesays.com\/fr\/wp-json\/wp\/v2\/posts\/315205","targetHints":{"allow":["GET"]}}],"collection":[{"href":"https:\/\/www.europesays.com\/fr\/wp-json\/wp\/v2\/posts"}],"about":[{"href":"https:\/\/www.europesays.com\/fr\/wp-json\/wp\/v2\/types\/post"}],"author":[{"embeddable":true,"href":"https:\/\/www.europesays.com\/fr\/wp-json\/wp\/v2\/users\/2"}],"replies":[{"embeddable":true,"href":"https:\/\/www.europesays.com\/fr\/wp-json\/wp\/v2\/comments?post=315205"}],"version-history":[{"count":0,"href":"https:\/\/www.europesays.com\/fr\/wp-json\/wp\/v2\/posts\/315205\/revisions"}],"wp:featuredmedia":[{"embeddable":true,"href":"https:\/\/www.europesays.com\/fr\/wp-json\/wp\/v2\/media\/1445"}],"wp:attachment":[{"href":"https:\/\/www.europesays.com\/fr\/wp-json\/wp\/v2\/media?parent=315205"}],"wp:term":[{"taxonomy":"category","embeddable":true,"href":"https:\/\/www.europesays.com\/fr\/wp-json\/wp\/v2\/categories?post=315205"},{"taxonomy":"post_tag","embeddable":true,"href":"https:\/\/www.europesays.com\/fr\/wp-json\/wp\/v2\/tags?post=315205"}],"curies":[{"name":"wp","href":"https:\/\/api.w.org\/{rel}","templated":true}]}}