{"id":315220,"date":"2025-08-13T01:49:44","date_gmt":"2025-08-13T01:49:44","guid":{"rendered":"https:\/\/www.europesays.com\/fr\/315220\/"},"modified":"2025-08-13T01:49:44","modified_gmt":"2025-08-13T01:49:44","slug":"apres-lom-merlin-mise-sur-rennes-pour-franchir-un-cap","status":"publish","type":"post","link":"https:\/\/www.europesays.com\/fr\/315220\/","title":{"rendered":"Apr\u00e8s l\u2019OM, Merlin mise sur Rennes pour franchir un cap"},"content":{"rendered":"<p>Nouvelle recrue rennaise, Quentin Merlin<br \/>\nvoit dans son transfert une v\u00e9ritable opportunit\u00e9 d&rsquo;\u00e9volution pour<br \/>\nson futur.<\/p>\n<p>Quentin Merlin est arriv\u00e9 cet \u00e9t\u00e9 au Stade Rennais<br \/>\n<strong><a href=\"https:\/\/www.football365.fr\/rongier-prepare-deja-sa-revanche-face-a-lom-10249893.html\" rel=\"nofollow noopener\" target=\"_blank\"><br \/>\naux c\u00f4t\u00e9s de Valentin Rongier<\/a><\/strong>, dans le cadre d\u2019un<br \/>\ndouble transfert estim\u00e9 \u00e0 18,5 millions d\u2019euros, auxquels<br \/>\ns\u2019ajoutent 4 millions de bonus, en provenance de l\u2019Olympique de<br \/>\nMarseille. Une nouvelle destination qui satisfait pleinement le<br \/>\nlat\u00e9ral gauche fran\u00e7ais.<\/p>\n<p>Apr\u00e8s une saison et demie au V\u00e9lodrome, le Nantais pose donc ses<br \/>\nvalises \u00e0 Roazhon Park. Il troque ainsi la tunique de l\u2019OM, l\u2019un<br \/>\ndes principaux pr\u00e9tendants au titre face au Paris Saint-Germain,<br \/>\npour une \u00e9quipe plus modeste, qui a termin\u00e9 la saison derni\u00e8re dans<br \/>\nle milieu de tableau.<\/p>\n<p>\u00ab\u00a0C\u2019est un choix \u00e9vident\u00a0\u00bb<\/p>\n<p>Pour autant, selon ses d\u00e9clarations, Merlin ne per\u00e7oit pas ce<br \/>\nchangement comme un recul. Il affiche m\u00eame de grandes ambitions<br \/>\nsous ses nouvelles couleurs.<\/p>\n<p>\u00ab\u00a0Le Stade Rennais est un club ambitieux, attractif.<br \/>\nJ\u2019ai beaucoup discut\u00e9 avec le directeur sportif, le pr\u00e9sident et le<br \/>\ncoach. Pour la suite de ma carri\u00e8re, c\u2019\u00e9tait important d\u2019avoir des<br \/>\nresponsabilit\u00e9s plus importantes, comme j\u2019ai pu le vivre en \u00e9quipe<br \/>\nde France Espoirs, avec le brassard. \u00catre plus important dans le<br \/>\nvestiaire et dans l\u2019\u00e9quipe. Pour moi, apr\u00e8s l\u2019OM, ce n\u2019est pas du<br \/>\ntout une r\u00e9gression. C\u2019est vraiment un choix de carri\u00e8re pour aller<br \/>\nplus loin, m\u2019aguerrir, apprendre beaucoup de choses. C\u2019est un choix<br \/>\n\u00e9vident\u00a0\u00bb, a-t-il confi\u00e9 en conf\u00e9rence de presse.<\/p>\n<p>EN BREF<\/p>\n<ul class=\"bloc_resume_post_list\">\n<li>Quentin Merlin et Valentin Rongier ont rejoint le Stade Rennais<br \/>\ncet \u00e9t\u00e9 en provenance de l&rsquo;Olympique de Marseille pour un transfert<br \/>\ntotal de 18,5 millions d&rsquo;euros, plus 4 millions de bonus.<\/li>\n<li>Quentin Merlin, apr\u00e8s une saison et demie \u00e0 l&rsquo;OM, a choisi de<br \/>\nrejoindre une \u00e9quipe plus modeste, le Stade Rennais, qui a termin\u00e9<br \/>\nla derni\u00e8re saison en milieu de tableau.<\/li>\n<li>Malgr\u00e9 ce changement, Quentin Merlin consid\u00e8re ce transfert<br \/>\ncomme une opportunit\u00e9 de croissance et non comme un recul dans sa<br \/>\ncarri\u00e8re, exprimant son ambition de jouer un r\u00f4le plus important au<br \/>\nsein de sa nouvelle \u00e9quipe.<\/li>\n<\/ul>\n","protected":false},"excerpt":{"rendered":"Nouvelle recrue rennaise, Quentin Merlin voit dans son transfert une v\u00e9ritable opportunit\u00e9 d&rsquo;\u00e9volution pour son futur. Quentin Merlin&hellip;\n","protected":false},"author":2,"featured_media":315221,"comment_status":"","ping_status":"","sticky":false,"template":"","format":"standard","meta":{"footnotes":""},"categories":[2821],"tags":[1111,11,829,1777,674,1011,27,12,584,25],"class_list":{"0":"post-315220","1":"post","2":"type-post","3":"status-publish","4":"format-standard","5":"has-post-thumbnail","7":"category-rennes","8":"tag-actu","9":"tag-actualites","10":"tag-bretagne","11":"tag-eu","12":"tag-europe","13":"tag-fr","14":"tag-france","15":"tag-news","16":"tag-rennes","17":"tag-republique-francaise"},"share_on_mastodon":{"url":"https:\/\/pubeurope.com\/@fr\/115018947969842904","error":""},"_links":{"self":[{"href":"https:\/\/www.europesays.com\/fr\/wp-json\/wp\/v2\/posts\/315220","targetHints":{"allow":["GET"]}}],"collection":[{"href":"https:\/\/www.europesays.com\/fr\/wp-json\/wp\/v2\/posts"}],"about":[{"href":"https:\/\/www.europesays.com\/fr\/wp-json\/wp\/v2\/types\/post"}],"author":[{"embeddable":true,"href":"https:\/\/www.europesays.com\/fr\/wp-json\/wp\/v2\/users\/2"}],"replies":[{"embeddable":true,"href":"https:\/\/www.europesays.com\/fr\/wp-json\/wp\/v2\/comments?post=315220"}],"version-history":[{"count":0,"href":"https:\/\/www.europesays.com\/fr\/wp-json\/wp\/v2\/posts\/315220\/revisions"}],"wp:featuredmedia":[{"embeddable":true,"href":"https:\/\/www.europesays.com\/fr\/wp-json\/wp\/v2\/media\/315221"}],"wp:attachment":[{"href":"https:\/\/www.europesays.com\/fr\/wp-json\/wp\/v2\/media?parent=315220"}],"wp:term":[{"taxonomy":"category","embeddable":true,"href":"https:\/\/www.europesays.com\/fr\/wp-json\/wp\/v2\/categories?post=315220"},{"taxonomy":"post_tag","embeddable":true,"href":"https:\/\/www.europesays.com\/fr\/wp-json\/wp\/v2\/tags?post=315220"}],"curies":[{"name":"wp","href":"https:\/\/api.w.org\/{rel}","templated":true}]}}