{"id":315222,"date":"2025-08-13T01:51:15","date_gmt":"2025-08-13T01:51:15","guid":{"rendered":"https:\/\/www.europesays.com\/fr\/315222\/"},"modified":"2025-08-13T01:51:15","modified_gmt":"2025-08-13T01:51:15","slug":"environ-700-supporters-strasbourgeois-autorises-a-metz-alsasports","status":"publish","type":"post","link":"https:\/\/www.europesays.com\/fr\/315222\/","title":{"rendered":"Environ 700 supporters strasbourgeois autoris\u00e9s \u00e0 Metz ! \u2014 Alsa&rsquo;Sports"},"content":{"rendered":"<p><strong>La pr\u00e9fecture de Moselle a autoris\u00e9 le d\u00e9placement de quelque 700 supporters du Racing au stade Saint-Symphorien de Metz pour la reprise de la Ligue 1 dimanche.<\/strong><\/p>\n<p>L\u2019incertitude planait mais le stade Saint-Symphorien de Metz sera bel et bien garni de bleu. La pr\u00e9fecture de Moselle a autoris\u00e9 hier le d\u00e9placement de supporters strasbourgeois pour assister au derby de l\u2019Est dimanche \u00e0 l\u2019occasion de la reprise du championnat de France. L\u2019information a \u00e9t\u00e9 livr\u00e9e hier soir aux associations de supporters du RCSA, selon ICI Alsace, et ils seront environ 700 pr\u00e9sents en Moselle, escort\u00e9s en bus de Strasbourg jusqu\u2019\u00e0 Metz.<\/p>\n<p>En revanche, la \u00ab\u00a0fermeture partielle pour un match ferme des tribunes Est et Ouest\u00a0\u00bb du stade Saint-Symphorien est maintenue. La sanction avait \u00e9t\u00e9 inflig\u00e9e par la commission de discipline de la Ligue de Football Professionnel le 18 juin, pour \u00ab\u00a0usage massif d\u2019engins pyrotechniques et des expressions orales constat\u00e9es\u00a0\u00bb\u00a0des supporters messins lors du play-off de Ligue 2 entre le FC Metz et l\u2019USL Dunkerque le samedi 17 mai. Une sanction qui emp\u00eachera Metz de jouer devant ses Ultras.<\/p>\n","protected":false},"excerpt":{"rendered":"La pr\u00e9fecture de Moselle a autoris\u00e9 le d\u00e9placement de quelque 700 supporters du Racing au stade Saint-Symphorien de&hellip;\n","protected":false},"author":2,"featured_media":315223,"comment_status":"","ping_status":"","sticky":false,"template":"","format":"standard","meta":{"footnotes":""},"categories":[2820],"tags":[1111,11,1777,674,63,1011,27,775,12,4448,25,640],"class_list":{"0":"post-315222","1":"post","2":"type-post","3":"status-publish","4":"format-standard","5":"has-post-thumbnail","7":"category-strasbourg","8":"tag-actu","9":"tag-actualites","10":"tag-eu","11":"tag-europe","12":"tag-football","13":"tag-fr","14":"tag-france","15":"tag-grand-est","16":"tag-news","17":"tag-rc-strasbourg","18":"tag-republique-francaise","19":"tag-strasbourg"},"share_on_mastodon":{"url":"https:\/\/pubeurope.com\/@fr\/115018955743633264","error":""},"_links":{"self":[{"href":"https:\/\/www.europesays.com\/fr\/wp-json\/wp\/v2\/posts\/315222","targetHints":{"allow":["GET"]}}],"collection":[{"href":"https:\/\/www.europesays.com\/fr\/wp-json\/wp\/v2\/posts"}],"about":[{"href":"https:\/\/www.europesays.com\/fr\/wp-json\/wp\/v2\/types\/post"}],"author":[{"embeddable":true,"href":"https:\/\/www.europesays.com\/fr\/wp-json\/wp\/v2\/users\/2"}],"replies":[{"embeddable":true,"href":"https:\/\/www.europesays.com\/fr\/wp-json\/wp\/v2\/comments?post=315222"}],"version-history":[{"count":0,"href":"https:\/\/www.europesays.com\/fr\/wp-json\/wp\/v2\/posts\/315222\/revisions"}],"wp:featuredmedia":[{"embeddable":true,"href":"https:\/\/www.europesays.com\/fr\/wp-json\/wp\/v2\/media\/315223"}],"wp:attachment":[{"href":"https:\/\/www.europesays.com\/fr\/wp-json\/wp\/v2\/media?parent=315222"}],"wp:term":[{"taxonomy":"category","embeddable":true,"href":"https:\/\/www.europesays.com\/fr\/wp-json\/wp\/v2\/categories?post=315222"},{"taxonomy":"post_tag","embeddable":true,"href":"https:\/\/www.europesays.com\/fr\/wp-json\/wp\/v2\/tags?post=315222"}],"curies":[{"name":"wp","href":"https:\/\/api.w.org\/{rel}","templated":true}]}}