{"id":315228,"date":"2025-08-13T01:59:20","date_gmt":"2025-08-13T01:59:20","guid":{"rendered":"https:\/\/www.europesays.com\/fr\/315228\/"},"modified":"2025-08-13T01:59:20","modified_gmt":"2025-08-13T01:59:20","slug":"elles-ont-le-sentiment-detre-considerees-a-bordeaux-la-mairie-assure-le-suivi-des-personnes-agees-isolees","status":"publish","type":"post","link":"https:\/\/www.europesays.com\/fr\/315228\/","title":{"rendered":"\u00ab Elles ont le sentiment d\u2019\u00eatre consid\u00e9r\u00e9es \u00bb\u2026 A Bordeaux, la mairie assure le suivi des personnes \u00e2g\u00e9es isol\u00e9es"},"content":{"rendered":"<p><strong>pr\u00e9vention &#8211; L\u2019unit\u00e9 de lutte contre l\u2019isolement de la mairie de Bordeaux est mobilis\u00e9e depuis lundi et le d\u00e9but de la vigilance rouge canicule sur une grande partie du Sud-Ouest, pour assurer une veille t\u00e9l\u00e9phonique aupr\u00e8s de personnes isol\u00e9es de plus de 70 ans<\/strong><\/p>\n<p>\u00ab Bonjour Monsieur, c\u2019est la mairie de <a href=\"https:\/\/www.20minutes.fr\/bordeaux\/?at_medium=RSS%20feed&amp;at_campaign=ynews&amp;utm_source=yahoo&amp;utm_medium=rss&amp;utm_campaign=news_feed&amp;utm_content=in_article_link\" rel=\"nofollow noopener\" target=\"_blank\" data-ylk=\"slk:Bordeaux;elm:context_link;itc:0;sec:content-canvas\" class=\"link \">Bordeaux<\/a>, je vous appelle dans le cadre du <a href=\"https:\/\/www.20minutes.fr\/sante\/4159508-20250620-canicule-alimentation-hydratation-organisation-astuces-proteger-grosses-chaleurs?at_medium=RSS%20feed&amp;at_campaign=ynews&amp;utm_source=yahoo&amp;utm_medium=rss&amp;utm_campaign=news_feed&amp;utm_content=in_article_link\" rel=\"nofollow noopener\" target=\"_blank\" data-ylk=\"slk:plan canicule;elm:context_link;itc:0;sec:content-canvas\" class=\"link \">plan canicule<\/a> niveau 4. Vous savez qu\u2019il y a des points de rafra\u00eechissement, et notamment des \u00e9choppes <a href=\"https:\/\/www.20minutes.fr\/dossier\/senior?at_medium=RSS%20feed&amp;at_campaign=ynews&amp;utm_source=yahoo&amp;utm_medium=rss&amp;utm_campaign=news_feed&amp;utm_content=in_article_link\" rel=\"nofollow noopener\" target=\"_blank\" data-ylk=\"slk:seniors;elm:context_link;itc:0;sec:content-canvas\" class=\"link \">seniors<\/a> qui existent sur Bordeaux ? Vous pouvez y trouver un espace climatis\u00e9 et de la boisson si vous le souhaitez. \u00bb<\/p>\n<p>L\u2019unit\u00e9 de lutte contre l\u2019isolement de la mairie de Bordeaux, est mobilis\u00e9e depuis lundi et le d\u00e9but de la <a href=\"https:\/\/www.20minutes.fr\/societe\/4167477-20250811-canicule-vigilance-rouge-nuits-difficiles-pollution-chaleur-monte-encore-cran?at_medium=RSS%20feed&amp;at_campaign=ynews&amp;utm_source=yahoo&amp;utm_medium=rss&amp;utm_campaign=news_feed&amp;utm_content=in_article_link\" rel=\"nofollow noopener\" target=\"_blank\" data-ylk=\"slk:vigilance rouge canicule;elm:context_link;itc:0;sec:content-canvas\" class=\"link \">vigilance rouge canicule<\/a> \u00e9tablie par <a href=\"https:\/\/www.20minutes.fr\/dossier\/meteo_france?at_medium=RSS%20feed&amp;at_campaign=ynews&amp;utm_source=yahoo&amp;utm_medium=rss&amp;utm_campaign=news_feed&amp;utm_content=in_article_link\" rel=\"nofollow noopener\" target=\"_blank\" data-ylk=\"slk:M\u00e9t\u00e9o-France;elm:context_link;itc:0;sec:content-canvas\" class=\"link \">M\u00e9t\u00e9o-France<\/a> sur une grande partie du <a href=\"https:\/\/www.20minutes.fr\/dossier\/sud-ouest?at_medium=RSS%20feed&amp;at_campaign=ynews&amp;utm_source=yahoo&amp;utm_medium=rss&amp;utm_campaign=news_feed&amp;utm_content=in_article_link\" rel=\"nofollow noopener\" target=\"_blank\" data-ylk=\"slk:Sud-Ouest;elm:context_link;itc:0;sec:content-canvas\" class=\"link \">Sud-Ouest<\/a>. Quelque 50 agents, b\u00e9n\u00e9voles associatifs et volontaires de la ville, assurent une veille t\u00e9l\u00e9phonique aupr\u00e8s des personnes de plus de 70 ans consid\u00e9r\u00e9es comme fragiles en cette p\u00e9riode. Lundi, les 41,6 \u00b0C ont \u00e9t\u00e9 atteints \u00e0 Bordeaux, \u00e9tablissant un nouveau record pour la capitale de Nouvelle-Aquitaine. La vigilance rouge est maintenue ce mardi.<\/p>\n<p>Un message de t\u00e9l\u00e9alerte d\u00e8s dimanche<\/p>\n<p>Depuis la canicule d\u2019ao\u00fbt 2003 &#8211; durant laquelle on a d\u00e9plor\u00e9 une surmortalit\u00e9 d\u2019environ 15.000 d\u00e9c\u00e8s par rapport \u00e0 la mortalit\u00e9 habituelle de cette p\u00e9riode, touchant particuli\u00e8rement les personnes \u00e2g\u00e9es &#8211; la surveillance et le suivi des personnes \u00e2g\u00e9es, notamment isol\u00e9es, ont \u00e9t\u00e9 renforc\u00e9s dans de nombreuses villes en France. A Bordeaux, un fichier de 3.600 personnes \u00e2g\u00e9es \u00e0 suivre durant les p\u00e9riodes de forte chaleur a ainsi \u00e9t\u00e9 \u00e9tabli, et il est remis \u00e0 jour chaque ann\u00e9e. \u00ab Ces personnes ont re\u00e7u un message de t\u00e9l\u00e9alerte d\u00e8s dimanche, et on rappelle celles qui n\u2019ont pas \u00e9cout\u00e9 ce message, pour v\u00e9rifier que t(&#8230;)<\/p>\n<p><a href=\"https:\/\/www.20minutes.fr\/societe\/4167624-20250812-canicule-elles-sentiment-etre-considerees-bordeaux-mairie-assure-suivi-personnes-agees-isolees?at_medium=RSS%20feed&amp;at_campaign=ynews&amp;utm_source=yahoo&amp;utm_medium=rss&amp;utm_campaign=news_feed&amp;utm_content=read_more_link&quot;\" rel=\"nofollow noopener\" target=\"_blank\" data-ylk=\"slk:Lire la suite sur 20minutes;elm:context_link;itc:0;sec:content-canvas\" class=\"link \">Lire la suite sur 20minutes<\/a><\/p>\n<p>\u00c0 lire aussi :<br \/><a href=\"https:\/\/www.20minutes.fr\/planete\/canicule\/4167568-20250811-canicule-ville-subit-beaucoup-plus-bordeaux-battu-record-temperature-ecrasee-chaleur?at_medium=RSS%20feed&amp;at_campaign=ynews&amp;utm_source=yahoo&amp;utm_medium=rss&amp;utm_campaign=news_feed&amp;utm_content=related_content_link\" rel=\"nofollow noopener\" target=\"_blank\" data-ylk=\"slk:Canicule : \u00ab En ville, on subit beaucoup plus \u00bb\u2026 Bordeaux, qui a battu son record de temp\u00e9rature, \u00e9cras\u00e9e par la chaleur;elm:context_link;itc:0;sec:content-canvas\" class=\"link \">Canicule : \u00ab En ville, on subit beaucoup plus \u00bb\u2026 Bordeaux, qui a battu son record de temp\u00e9rature, \u00e9cras\u00e9e par la chaleur<\/a><br \/><a href=\"https:\/\/www.20minutes.fr\/societe\/4167615-20250812-canicule-trois-quarts-hexagone-moins-vigilance-orange?at_medium=RSS%20feed&amp;at_campaign=ynews&amp;utm_source=yahoo&amp;utm_medium=rss&amp;utm_campaign=news_feed&amp;utm_content=related_content_link\" rel=\"nofollow noopener\" target=\"_blank\" data-ylk=\"slk:Canicule : Les trois-quarts de l\u2019Hexagone au moins en vigilance orange;elm:context_link;itc:0;sec:content-canvas\" class=\"link \">Canicule : Les trois-quarts de l\u2019Hexagone au moins en vigilance orange<\/a><\/p>\n","protected":false},"excerpt":{"rendered":"pr\u00e9vention &#8211; L\u2019unit\u00e9 de lutte contre l\u2019isolement de la mairie de Bordeaux est mobilis\u00e9e depuis lundi et le&hellip;\n","protected":false},"author":2,"featured_media":315229,"comment_status":"","ping_status":"","sticky":false,"template":"","format":"standard","meta":{"footnotes":""},"categories":[2817],"tags":[1111,11,1997,1777,674,1011,27,12,2219,2571,45419,25,2224],"class_list":{"0":"post-315228","1":"post","2":"type-post","3":"status-publish","4":"format-standard","5":"has-post-thumbnail","7":"category-bordeaux","8":"tag-actu","9":"tag-actualites","10":"tag-bordeaux","11":"tag-eu","12":"tag-europe","13":"tag-fr","14":"tag-france","15":"tag-news","16":"tag-nouvelle-aquitaine","17":"tag-personnes-agees","18":"tag-record-de-temperature","19":"tag-republique-francaise","20":"tag-sud-ouest"},"share_on_mastodon":{"url":"https:\/\/pubeurope.com\/@fr\/115018987313063407","error":""},"_links":{"self":[{"href":"https:\/\/www.europesays.com\/fr\/wp-json\/wp\/v2\/posts\/315228","targetHints":{"allow":["GET"]}}],"collection":[{"href":"https:\/\/www.europesays.com\/fr\/wp-json\/wp\/v2\/posts"}],"about":[{"href":"https:\/\/www.europesays.com\/fr\/wp-json\/wp\/v2\/types\/post"}],"author":[{"embeddable":true,"href":"https:\/\/www.europesays.com\/fr\/wp-json\/wp\/v2\/users\/2"}],"replies":[{"embeddable":true,"href":"https:\/\/www.europesays.com\/fr\/wp-json\/wp\/v2\/comments?post=315228"}],"version-history":[{"count":0,"href":"https:\/\/www.europesays.com\/fr\/wp-json\/wp\/v2\/posts\/315228\/revisions"}],"wp:featuredmedia":[{"embeddable":true,"href":"https:\/\/www.europesays.com\/fr\/wp-json\/wp\/v2\/media\/315229"}],"wp:attachment":[{"href":"https:\/\/www.europesays.com\/fr\/wp-json\/wp\/v2\/media?parent=315228"}],"wp:term":[{"taxonomy":"category","embeddable":true,"href":"https:\/\/www.europesays.com\/fr\/wp-json\/wp\/v2\/categories?post=315228"},{"taxonomy":"post_tag","embeddable":true,"href":"https:\/\/www.europesays.com\/fr\/wp-json\/wp\/v2\/tags?post=315228"}],"curies":[{"name":"wp","href":"https:\/\/api.w.org\/{rel}","templated":true}]}}