{"id":315236,"date":"2025-08-13T02:04:11","date_gmt":"2025-08-13T02:04:11","guid":{"rendered":"https:\/\/www.europesays.com\/fr\/315236\/"},"modified":"2025-08-13T02:04:11","modified_gmt":"2025-08-13T02:04:11","slug":"le-prefet-ferme-un-salon-de-tatouage-et-piercing-a-marseille","status":"publish","type":"post","link":"https:\/\/www.europesays.com\/fr\/315236\/","title":{"rendered":"le pr\u00e9fet ferme un salon de tatouage et piercing \u00e0 Marseille"},"content":{"rendered":"\n<p>Le pr\u00e9fet des Bouches-du-Rh\u00f4ne a pris un arr\u00eat\u00e9 suspendant un salon de tatouage et piercing marseillais, qui cumule une s\u00e9rie de non-respects des pratiques sanitaires. La professionnelle est interdite d\u2019exercer pendant un mois, d\u00e9lai pour prendre toutes mesures utiles afin de rem\u00e9dier aux manquements.<\/p>\n<p>Cette sanction administrative fait suite \u00e0 une inspection de l\u2019Agence r\u00e9gionale de Sant\u00e9 PACA au sein du salon C INK Pier\u00e7ing, situ\u00e9 145 rue de Rome\u00a0(6e). La professionnelle n\u2019a d\u2019abord pas d\u00e9clar\u00e9 son activit\u00e9 \u00e0 l\u2019ARS conform\u00e9ment au Code de la sant\u00e9 publique. La praticienne de 54 ans, qui revendique 25 ans d\u2019exp\u00e9rience, exerce dans cette boutique depuis avril 2019, ne respecte pas les bonnes pratiques de pr\u00e9paration cutan\u00e9o-muqueuse avant tout per\u00e7age corporel. Plus grave, \u00ab\u00a0elle ne respecte pas les bonnes pratiques de st\u00e9rilisation avant la r\u00e9utilisation du mat\u00e9riel de per\u00e7age\u00a0\u00bb.<\/p>\n<p>L\u2019organisation des locaux n\u2019est pas conforme. Il n\u2019y a pas de zones distinctes s\u00e9parant le nettoyage du mat\u00e9riel et sa d\u00e9sinfection. Les pr\u00e9requis \u00e0 l\u2019hygi\u00e8ne des mains ne sont pas respect\u00e9s, ni l\u2019usage de compresses st\u00e9riles pour d\u00e9sinfecter la peau ou la muqueuse avant le per\u00e7age corporel. La praticienne n\u2019utilise pas du mat\u00e9riel st\u00e9rile pour fixer le bijou. Elle ne respecte pas les r\u00e8gles sur le stockage et l\u2019\u00e9limination des d\u00e9chets d\u2019activit\u00e9 de soin \u00e0 risque infectieux. Les inspecteurs ont trouv\u00e9 de l\u2019acide hyaluronique r\u00e9serv\u00e9 au monopole des pharmaciens et des flacons de produits injectables non identifi\u00e9s.<\/p>\n<p>Le site internet du salon revendique vante des \u00ab\u00a0prestations de qualit\u00e9\u00a0\u00bb\u00a0: \u00ab\u00a0Nous respectons scrupuleusement les normes et mesures d\u2019hygi\u00e8ne pour que l\u2019environnement de notre intervention soit irr\u00e9prochable.\u00a0\u00bb<\/p>\n","protected":false},"excerpt":{"rendered":"Le pr\u00e9fet des Bouches-du-Rh\u00f4ne a pris un arr\u00eat\u00e9 suspendant un salon de tatouage et piercing marseillais, qui cumule&hellip;\n","protected":false},"author":2,"featured_media":315237,"comment_status":"","ping_status":"","sticky":false,"template":"","format":"standard","meta":{"footnotes":""},"categories":[2814],"tags":[1111,11,1777,674,1011,27,884,12,45420,882,25],"class_list":{"0":"post-315236","1":"post","2":"type-post","3":"status-publish","4":"format-standard","5":"has-post-thumbnail","7":"category-marseille","8":"tag-actu","9":"tag-actualites","10":"tag-eu","11":"tag-europe","12":"tag-fr","13":"tag-france","14":"tag-marseille","15":"tag-news","16":"tag-normes","17":"tag-provence-alpes-cote-dazur","18":"tag-republique-francaise"},"share_on_mastodon":{"url":"https:\/\/pubeurope.com\/@fr\/115019006897431044","error":""},"_links":{"self":[{"href":"https:\/\/www.europesays.com\/fr\/wp-json\/wp\/v2\/posts\/315236","targetHints":{"allow":["GET"]}}],"collection":[{"href":"https:\/\/www.europesays.com\/fr\/wp-json\/wp\/v2\/posts"}],"about":[{"href":"https:\/\/www.europesays.com\/fr\/wp-json\/wp\/v2\/types\/post"}],"author":[{"embeddable":true,"href":"https:\/\/www.europesays.com\/fr\/wp-json\/wp\/v2\/users\/2"}],"replies":[{"embeddable":true,"href":"https:\/\/www.europesays.com\/fr\/wp-json\/wp\/v2\/comments?post=315236"}],"version-history":[{"count":0,"href":"https:\/\/www.europesays.com\/fr\/wp-json\/wp\/v2\/posts\/315236\/revisions"}],"wp:featuredmedia":[{"embeddable":true,"href":"https:\/\/www.europesays.com\/fr\/wp-json\/wp\/v2\/media\/315237"}],"wp:attachment":[{"href":"https:\/\/www.europesays.com\/fr\/wp-json\/wp\/v2\/media?parent=315236"}],"wp:term":[{"taxonomy":"category","embeddable":true,"href":"https:\/\/www.europesays.com\/fr\/wp-json\/wp\/v2\/categories?post=315236"},{"taxonomy":"post_tag","embeddable":true,"href":"https:\/\/www.europesays.com\/fr\/wp-json\/wp\/v2\/tags?post=315236"}],"curies":[{"name":"wp","href":"https:\/\/api.w.org\/{rel}","templated":true}]}}