{"id":315238,"date":"2025-08-13T02:05:10","date_gmt":"2025-08-13T02:05:10","guid":{"rendered":"https:\/\/www.europesays.com\/fr\/315238\/"},"modified":"2025-08-13T02:05:10","modified_gmt":"2025-08-13T02:05:10","slug":"marseille-requalification-globale-du-point-sublime-couloir-samson","status":"publish","type":"post","link":"https:\/\/www.europesays.com\/fr\/315238\/","title":{"rendered":"MARSEILLE : Requalification globale du Point Sublime-Couloir Samson"},"content":{"rendered":"<p><strong>Voir le Verdon en grand.<\/strong><\/p>\n<p>David GALTIER, Conseiller r\u00e9gional, repr\u00e9sentant Renaud MUSELIER, Pr\u00e9sident de la R\u00e9gion Provence-Alpes-C\u00f4te d\u2019Azur, a remis les troph\u00e9es aux laur\u00e9ats de la 3\u00e8me \u00e9dition du Concours \u00ab Les Etoiles de l\u2019Europe en R\u00e9gion Sud \u00bb qui valorisent les initiatives exemplaires financ\u00e9es par les fonds europ\u00e9ens.<\/p>\n<p>Ces troph\u00e9es distinguent des acteurs engag\u00e9s, chercheurs, entrepreneurs, collectivit\u00e9s ou associations, qui, par leurs initiatives, font le pari de l\u2019Europe et en deviennent les ambassadeurs du quotidien sur l\u2019ensemble du territoire r\u00e9gional. La R\u00e9gion Provence-Alpes-C\u00f4te d\u2019Azur illustre un savoir-faire exemplaire et se place dans le top 10 des R\u00e9gions europ\u00e9ennes pour la consommation des fonds europ\u00e9ens. Pour la p\u00e9riode 2021-2027, l\u2019objectif est d\u2019atteindre\u00a0<strong>10 milliards d\u2019\u20ac<\/strong>\u00a0de captation.<\/p>\n<p>L\u2019acc\u00e8s \u00e0 un site naturel \u00ab sublime \u00bb et prot\u00e9g\u00e9 au c\u0153ur du Verdon, facilit\u00e9 et s\u00e9curis\u00e9 pour des milliers de visiteurs.<\/p>\n<p><strong>Le + du projet<\/strong><\/p>\n<p>Un bel exemple d\u2019am\u00e9nagement int\u00e9gr\u00e9 valorisant aupr\u00e8s des visiteurs les ressources paysag\u00e8res et naturelles d\u2019un site naturel exceptionnel, conciliant d\u00e9veloppement touristique et protection de l\u2019environnement.<\/p>\n<p>Site majeur des gorges du Verdon, le site du Point Sublime\/Couloir Samson conna\u00eet en saison touristique une fr\u00e9quentation particuli\u00e8rement importante. Celle-ci m\u00eale visiteurs en voiture venus d\u00e9couvrir les belv\u00e9d\u00e8res des Gorges du Verdon, de tr\u00e8s nombreux randonneurs mais aussi sur la partie basse du site (Couloir Samson), des pratiquants d\u2019activit\u00e9s de pleine nature. Le projet d\u2019am\u00e9nagement est embl\u00e9matique de l\u2019op\u00e9ration Grand Site dont il est le projet phare. Il illustre \u00e9galement un enjeu du programme Espace vall\u00e9en \u00ab Voir le Verdon en Grand \u00bb. La requalification globale du Point Sublime-Couloir Samson s\u2019est d\u00e9roul\u00e9e en plusieurs phases : en phase 1, le concours sur esquisse et la ma\u00eetrise d\u2019\u0153uvre et en phase 2, la r\u00e9alisation, d\u2019une part, des travaux pour l\u2019am\u00e9nagement du site et l\u2019int\u00e9gration paysag\u00e8re de l\u2019Auberge du Point Sublime, d\u2019autre part, des supports d\u2019interpr\u00e9tation et de valorisation.<\/p>\n<p><strong>R\u00e9alisations concr\u00e8tes<\/strong><\/p>\n<p>Ce projet participe pleinement :<br \/>\u2192 \u00e0 la protection du paysage et de l\u2019environnement des Gorges du Verdon ;<br \/>\u2192 \u00e0 la valorisation de ce patrimoine exceptionnel pour une meilleure d\u00e9couverte et compr\u00e9hension par le grand public, notamment gr\u00e2ce \u00e0 divers outils d\u2019information et de sensibilisation sur le site.<\/p>\n<p>L\u2019accueil est fortement am\u00e9lior\u00e9 sur le belv\u00e9d\u00e8re principal : les \u00e9quipements sont adapt\u00e9s aux enjeux naturalistes, en canalisant notamment les visiteurs sur des cheminements adapt\u00e9s.<\/p>\n<p>Une Maison de site a \u00e9t\u00e9 construite pour l\u2019accueil des visiteurs et parfaitement int\u00e9gr\u00e9e dans son environnement.<\/p>\n<p><strong>Fiche d\u2019identit\u00e9 du projet<\/strong><\/p>\n<p>Programme : FEDER-POIA<br \/>B\u00e9n\u00e9ficiaire : Syndicat Mixte du Parc Naturel R\u00e9gional du Verdon<br \/>Lieu : Point Sublime 04120 Rougon<br \/>Co\u00fbt total :\u00a0<strong>1 105 180 \u20ac<\/strong><br \/>Montant du financement europ\u00e9en :\u00a0<strong>439 706 \u20ac<\/strong><br \/>Cofinancement : R\u00e9gion Sud \u2013 \u00c9tat \u2013 Conseil d\u00e9partemental 04<br \/>Autofinancement :\u00a0<strong>120 341 \u20ac<\/strong><br \/>Contact :<br \/>Jean-Philipe GALLET, Codirecteur<br \/><a href=\"https:\/\/presseagence.fr\/marseille-requalification-globale-du-point-sublime-couloir-samson\/mailto:jpgallet@parcduverdon.fr\" target=\"_blank\" rel=\"noopener nofollow\">jpgallet@parcduverdon.fr<\/a>\u00a0\u2013 06 82 44 53 03<br \/>En savoir plus sur le projet :<br \/><a href=\"https:\/\/www.parcduverdon.fr\/fr\/actualites\/saison-2023-au-point-sublime-et-couloir-sam%20son-rougon\" target=\"_blank\" rel=\"noopener nofollow\" data-saferedirecturl=\"https:\/\/www.google.com\/url?q=https:\/\/www.parcduverdon.fr\/fr\/actualites\/saison-2023-au-point-sublime-et-couloir-sam%2520son-rougon&amp;source=gmail&amp;ust=1754917716699000&amp;usg=AOvVaw2EZ118fyxtfWhXjFkepyLx\">Visionnez le projet en images<\/a><\/p>\n<p><strong>Source :<\/strong>\u00a0Les Etoiles de l\u2019Europe en R\u00e9gion Sud.<\/p>\n","protected":false},"excerpt":{"rendered":"Voir le Verdon en grand. David GALTIER, Conseiller r\u00e9gional, repr\u00e9sentant Renaud MUSELIER, Pr\u00e9sident de la R\u00e9gion Provence-Alpes-C\u00f4te d\u2019Azur,&hellip;\n","protected":false},"author":2,"featured_media":310607,"comment_status":"","ping_status":"","sticky":false,"template":"","format":"standard","meta":{"footnotes":""},"categories":[2814],"tags":[1111,11,1777,674,1011,27,884,12,882,25],"class_list":{"0":"post-315238","1":"post","2":"type-post","3":"status-publish","4":"format-standard","5":"has-post-thumbnail","7":"category-marseille","8":"tag-actu","9":"tag-actualites","10":"tag-eu","11":"tag-europe","12":"tag-fr","13":"tag-france","14":"tag-marseille","15":"tag-news","16":"tag-provence-alpes-cote-dazur","17":"tag-republique-francaise"},"share_on_mastodon":{"url":"https:\/\/pubeurope.com\/@fr\/115019010795362798","error":""},"_links":{"self":[{"href":"https:\/\/www.europesays.com\/fr\/wp-json\/wp\/v2\/posts\/315238","targetHints":{"allow":["GET"]}}],"collection":[{"href":"https:\/\/www.europesays.com\/fr\/wp-json\/wp\/v2\/posts"}],"about":[{"href":"https:\/\/www.europesays.com\/fr\/wp-json\/wp\/v2\/types\/post"}],"author":[{"embeddable":true,"href":"https:\/\/www.europesays.com\/fr\/wp-json\/wp\/v2\/users\/2"}],"replies":[{"embeddable":true,"href":"https:\/\/www.europesays.com\/fr\/wp-json\/wp\/v2\/comments?post=315238"}],"version-history":[{"count":0,"href":"https:\/\/www.europesays.com\/fr\/wp-json\/wp\/v2\/posts\/315238\/revisions"}],"wp:featuredmedia":[{"embeddable":true,"href":"https:\/\/www.europesays.com\/fr\/wp-json\/wp\/v2\/media\/310607"}],"wp:attachment":[{"href":"https:\/\/www.europesays.com\/fr\/wp-json\/wp\/v2\/media?parent=315238"}],"wp:term":[{"taxonomy":"category","embeddable":true,"href":"https:\/\/www.europesays.com\/fr\/wp-json\/wp\/v2\/categories?post=315238"},{"taxonomy":"post_tag","embeddable":true,"href":"https:\/\/www.europesays.com\/fr\/wp-json\/wp\/v2\/tags?post=315238"}],"curies":[{"name":"wp","href":"https:\/\/api.w.org\/{rel}","templated":true}]}}