{"id":315240,"date":"2025-08-13T02:07:14","date_gmt":"2025-08-13T02:07:14","guid":{"rendered":"https:\/\/www.europesays.com\/fr\/315240\/"},"modified":"2025-08-13T02:07:14","modified_gmt":"2025-08-13T02:07:14","slug":"a-lyon-un-triple-scrutin-qui-suscite-des-interrogations","status":"publish","type":"post","link":"https:\/\/www.europesays.com\/fr\/315240\/","title":{"rendered":"\u00e0 Lyon, un triple scrutin qui suscite des interrogations"},"content":{"rendered":"<p><strong>D\u00c9CRYPTAGE <\/strong>&#8211; En plus de voter pour leur mairie d\u2019arrondissement et le conseil municipal central, comme le pr\u00e9voit la nouvelle loi PLM valid\u00e9e par le Conseil constitutionnel, les Lyonnais devront d\u00e9signer le conseil de la m\u00e9tropole.<\/p>\n<p class=\"fig-paragraph\">Que va-t-il se passer en 2026 dans la capitale des Gaules\u00a0? Le 7\u00a0ao\u00fbt,\u00a0<a href=\"http:\/\/www.lefigaro.fr\/politique\/municipales-le-nouveau-mode-de-scrutin-a-paris-lyon-et-marseille-examine-par-le-conseil-constitutionnel-20250807\" data-fig-type=\"Article\" data-gtm-custom-categorie=\"navigation\" data-gtm-custom-action=\"crossclick\" data-gtm-custom-label=\"Contextuel\" data-gtm-event=\"customEventSPE\" data-fig-domain=\"LEFIGARO\" rel=\"nofollow noopener\" target=\"_blank\">les Sages ont ent\u00e9rin\u00e9 l\u2019adoption de la r\u00e9forme du mode de scrutin<\/a>\u00a0aux \u00e9lections municipales de Paris, Lyon et Marseille. Dor\u00e9navant, les \u00e9lecteurs des trois villes voteront deux fois\u00a0: une pour \u00e9lire leurs conseillers municipaux de secteur, l\u2019autre pour leurs conseillers municipaux de commune. Lyon pr\u00e9sentera n\u00e9anmoins la sp\u00e9cificit\u00e9 d\u2019organiser un troisi\u00e8me scrutin\u00a0: celui des repr\u00e9sentants de sa m\u00e9tropole, une collectivit\u00e9 de 58 communes g\u00e9r\u00e9e conjointement.<\/p>\n<p class=\"fig-paragraph\">Elle est divis\u00e9e en circonscriptions, o\u00f9 des listes de conseillers sont \u00e9lues \u00e0 l\u2019issue de deux tours. La liste qui arrive en t\u00eate du scrutin obtient la moiti\u00e9 des si\u00e8ges \u00e0 pourvoir. Une fois nomm\u00e9s, les 150 conseillers \u00e9lisent le pr\u00e9sident de la m\u00e9tropole. Si les \u00e9lections m\u00e9tropolitaines ne sont pas directement affect\u00e9es par les modifications apport\u00e9es \u00e0 la\u00a0<a href=\"http:\/\/www.lefigaro.fr\/lyon\/reforme-de-la-loi-plm-a-lyon-le-defi-d-organiser-trois-votes-le-meme-jour-20250710\" data-fig-type=\"NewsFlash\" data-gtm-custom-categorie=\"navigation\" data-gtm-custom-action=\"crossclick\" data-gtm-custom-label=\"Contextuel\" data-gtm-event=\"customEventSPE\" data-fig-domain=\"LEFIGARO\" rel=\"nofollow noopener\" target=\"_blank\">loi PLM<\/a>, des voix s\u2019\u00e9l\u00e8vent contre ces derni\u00e8res.<\/p>\n<p class=\"fig-body-link\">\n            \u00c0 lire aussi<br \/>\n        <a class=\"fig-body-link__link fig-premium-mark\" href=\"http:\/\/www.lefigaro.fr\/politique\/loi-plm-qui-aurait-ete-elu-maire-a-paris-lyon-et-marseille-en-2020-avec-le-nouveau-mode-de-scrutin-20250710\" target=\"_blank\" data-fig-type=\"Article\" rel=\"noopener nofollow\" data-gtm-custom-categorie=\"navigation\" data-gtm-custom-action=\"crossclick\" data-gtm-custom-label=\"Contextuel\" data-gtm-event=\"customEventSPE\" data-fig-domain=\"LEFIGARO\">Loi PLM\u00a0: qui aurait \u00e9t\u00e9 \u00e9lu maire \u00e0 Paris, Lyon et Marseille en 2020 avec le nouveau mode de scrutin\u00a0?<br \/>\n    <\/a>\n<\/p>\n<p>Une menace pour les maires d\u2019arrondissement<\/p>\n<p class=\"fig-paragraph\">Parmi les opposants, le maire \u00e9cologiste\u2026<\/p>\n<p class=\"fig-premium-paywall__infos\">\n        Cet article est r\u00e9serv\u00e9 aux abonn\u00e9s.        Il vous reste 75% \u00e0 d\u00e9couvrir.\n    <\/p>\n<p>                <img  data- alt=\"Le Figaro\" class=\"fig-img--complete fig-img\"\/><\/p>\n<p class=\"fig-premium-paywall__title\">Vous avez envie de lire la suite ?<\/p>\n<p class=\"fig-premium-paywall__subtitle\">D\u00e9bloquez tous les articles imm\u00e9diatement.<\/p>\n<p class=\"fig-premium-paywall__connect\">\n                D\u00e9j\u00e0 abonn\u00e9\u00a0?                <a class=\"fig-premium-paywall__connect-link\" href=\"https:\/\/connect.lefigaro.fr\/login?client=horizon_web&amp;type=main&amp;redirect_uri=https%3A%2F%2Fwww.lefigaro.fr%2Fpolitique%2Fmunicipales-2026-a-lyon-un-triple-scrutin-qui-suscite-des-interrogations-20250812\" data-js-gtm=\"{&quot;customCategorie&quot;: &quot;conversion&quot;, &quot;customAction&quot;: &quot;before_Landing_Connexion_paywall_auto&quot;, &quot;customLabel&quot;: &quot;bGVmaWdhcm8uZnJfXzFmMDc2YjRiLWU3OTYtNmU4Mi1hNWNjLTY3NGE4ZTc1N2JmMV9fQXJ0aWNsZQ==_Municipales 2026\u00a0: \u00e0 Lyon, un triple scrutin qui suscite des interrogations_38&quot;, &quot;customIDSPE&quot;: &quot;bGVmaWdhcm8uZnJfXzFmMDc2YjRiLWU3OTYtNmU4Mi1hNWNjLTY3NGE4ZTc1N2JmMV9fQXJ0aWNsZQ==&quot;, &quot;event&quot;: &quot;customEventSPE&quot;}\" rel=\"nofollow noopener\" target=\"_blank\"><br \/>\n                    Connectez-vous<br \/>\n                <\/a>\n            <\/p>\n","protected":false},"excerpt":{"rendered":"D\u00c9CRYPTAGE &#8211; En plus de voter pour leur mairie d\u2019arrondissement et le conseil municipal central, comme le pr\u00e9voit&hellip;\n","protected":false},"author":2,"featured_media":315241,"comment_status":"","ping_status":"","sticky":false,"template":"","format":"standard","meta":{"footnotes":""},"categories":[1889],"tags":[1111,11,2430,4188,1777,674,1011,27,5227,2428,12,25],"class_list":{"0":"post-315240","1":"post","2":"type-post","3":"status-publish","4":"format-standard","5":"has-post-thumbnail","7":"category-lyon","8":"tag-actu","9":"tag-actualites","10":"tag-auvergne-rhone-alpes","11":"tag-elections-municipales","12":"tag-eu","13":"tag-europe","14":"tag-fr","15":"tag-france","16":"tag-jean-michel-aulas","17":"tag-lyon","18":"tag-news","19":"tag-republique-francaise"},"share_on_mastodon":{"url":"https:\/\/pubeurope.com\/@fr\/115019018570322632","error":""},"_links":{"self":[{"href":"https:\/\/www.europesays.com\/fr\/wp-json\/wp\/v2\/posts\/315240","targetHints":{"allow":["GET"]}}],"collection":[{"href":"https:\/\/www.europesays.com\/fr\/wp-json\/wp\/v2\/posts"}],"about":[{"href":"https:\/\/www.europesays.com\/fr\/wp-json\/wp\/v2\/types\/post"}],"author":[{"embeddable":true,"href":"https:\/\/www.europesays.com\/fr\/wp-json\/wp\/v2\/users\/2"}],"replies":[{"embeddable":true,"href":"https:\/\/www.europesays.com\/fr\/wp-json\/wp\/v2\/comments?post=315240"}],"version-history":[{"count":0,"href":"https:\/\/www.europesays.com\/fr\/wp-json\/wp\/v2\/posts\/315240\/revisions"}],"wp:featuredmedia":[{"embeddable":true,"href":"https:\/\/www.europesays.com\/fr\/wp-json\/wp\/v2\/media\/315241"}],"wp:attachment":[{"href":"https:\/\/www.europesays.com\/fr\/wp-json\/wp\/v2\/media?parent=315240"}],"wp:term":[{"taxonomy":"category","embeddable":true,"href":"https:\/\/www.europesays.com\/fr\/wp-json\/wp\/v2\/categories?post=315240"},{"taxonomy":"post_tag","embeddable":true,"href":"https:\/\/www.europesays.com\/fr\/wp-json\/wp\/v2\/tags?post=315240"}],"curies":[{"name":"wp","href":"https:\/\/api.w.org\/{rel}","templated":true}]}}