{"id":315244,"date":"2025-08-13T02:10:28","date_gmt":"2025-08-13T02:10:28","guid":{"rendered":"https:\/\/www.europesays.com\/fr\/315244\/"},"modified":"2025-08-13T02:10:28","modified_gmt":"2025-08-13T02:10:28","slug":"camembert-coulommiers-brie-plusieurs-fromages-de-la-laiterie-familiale-creusoise-chavegrand-renvoyes-pour-suspicion-de-listeria","status":"publish","type":"post","link":"https:\/\/www.europesays.com\/fr\/315244\/","title":{"rendered":"Camembert, coulommiers, brie&#8230; Plusieurs fromages de la laiterie familiale creusoise Chavegrand renvoy\u00e9s pour suspicion de list\u00e9ria"},"content":{"rendered":"<p class=\"article__intro\">Plus de 40 lots de fromages ont \u00e9t\u00e9 rappel\u00e9s pour suspicion de contamination par la listeria monocytogenes, indique le site Rappel Conso, ce mardi 12 ao\u00fbt. Ces produits sont vendus dans la plupart des grands distributeurs, comme Leclerc, Auchan ou Carrefour. Certains proviennent de la fromagerie familiale Creusoise, Chavegrand.<\/p>\n<p>\n      La Quotidienne Soci\u00e9t\u00e9\n    <\/p>\n<p>\n      De la vie quotidienne aux grands enjeux, recevez tous les jours les sujets qui font la soci\u00e9t\u00e9 locale, comme la justice, l\u2019\u00e9ducation, la sant\u00e9 et la famille.\n    <\/p>\n<p>    France T\u00e9l\u00e9visions utilise votre adresse e-mail afin de vous envoyer la newsletter \u00ab\u00a0La Quotidienne Soci\u00e9t\u00e9\u00a0\u00bb. Vous pouvez vous d\u00e9sinscrire \u00e0 tout moment via le lien en bas de cette newsletter. <a target=\"_blank\" href=\"https:\/\/www.francetelevisions.fr\/groupe\/confidentialite\/politique-de-confidentialite\/politique-de-confidentialite-de-france-televisions-6503\" rel=\"nofollow noopener\">Notre politique de confidentialit\u00e9<\/a><\/p>\n<p>Des nouveaux cas de list\u00e9ria dans l&rsquo;agroalimentaire. Plusieurs marques de fromages vendus dans les grandes surfaces en France ont \u00e9t\u00e9 rappel\u00e9es et retir\u00e9es de la commercialisation pour des suspicions de contamination par la bact\u00e9rie, listeria monocytogenes. Certains des fromages proviennent de la laiterie familiale creusoise Chavegrand.<\/p>\n<p>Il est demand\u00e9 aux consommateurs qui auraient achet\u00e9 ces produits de les d\u00e9truire et de se rapprocher de leurs magasins pour obtenir un remboursement.\u00a0<\/p>\n<p>La liste compl\u00e8te des produits concern\u00e9s est disponible sur le site de <a target=\"_blank\" rel=\"noopener nofollow\" href=\"https:\/\/rappel.conso.gouv.fr\/\">Rappel conso<\/a> du gouvernement. Parmi les marques, on retrouve par exemple :\u00a0<\/p>\n<ul>\n<li>Le Grignoteur (carr\u00e9 250 g), date limite de consommation (DLC) : 30 ao\u00fbt<\/li>\n<li>Le Petit Grignoteur (fromage 200g), DLC : 15 ao\u00fbt<\/li>\n<li>Vieux Porche (camembert 8 portions, 240 g), DLC : 9 ao\u00fbt\u00a0<\/li>\n<li><a rel=\"noopener noreferrer nofollow\" href=\"https:\/\/rappel.conso.gouv.fr\/affichettePDF\/19379\/Interne\" target=\"_blank\">Fromage l&rsquo;Angevine<\/a> (fromage 230g), DLC : 11 ao\u00fbt<\/li>\n<li>La Belle du Bocage (buche de ch\u00e8vre 1000g), DLC : 12 ao\u00fbt<\/li>\n<li><a rel=\"noopener noreferrer nofollow\" href=\"https:\/\/rappel.conso.gouv.fr\/affichettePDF\/19374\/Interne\" target=\"_blank\">Mariotte<\/a> (Brie, 1000g, distributeur Leclerc), DLC : 1er septembre<\/li>\n<\/ul>\n<p>Les personnes qui auraient consomm\u00e9 ces produits peuvent pr\u00e9senter de \u00ab\u00a0la fi\u00e8vre, isol\u00e9e ou accompagn\u00e9e de maux de t\u00eate\u00a0\u00bb et \u00ab\u00a0sont invit\u00e9es \u00e0 consulter leur m\u00e9decin traitant en lui signalant cette consommation\u00a0\u00bb, pr\u00e9cise le site du gouvernement.\u00a0<\/p>\n<p>\u00ab\u00a0Les femmes enceintes doivent \u00eatre particuli\u00e8rement attentives \u00e0 ces sympt\u00f4mes, ainsi que les personnes immunod\u00e9prim\u00e9es et les personnes \u00e2g\u00e9es. Ces sympt\u00f4mes peuvent \u00e9voquer une list\u00e9riose, maladie qui peut \u00eatre grave et dont le d\u00e9lai d\u2019incubation peut aller jusqu\u2019\u00e0 huit semaines.\u00a0\u00bb\u00a0<\/p>\n<p>Contact\u00e9 par t\u00e9l\u00e9phone, le standard de l&rsquo;entreprise Chavegrand nous indique que l&rsquo;\u00e9tablissement ne r\u00e9pondra \u00e0 aucune question et nous renvoie vert le num\u00e9ro vert pour les consommateurs : le 0 800 00 91 80. Nous n&rsquo;avons pu avoir aucun interlocuteur \u00e0 ce num\u00e9ro.<\/p>\n<p>L&rsquo;entreprise familiale Chavegrand cr\u00e9\u00e9e en 1952 s&rsquo;est impos\u00e9e dans le march\u00e9 concurrentiel de la fromagerie et travaille avec une centaine de producteurs bas\u00e9s dans cinq d\u00e9partements (la Creuse, l&rsquo;Indre, la Haute-Vienne et l&rsquo;Allier).\u00a0<\/p>\n<p>Elle commercialise des fromages au lait de vache et au lait de ch\u00e8vres. Depuis 2019, elle fournit la grande distribution avec des camemberts certifi\u00e9s sans organisme g\u00e9n\u00e9tiquement modifi\u00e9 (OGM).\u00a0<\/p>\n<p>Les produits de l&rsquo;entreprise avaient d\u00e9j\u00e0 fait l&rsquo;objet d&rsquo;un rappel de produit au printemps pour des cas des suspicion de contamination \u00e0 la listeria. Les fromages de la <a target=\"_blank\" rel=\"noopener nofollow\" href=\"https:\/\/rappel.conso.gouv.fr\/affichettePDF\/18504\/Interne\">Double Cr\u00e8me Simply vendu par Carrefour du 03\/05\/2025 au 12\/06\/2025 et rappel\u00e9 le 13 juin 2025.\u00a0<\/a><\/p>\n<\/p>\n<p>ONG alimentaire Foodwatch, a r\u00e9agi, ce mardi, sur son site \u00e0 ce nouveau cas de contamination :\u00a0\u00bbLe probl\u00e8me pour les consommateurs est que, comme d\u2019habitude, ces rappels surviennent trop tard quand le mal est fait\u00a0\u00bb, et souligne que l&rsquo;entreprise \u00ab\u00a0aurait donc d\u00fb prendre les mesures d\u2019hygi\u00e8ne qui s\u2019imposent et s\u2019assurer qu\u2019elle ne commercialisait pas de produits qui exposent les consommateurs \u00e0 un danger pour leur sant\u00e9. On peut s\u2019interroger aussi sur le r\u00f4le de nos autorit\u00e9s de contr\u00f4le. Qu\u2019ont-elles fait entre juin et ao\u00fbt ? Se sont-elles assur\u00e9es de la mise en conformit\u00e9 par l\u2019entreprise ?\u00a0\u00bb\u00a0<\/p>\n<p>L&rsquo;ONG regrette que \u00ab\u00a0les fromages de cette entreprise qui fournit quasi l\u2019int\u00e9gralit\u00e9 de la grande distribution en France auraient d\u00fb \u00eatre tenus particuli\u00e8rement \u00e0 l\u2019\u0153il. Force est de constater que \u00e7a n\u2019a pas \u00e9t\u00e9 le cas.\u00a0\u00bb<\/p>\n","protected":false},"excerpt":{"rendered":"Plus de 40 lots de fromages ont \u00e9t\u00e9 rappel\u00e9s pour suspicion de contamination par la listeria monocytogenes, indique&hellip;\n","protected":false},"author":2,"featured_media":315245,"comment_status":"","ping_status":"","sticky":false,"template":"","format":"standard","meta":{"footnotes":""},"categories":[1888],"tags":[1111,1928,11,1927,1777,674,1011,27,12,1926,626,1925,25],"class_list":{"0":"post-315244","1":"post","2":"type-post","3":"status-publish","4":"format-standard","5":"has-post-thumbnail","7":"category-paris","8":"tag-actu","9":"tag-actu-paris","10":"tag-actualites","11":"tag-actualites-paris","12":"tag-eu","13":"tag-europe","14":"tag-fr","15":"tag-france","16":"tag-news","17":"tag-news-paris","18":"tag-paris","19":"tag-paris-news","20":"tag-republique-francaise"},"share_on_mastodon":{"url":"https:\/\/pubeurope.com\/@fr\/115019030436955080","error":""},"_links":{"self":[{"href":"https:\/\/www.europesays.com\/fr\/wp-json\/wp\/v2\/posts\/315244","targetHints":{"allow":["GET"]}}],"collection":[{"href":"https:\/\/www.europesays.com\/fr\/wp-json\/wp\/v2\/posts"}],"about":[{"href":"https:\/\/www.europesays.com\/fr\/wp-json\/wp\/v2\/types\/post"}],"author":[{"embeddable":true,"href":"https:\/\/www.europesays.com\/fr\/wp-json\/wp\/v2\/users\/2"}],"replies":[{"embeddable":true,"href":"https:\/\/www.europesays.com\/fr\/wp-json\/wp\/v2\/comments?post=315244"}],"version-history":[{"count":0,"href":"https:\/\/www.europesays.com\/fr\/wp-json\/wp\/v2\/posts\/315244\/revisions"}],"wp:featuredmedia":[{"embeddable":true,"href":"https:\/\/www.europesays.com\/fr\/wp-json\/wp\/v2\/media\/315245"}],"wp:attachment":[{"href":"https:\/\/www.europesays.com\/fr\/wp-json\/wp\/v2\/media?parent=315244"}],"wp:term":[{"taxonomy":"category","embeddable":true,"href":"https:\/\/www.europesays.com\/fr\/wp-json\/wp\/v2\/categories?post=315244"},{"taxonomy":"post_tag","embeddable":true,"href":"https:\/\/www.europesays.com\/fr\/wp-json\/wp\/v2\/tags?post=315244"}],"curies":[{"name":"wp","href":"https:\/\/api.w.org\/{rel}","templated":true}]}}