{"id":315246,"date":"2025-08-13T02:11:23","date_gmt":"2025-08-13T02:11:23","guid":{"rendered":"https:\/\/www.europesays.com\/fr\/315246\/"},"modified":"2025-08-13T02:11:23","modified_gmt":"2025-08-13T02:11:23","slug":"plusieurs-individus-rassembles-sur-les-champs-elysees-en-buggys-et-quads-ce-week-end","status":"publish","type":"post","link":"https:\/\/www.europesays.com\/fr\/315246\/","title":{"rendered":"plusieurs individus rassembl\u00e9s sur les Champs-\u00c9lys\u00e9es en buggys et quads ce week-end"},"content":{"rendered":"<p>Les faits se sont d\u00e9roul\u00e9s samedi soir sur les Champs-\u00c9lys\u00e9es. Aucun individu n\u2019a \u00e9t\u00e9 interpell\u00e9.<\/p>\n<p class=\"fig-paragraph\">Samedi soir, plusieurs conducteurs de divers engins l\u00e9gers tels que des buggys ou des quads, se sont rassembl\u00e9s sur les\u00a0<a href=\"http:\/\/www.lefigaro.fr\/faits-divers\/paris-braquage-d-un-hotel-5-etoiles-pres-des-champs-elysees-les-employes-ligotes-20240611\" data-fig-type=\"NewsFlash\" data-gtm-custom-categorie=\"navigation\" data-gtm-custom-action=\"crossclick\" data-gtm-custom-label=\"Contextuel\" data-gtm-event=\"customEventSPE\" data-fig-domain=\"LEFIGARO\" target=\"_blank\" rel=\"noopener\">Champs-\u00c9lys\u00e9es<\/a>, a appris Le Figaro aupr\u00e8s du parquet de\u00a0<a href=\"http:\/\/www.lefigaro.fr\/faits-divers\/paris-le-corps-d-une-femme-denudee-retrouve-dans-un-cagibi-de-4m2-20250812\" data-fig-type=\"NewsFlash\" data-gtm-custom-categorie=\"navigation\" data-gtm-custom-action=\"crossclick\" data-gtm-custom-label=\"Contextuel\" data-gtm-event=\"customEventSPE\" data-fig-domain=\"LEFIGARO\" target=\"_blank\" rel=\"noopener\">Paris<\/a>. Selon nos informations, les individus conduisaient sous l\u2019effet de<a href=\"http:\/\/www.lefigaro.fr\/actualite-france\/gaz-hilarant-la-detention-et-la-consommation-de-protoxyde-d-azote-interdite-aux-mineurs-a-paris-20241228\" data-fig-type=\"NewsFlash\" data-gtm-custom-categorie=\"navigation\" data-gtm-custom-action=\"crossclick\" data-gtm-custom-label=\"Contextuel\" data-gtm-event=\"customEventSPE\" data-fig-domain=\"LEFIGARO\" target=\"_blank\" rel=\"noopener\">\u00a0protoxyde d\u2019azote<\/a>.<\/p>\n<p class=\"fig-paragraph\">Aucune interpellation n\u2019a toutefois eu lieu, pr\u00e9cise de son c\u00f4t\u00e9 le parquet de Paris qui a \u00e9t\u00e9 avis\u00e9 des faits.<\/p>\n<p>                                    <a class=\"fig-a11y-skip a11y-hidden\" href=\"#fig-a11y-skip-main-inarticle\"><br \/>\n        Passer la publicit\u00e9<br \/>\n    <\/a><\/p>\n<p>Un \u00abph\u00e9nom\u00e8ne r\u00e9gulier\u00bb<\/p>\n<p class=\"fig-paragraph\">\u00abIl ne s\u2019agit pas d\u2019un rassemblement organis\u00e9, mais d\u2019un ph\u00e9nom\u00e8ne r\u00e9gulier\u00bb, pr\u00e9cise au Figaro Axel Ronde, le porte-parole du syndicat CFTC Police. Il explique que des \u00abgroupes de jeunes souvent venus de banlieue\u00bb, viennent r\u00e9guli\u00e8rement vers les Champs-\u00c9lys\u00e9es au \u00abguidon de quads, scooters ou autres v\u00e9hicules\u00bb. Selon ses dires, ils \u00e9taient pr\u00e8s d\u2019une cinquantaine ce samedi. En plus de conduire dangereusement, ces individus consomment du protoxyde d\u2019azote \u00abet d\u2019autres substances\u00bb.<\/p>\n<p class=\"fig-body-link\">\n            \u00c0 lire aussi<br \/>\n        <a class=\"fig-body-link__link\" href=\"http:\/\/www.lefigaro.fr\/automobile\/les-quads-de-location-sans-permis-qui-pullulent-dans-paris-sont-ils-legaux-20250617\" data-fig-type=\"Article\" data-gtm-custom-categorie=\"navigation\" data-gtm-custom-action=\"crossclick\" data-gtm-custom-label=\"Contextuel\" data-gtm-event=\"customEventSPE\" data-fig-domain=\"LEFIGARO\" target=\"_blank\" rel=\"noopener\">Les quads de location sans permis qui pullulent dans Paris sont-ils l\u00e9gaux\u00a0?<br \/>\n    <\/a>\n<\/p>\n<p class=\"fig-paragraph\">Dans la m\u00eame soir\u00e9e ce samedi vers Bondy (<a href=\"http:\/\/www.lefigaro.fr\/faits-divers\/seine-saint-denis-une-infirmiere-et-un-homme-en-garde-a-vue-pour-agressions-sexuelles-sur-des-bebes-dans-un-hopital-20250731\" data-fig-type=\"NewsFlash\" data-gtm-custom-categorie=\"navigation\" data-gtm-custom-action=\"crossclick\" data-gtm-custom-label=\"Contextuel\" data-gtm-event=\"customEventSPE\" data-fig-domain=\"LEFIGARO\" target=\"_blank\" rel=\"noopener\">Seine-Saint-Denis<\/a>) aux alentours de 2H30 du matin,\u00a0<a href=\"http:\/\/www.lefigaro.fr\/faits-divers\/seine-saint-denis-un-adolescent-decede-apres-avoir-ete-ejecte-d-un-buggy-le-conducteur-en-garde-a-vue-20250811\" data-fig-type=\"NewsFlash\" data-gtm-custom-categorie=\"navigation\" data-gtm-custom-action=\"crossclick\" data-gtm-custom-label=\"Contextuel\" data-gtm-event=\"customEventSPE\" data-fig-domain=\"LEFIGARO\" target=\"_blank\" rel=\"noopener\">un adolescent de 15 ans a perdu la vie<\/a>\u00a0dans un accident de buggy. Le conducteur aurait effectu\u00e9 une mauvaise man\u0153uvre et l\u2019engin s\u2019est alors retourn\u00e9 sur la victime qui se trouvait c\u00f4t\u00e9 passager. L\u2019homme qui \u00e9tait au volant a \u00e9t\u00e9 interpell\u00e9 et plac\u00e9 en garde \u00e0 vue, pr\u00e9cisait le parquet de Paris ce lundi.<\/p>\n","protected":false},"excerpt":{"rendered":"Les faits se sont d\u00e9roul\u00e9s samedi soir sur les Champs-\u00c9lys\u00e9es. Aucun individu n\u2019a \u00e9t\u00e9 interpell\u00e9. Samedi soir, plusieurs&hellip;\n","protected":false},"author":2,"featured_media":315247,"comment_status":"","ping_status":"","sticky":false,"template":"","format":"standard","meta":{"footnotes":""},"categories":[1888],"tags":[119,1111,1928,11,1927,3694,271,2951,3695,1777,674,3696,118,1011,27,2825,1253,303,12,1926,626,1925,1072,2694,25,2949],"class_list":{"0":"post-315246","1":"post","2":"type-post","3":"status-publish","4":"format-standard","5":"has-post-thumbnail","7":"category-paris","8":"tag-accident","9":"tag-actu","10":"tag-actu-paris","11":"tag-actualites","12":"tag-actualites-paris","13":"tag-affaires","14":"tag-crime","15":"tag-criminalite","16":"tag-enquetes","17":"tag-eu","18":"tag-europe","19":"tag-evenements","20":"tag-faits-divers","21":"tag-fr","22":"tag-france","23":"tag-insecurite","24":"tag-islamisme","25":"tag-justice","26":"tag-news","27":"tag-news-paris","28":"tag-paris","29":"tag-paris-news","30":"tag-police","31":"tag-proces","32":"tag-republique-francaise","33":"tag-violences"},"share_on_mastodon":{"url":"https:\/\/pubeurope.com\/@fr\/115019034423461710","error":""},"_links":{"self":[{"href":"https:\/\/www.europesays.com\/fr\/wp-json\/wp\/v2\/posts\/315246","targetHints":{"allow":["GET"]}}],"collection":[{"href":"https:\/\/www.europesays.com\/fr\/wp-json\/wp\/v2\/posts"}],"about":[{"href":"https:\/\/www.europesays.com\/fr\/wp-json\/wp\/v2\/types\/post"}],"author":[{"embeddable":true,"href":"https:\/\/www.europesays.com\/fr\/wp-json\/wp\/v2\/users\/2"}],"replies":[{"embeddable":true,"href":"https:\/\/www.europesays.com\/fr\/wp-json\/wp\/v2\/comments?post=315246"}],"version-history":[{"count":0,"href":"https:\/\/www.europesays.com\/fr\/wp-json\/wp\/v2\/posts\/315246\/revisions"}],"wp:featuredmedia":[{"embeddable":true,"href":"https:\/\/www.europesays.com\/fr\/wp-json\/wp\/v2\/media\/315247"}],"wp:attachment":[{"href":"https:\/\/www.europesays.com\/fr\/wp-json\/wp\/v2\/media?parent=315246"}],"wp:term":[{"taxonomy":"category","embeddable":true,"href":"https:\/\/www.europesays.com\/fr\/wp-json\/wp\/v2\/categories?post=315246"},{"taxonomy":"post_tag","embeddable":true,"href":"https:\/\/www.europesays.com\/fr\/wp-json\/wp\/v2\/tags?post=315246"}],"curies":[{"name":"wp","href":"https:\/\/api.w.org\/{rel}","templated":true}]}}