{"id":315254,"date":"2025-08-13T02:15:11","date_gmt":"2025-08-13T02:15:11","guid":{"rendered":"https:\/\/www.europesays.com\/fr\/315254\/"},"modified":"2025-08-13T02:15:11","modified_gmt":"2025-08-13T02:15:11","slug":"avant-de-voir-trump-poutine-affiche-sa-tres-bonne-entente-avec-kim-jong-un","status":"publish","type":"post","link":"https:\/\/www.europesays.com\/fr\/315254\/","title":{"rendered":"Avant de voir Trump, Poutine affiche sa tr\u00e8s bonne entente avec Kim Jong-un"},"content":{"rendered":"<p>L\u2019idylle diplomatique se poursuit entre la <a href=\"https:\/\/www.20minutes.fr\/monde\/russie\/\" target=\"_blank\" class=\"color-ultramarine c-link\" rel=\"noopener\">Russie<\/a> et la <a href=\"https:\/\/www.20minutes.fr\/monde\/coree_du_nord\/\" target=\"_blank\" class=\"color-ultramarine c-link\" rel=\"noopener\">Cor\u00e9e du Nord<\/a>. Le pr\u00e9sident russe et le dirigeant nord-cor\u00e9en ont d\u2019ailleurs tenu \u00e0 le rappeler \u00e0 quelques jours d\u2019un sommet pr\u00e9vu le 15\u00a0ao\u00fbt entre <a href=\"https:\/\/www.20minutes.fr\/monde\/vladimir_poutine\/\" target=\"_blank\" class=\"color-ultramarine c-link\" rel=\"noopener\">Vladimir Poutine<\/a> et le pr\u00e9sident des Etats-Unis <a href=\"https:\/\/www.20minutes.fr\/dossier\/donald_trump\" target=\"_blank\" class=\"color-ultramarine c-link\" rel=\"noopener\">Donald Trump<\/a> en Alaska, pour y \u00e9voquer une solution \u00e0 la guerre en Ukraine.<\/p>\n<p>Lors d\u2019un appel t\u00e9l\u00e9phonique rapport\u00e9 ce mercredi par l\u2019agence de presse de Pyongyang, le ma\u00eetre du Kremlin et <a href=\"https:\/\/www.20minutes.fr\/monde\/kim_jong_un\/\" target=\"_blank\" class=\"color-ultramarine c-link\" rel=\"noopener\">Kim Jong-un<\/a> se sont ainsi engag\u00e9s \u00e0 \u00ab\u00a0renforcer la coop\u00e9ration\u00a0\u00bb entre leurs deux pays. Se f\u00e9licitant de leur partenariat strat\u00e9gique \u00ab\u00a0dans tous les domaines\u00a0\u00bb sign\u00e9 en\u00a02024, impliquant notamment un pacte de d\u00e9fense mutuelle, les deux leaders ont \u00ab\u00a0confirm\u00e9 leur volont\u00e9 de renforcer la coop\u00e9ration dans le futur\u00a0\u00bb, selon KCNA.<\/p>\n<p>La Cor\u00e9e du Nord impliqu\u00e9e en Ukraine<\/p>\n<p>Les relations entre Moscou et Pyongyang se sont consid\u00e9rablement d\u00e9velopp\u00e9es depuis l\u2019invasion russe de l\u2019<a href=\"https:\/\/www.20minutes.fr\/monde\/ukraine\/\" target=\"_blank\" class=\"color-ultramarine c-link\" rel=\"noopener\">Ukraine<\/a> en f\u00e9vrier\u00a02022. La Cor\u00e9e du Nord a activement particip\u00e9 au conflit en fournissant des milliers de soldats \u00e0 son alli\u00e9, en plus d\u2019armes et de munitions.<\/p>\n<\/p>\n<p>\u00ab\u00a0Le pr\u00e9sident russe a une nouvelle fois grandement lou\u00e9 le soutien apport\u00e9 par la R\u00e9publique d\u00e9mocratique populaire de Cor\u00e9e ainsi que la bravoure, l\u2019h\u00e9ro\u00efsme et l\u2019esprit de sacrifice d\u00e9montr\u00e9s\u00a0\u00bb par les troupes nord-cor\u00e9ennes \u00ab\u00a0dans la lib\u00e9ration de Koursk\u00a0\u00bb, province russe qui avait \u00e9t\u00e9 partiellement occup\u00e9e par l\u2019Ukraine, a ajout\u00e9 KCNA. Mi-juillet, Kim Jong-un avait assur\u00e9 Moscou du soutien \u00ab\u00a0inconditionnel\u00a0\u00bb de Pyongyang contre l\u2019Ukraine, \u00e0 l\u2019occasion d\u2019une visite du chef de la diplomatie russe, Sergue\u00ef Lavrov.<\/p>\n<p><a href=\"https:\/\/www.20minutes.fr\/monde\/ukraine\/\" target=\"_blank\" class=\"c-link c-btn c-btn--primary\" rel=\"noopener\">Notre dossier sur la Guerre en Ukraine<\/a><\/p>\n<p>Par ailleurs, une ligne a\u00e9rienne entre les capitales des deux pays a \u00e9t\u00e9 rouverte fin juillet, marquant une premi\u00e8re depuis des d\u00e9cennies et une avanc\u00e9e suppl\u00e9mentaire dans ce partenariat bilat\u00e9ral.<\/p>\n","protected":false},"excerpt":{"rendered":"L\u2019idylle diplomatique se poursuit entre la Russie et la Cor\u00e9e du Nord. Le pr\u00e9sident russe et le dirigeant&hellip;\n","protected":false},"author":2,"featured_media":315255,"comment_status":"","ping_status":"","sticky":false,"template":"","format":"standard","meta":{"footnotes":""},"categories":[1590],"tags":[47,11,13987,312,75,73,1777,674,131,15404,74,12,132,220,135],"class_list":{"0":"post-315254","1":"post","2":"type-post","3":"status-publish","4":"format-standard","5":"has-post-thumbnail","7":"category-ukraine","8":"tag-actualite","9":"tag-actualites","10":"tag-coree-du-nord","11":"tag-diplomatie","12":"tag-donald-trump","13":"tag-etats-unis","14":"tag-eu","15":"tag-europe","16":"tag-guerre-en-ukraine","17":"tag-kim-jong-un","18":"tag-monde","19":"tag-news","20":"tag-russie","21":"tag-ukraine","22":"tag-vladimir-poutine"},"share_on_mastodon":{"url":"https:\/\/pubeurope.com\/@fr\/115019050111386293","error":""},"_links":{"self":[{"href":"https:\/\/www.europesays.com\/fr\/wp-json\/wp\/v2\/posts\/315254","targetHints":{"allow":["GET"]}}],"collection":[{"href":"https:\/\/www.europesays.com\/fr\/wp-json\/wp\/v2\/posts"}],"about":[{"href":"https:\/\/www.europesays.com\/fr\/wp-json\/wp\/v2\/types\/post"}],"author":[{"embeddable":true,"href":"https:\/\/www.europesays.com\/fr\/wp-json\/wp\/v2\/users\/2"}],"replies":[{"embeddable":true,"href":"https:\/\/www.europesays.com\/fr\/wp-json\/wp\/v2\/comments?post=315254"}],"version-history":[{"count":0,"href":"https:\/\/www.europesays.com\/fr\/wp-json\/wp\/v2\/posts\/315254\/revisions"}],"wp:featuredmedia":[{"embeddable":true,"href":"https:\/\/www.europesays.com\/fr\/wp-json\/wp\/v2\/media\/315255"}],"wp:attachment":[{"href":"https:\/\/www.europesays.com\/fr\/wp-json\/wp\/v2\/media?parent=315254"}],"wp:term":[{"taxonomy":"category","embeddable":true,"href":"https:\/\/www.europesays.com\/fr\/wp-json\/wp\/v2\/categories?post=315254"},{"taxonomy":"post_tag","embeddable":true,"href":"https:\/\/www.europesays.com\/fr\/wp-json\/wp\/v2\/tags?post=315254"}],"curies":[{"name":"wp","href":"https:\/\/api.w.org\/{rel}","templated":true}]}}