{"id":315256,"date":"2025-08-13T02:16:10","date_gmt":"2025-08-13T02:16:10","guid":{"rendered":"https:\/\/www.europesays.com\/fr\/315256\/"},"modified":"2025-08-13T02:16:10","modified_gmt":"2025-08-13T02:16:10","slug":"letau-des-usa-se-resserre-autour-de-jimmy-cherizier-barbecue","status":"publish","type":"post","link":"https:\/\/www.europesays.com\/fr\/315256\/","title":{"rendered":"L\u2019\u00e9tau des USA se resserre autour de Jimmy Cherizier \u00ab\u00a0Barbecue\u00a0\u00bb"},"content":{"rendered":"<p>L\u2019ancien policier converti en chef de gang Jimmy Ch\u00e9rizier est inculp\u00e9 par un grand jury f\u00e9d\u00e9ral \u00e0 Washington D.C., mardi 12 ao\u00fbt 2025. L\u2019annonce a \u00e9t\u00e9 faite par la procureure Jeanine Pirro. Dans la foul\u00e9e de cette annonce, le FBI a annonc\u00e9 une prime de 5 millions de dollars pour toute information menant \u00e0 son arrestation. En plus du leader de la coalition \u00ab\u00a0Viv ansanm\u00a0\u00bb, le citoyen am\u00e9ricain naturalis\u00e9 Baz<\/p>\n","protected":false},"excerpt":{"rendered":"L\u2019ancien policier converti en chef de gang Jimmy Ch\u00e9rizier est inculp\u00e9 par un grand jury f\u00e9d\u00e9ral \u00e0 Washington&hellip;\n","protected":false},"author":2,"featured_media":315257,"comment_status":"","ping_status":"","sticky":false,"template":"","format":"standard","meta":{"footnotes":""},"categories":[1589],"tags":[11,73,1866,12,1864,1865,1863,308],"class_list":{"0":"post-315256","1":"post","2":"type-post","3":"status-publish","4":"format-standard","5":"has-post-thumbnail","7":"category-etats-unis","8":"tag-actualites","9":"tag-etats-unis","10":"tag-etats-unis-damerique","11":"tag-news","12":"tag-united-states","13":"tag-united-states-of-america","14":"tag-us","15":"tag-usa"},"share_on_mastodon":{"url":"https:\/\/pubeurope.com\/@fr\/115019054016170714","error":""},"_links":{"self":[{"href":"https:\/\/www.europesays.com\/fr\/wp-json\/wp\/v2\/posts\/315256","targetHints":{"allow":["GET"]}}],"collection":[{"href":"https:\/\/www.europesays.com\/fr\/wp-json\/wp\/v2\/posts"}],"about":[{"href":"https:\/\/www.europesays.com\/fr\/wp-json\/wp\/v2\/types\/post"}],"author":[{"embeddable":true,"href":"https:\/\/www.europesays.com\/fr\/wp-json\/wp\/v2\/users\/2"}],"replies":[{"embeddable":true,"href":"https:\/\/www.europesays.com\/fr\/wp-json\/wp\/v2\/comments?post=315256"}],"version-history":[{"count":0,"href":"https:\/\/www.europesays.com\/fr\/wp-json\/wp\/v2\/posts\/315256\/revisions"}],"wp:featuredmedia":[{"embeddable":true,"href":"https:\/\/www.europesays.com\/fr\/wp-json\/wp\/v2\/media\/315257"}],"wp:attachment":[{"href":"https:\/\/www.europesays.com\/fr\/wp-json\/wp\/v2\/media?parent=315256"}],"wp:term":[{"taxonomy":"category","embeddable":true,"href":"https:\/\/www.europesays.com\/fr\/wp-json\/wp\/v2\/categories?post=315256"},{"taxonomy":"post_tag","embeddable":true,"href":"https:\/\/www.europesays.com\/fr\/wp-json\/wp\/v2\/tags?post=315256"}],"curies":[{"name":"wp","href":"https:\/\/api.w.org\/{rel}","templated":true}]}}