{"id":315258,"date":"2025-08-13T02:17:14","date_gmt":"2025-08-13T02:17:14","guid":{"rendered":"https:\/\/www.europesays.com\/fr\/315258\/"},"modified":"2025-08-13T02:17:14","modified_gmt":"2025-08-13T02:17:14","slug":"royaume-uni-le-gouvernement-accelere-lexpulsion-detrangers-condamnes","status":"publish","type":"post","link":"https:\/\/www.europesays.com\/fr\/315258\/","title":{"rendered":"Royaume-Uni : le gouvernement acc\u00e9l\u00e8re l\u2019expulsion d\u2019\u00e9trangers condamn\u00e9s"},"content":{"rendered":"<p><strong>Les ressortissants \u00e9trangers condamn\u00e9s en Angleterre et au pays de Galles seront d\u00e9sormais expuls\u00e9s imm\u00e9diatement, sans attendre qu\u2019ils purgent leur peine de prison, a annonc\u00e9, dimanche, le gouvernement britannique, qui affirme vouloir lutter contre la surpopulation carc\u00e9rale.<\/strong><\/p>\n<p>\u00abDepuis trop longtemps, des criminels \u00e9trangers exploitent notre syst\u00e8me d\u2019immigration, restant au Royaume-Uni pendant des mois, voire des ann\u00e9es, le temps que leurs appels s\u2019\u00e9ternisent\u00bb, a d\u00e9clar\u00e9 lundi Yvette Cooper, la ministre britannique de l\u2019Int\u00e9rieur. Selon le gouvernement travailliste, cette mesure devrait r\u00e9duire la pression sur les prisons, diminuer les co\u00fbts et limiter la r\u00e9cidive.<\/p>\n<p>Le minist\u00e8re de la Justice a d\u00e9pens\u00e9 5 millions de livres sterling pour d\u00e9ployer du personnel sp\u00e9cialis\u00e9 dans pr\u00e8s de 80 prisons afin d\u2019acc\u00e9l\u00e9rer les expulsions. La mise en \u0153uvre de l\u2019expulsion imm\u00e9diate n\u00e9cessitera, toutefois, l\u2019introduction d\u2019un nouveau texte l\u00e9gislatif devant le Parlement. Le programme \u00abExpulser maintenant, faire appel plus tard\u00bb sera, quant \u00e0 lui, \u00e9tendu de 8 \u00e0 23 pays. Les ressortissants concern\u00e9s, dont les recours sur la base des droits de l\u2019Homme auront \u00e9t\u00e9 rejet\u00e9s, seront renvoy\u00e9s avant que leur appel soit entendu, avec la possibilit\u00e9 de participer aux audiences par visioconf\u00e9rence seulement.<\/p>\n<p>Toutefois, les nouvelles r\u00e8gles ne s\u2019appliqueront pas aux d\u00e9tenus \u00e0 perp\u00e9tuit\u00e9, notamment pour meurtre ou terrorisme, afin de maintenir sur le territoire les individus jug\u00e9s mena\u00e7ants pour la s\u00e9curit\u00e9 nationale. Les \u00e9trangers repr\u00e9sentent environ 12% de la population carc\u00e9rale en Angleterre et au pays de Galles. Selon les chiffres officiels, le co\u00fbt annuel moyen d\u2019une place de prison s\u2019\u00e9l\u00e8ve \u00e0 54.000 livres sterling.<\/p>\n<p>Depuis juillet 2024, 5.200 \u2018\u2019criminels\u2019\u2019 \u00e9trangers ont \u00e9t\u00e9 expuls\u00e9s, soit 14% de plus que l\u2019ann\u00e9e pr\u00e9c\u00e9dente. Le Royaume-Uni est confront\u00e9 \u00e0 une grave crise de surpopulation carc\u00e9rale, avec des \u00e9tablissements remplis \u00e0 97,5% de leur capacit\u00e9. Une analyse ind\u00e9pendante, publi\u00e9e la semaine derni\u00e8re par le minist\u00e8re de la Justice, a r\u00e9v\u00e9l\u00e9 que le syst\u00e8me p\u00e9nitentiaire en Angleterre avait fr\u00f4l\u00e9 l\u2019effondrement \u00e0 plusieurs reprises entre l\u2019automne 2023 et l\u2019\u00e9t\u00e9 2024.<\/p>\n<p>S.N. avec agences \/ Les Inspirations \u00c9CO<\/p>\n","protected":false},"excerpt":{"rendered":"Les ressortissants \u00e9trangers condamn\u00e9s en Angleterre et au pays de Galles seront d\u00e9sormais expuls\u00e9s imm\u00e9diatement, sans attendre qu\u2019ils&hellip;\n","protected":false},"author":2,"featured_media":315259,"comment_status":"","ping_status":"","sticky":false,"template":"","format":"standard","meta":{"footnotes":""},"categories":[1588],"tags":[11,1777,674,418,12,473,1853,1851,1850,1852],"class_list":{"0":"post-315258","1":"post","2":"type-post","3":"status-publish","4":"format-standard","5":"has-post-thumbnail","7":"category-royaume-uni","8":"tag-actualites","9":"tag-eu","10":"tag-europe","11":"tag-gouvernement","12":"tag-news","13":"tag-royaume-uni","14":"tag-royaume-uni-de-grande-bretagne-et-dirlande-du-nord","15":"tag-uk","16":"tag-united-kingdom","17":"tag-united-kingdom-of-great-britain-and-northern-ireland"},"share_on_mastodon":{"url":"https:\/\/pubeurope.com\/@fr\/115019057968095348","error":""},"_links":{"self":[{"href":"https:\/\/www.europesays.com\/fr\/wp-json\/wp\/v2\/posts\/315258","targetHints":{"allow":["GET"]}}],"collection":[{"href":"https:\/\/www.europesays.com\/fr\/wp-json\/wp\/v2\/posts"}],"about":[{"href":"https:\/\/www.europesays.com\/fr\/wp-json\/wp\/v2\/types\/post"}],"author":[{"embeddable":true,"href":"https:\/\/www.europesays.com\/fr\/wp-json\/wp\/v2\/users\/2"}],"replies":[{"embeddable":true,"href":"https:\/\/www.europesays.com\/fr\/wp-json\/wp\/v2\/comments?post=315258"}],"version-history":[{"count":0,"href":"https:\/\/www.europesays.com\/fr\/wp-json\/wp\/v2\/posts\/315258\/revisions"}],"wp:featuredmedia":[{"embeddable":true,"href":"https:\/\/www.europesays.com\/fr\/wp-json\/wp\/v2\/media\/315259"}],"wp:attachment":[{"href":"https:\/\/www.europesays.com\/fr\/wp-json\/wp\/v2\/media?parent=315258"}],"wp:term":[{"taxonomy":"category","embeddable":true,"href":"https:\/\/www.europesays.com\/fr\/wp-json\/wp\/v2\/categories?post=315258"},{"taxonomy":"post_tag","embeddable":true,"href":"https:\/\/www.europesays.com\/fr\/wp-json\/wp\/v2\/tags?post=315258"}],"curies":[{"name":"wp","href":"https:\/\/api.w.org\/{rel}","templated":true}]}}