{"id":31526,"date":"2025-04-17T11:14:43","date_gmt":"2025-04-17T11:14:43","guid":{"rendered":"https:\/\/www.europesays.com\/fr\/31526\/"},"modified":"2025-04-17T11:14:43","modified_gmt":"2025-04-17T11:14:43","slug":"thorigne-fouillard-ludovic-rinaudo-expose-peintures-et-sculptures","status":"publish","type":"post","link":"https:\/\/www.europesays.com\/fr\/31526\/","title":{"rendered":"Thorign\u00e9-Fouillard. Ludovic Rinaudo expose peintures et sculptures"},"content":{"rendered":"<p>Les gens d\u2019ici<\/p>\n<p>Ludovic Rinaudo aurait voulu \u00eatre un artiste, la vie en a d\u00e9cid\u00e9 autrement. De formation industrielle, il a commenc\u00e9 sa vie professionnelle comme professeur de dessin industriel au lyc\u00e9e Saint-Etienne \u00e0 Cesson-S\u00e9vign\u00e9.<\/p>\n<p>En 2009, il entame une reconversion professionnelle pour devenir professeur des \u00e9coles en maternelle. Depuis, il enseigne \u00e0 l\u2019\u00e9cole Sainte-Anne de Thorign\u00e9-Fouillard. En parall\u00e8le, il travaille le design et l\u2019art. En 2015, il s\u2019inscrit \u00e0 la maison des artistes de Paris en tant que plasticien. \u00a0Cela offre la possibilit\u00e9 de ne pas s\u2019arr\u00eater \u00e0 un seul moyen d\u2019expression, tout est possible, la sculpture et la peinture, explique Ludovic Rinaudo. Je fais des expositions depuis les ann\u00e9es 2000.\u00a0<\/p>\n<p>Sortir des champs acad\u00e9miques<\/p>\n<p>\u00c0 54\u00a0ans, Ludovic Rinaudo ne regrette pas ses choix. \u00a0J\u2019ai toujours voulu \u00eatre enseignant cela me permet une certaine libert\u00e9 d\u2019action dans mes r\u00e9alisations artistiques. R\u00e9pondant \u00e0 des probl\u00e9matiques cibl\u00e9es je trouve une r\u00e9ponse artistique et esth\u00e9tique qui peut \u00eatre la peinture ou la sculpture en fonction de la sensibilit\u00e9\u00e0 laquelle j\u2019apporte la r\u00e9ponse. Je ma\u00eetrise les processus techniques soudure et assemblage pour mes sculptures en m\u00e9tal.\u00a0<\/p>\n<p>Hors des champs acad\u00e9miques, le travail pr\u00e9sent\u00e9 se veut singulier et novateur jusqu\u2019\u00e0 risquer l\u2019\u00e9tonnement du regard du spectateur. \u00a0Mon travail artistique est bas\u00e9 sur les oppositions, o\u00f9 la fragilit\u00e9 et les contrastes prennent naturellement leur place, commente Ludovic Rinaudo. La sculpture ou le m\u00e9tal, r\u00e9cup\u00e9ration de poutrelles m\u00e9talliques devient une \u0153uvre qui raconte par ces stigmates de la vie, le temps qui passe. Cela nous contraint \u00e0 l\u2019humilit\u00e9 de notre passage sur Terre. La peinture permet de concentrer les forces dans une \u00e9criture imaginaire avec une chromatique de couleurs basiques\u00a0: le bleu, le rouge et lenoir pour les ombres, pos\u00e9es sur le blanc immacul\u00e9 de la toile.\u00a0<\/p>\n<p>L\u2019enseignant artiste exposera trente sculptures et vingt peintures dont beaucoup de formats carr\u00e9s de 50\u00a0par 50, le plus grand un m\u00e8tre carr\u00e9.<\/p>\n<p><strong>Du 22\u00a0avril au 7\u00a0juin<\/strong>, aux heures d\u2019ouverture de la m\u00e9diath\u00e8que, Ludovic Rinaudo expose \u00c9quilibre fragile (peintures et sculptures), entr\u00e9e gratuite.<\/p>\n<p>\u00a0<\/p>\n","protected":false},"excerpt":{"rendered":"Les gens d\u2019ici Ludovic Rinaudo aurait voulu \u00eatre un artiste, la vie en a d\u00e9cid\u00e9 autrement. De formation&hellip;\n","protected":false},"author":2,"featured_media":31527,"comment_status":"","ping_status":"","sticky":false,"template":"","format":"standard","meta":{"footnotes":""},"categories":[2821],"tags":[1111,11,829,1777,674,8110,1011,27,10707,12,4152,3086,584,25,10708,10709,4182],"class_list":{"0":"post-31526","1":"post","2":"type-post","3":"status-publish","4":"format-standard","5":"has-post-thumbnail","7":"category-rennes","8":"tag-actu","9":"tag-actualites","10":"tag-bretagne","11":"tag-eu","12":"tag-europe","13":"tag-expose","14":"tag-fr","15":"tag-france","16":"tag-ludovic","17":"tag-news","18":"tag-peintures","19":"tag-redon","20":"tag-rennes","21":"tag-republique-francaise","22":"tag-rinaudo","23":"tag-sculptures","24":"tag-thorigne-fouillard"},"share_on_mastodon":{"url":"https:\/\/pubeurope.com\/@fr\/114353016895552959","error":""},"_links":{"self":[{"href":"https:\/\/www.europesays.com\/fr\/wp-json\/wp\/v2\/posts\/31526","targetHints":{"allow":["GET"]}}],"collection":[{"href":"https:\/\/www.europesays.com\/fr\/wp-json\/wp\/v2\/posts"}],"about":[{"href":"https:\/\/www.europesays.com\/fr\/wp-json\/wp\/v2\/types\/post"}],"author":[{"embeddable":true,"href":"https:\/\/www.europesays.com\/fr\/wp-json\/wp\/v2\/users\/2"}],"replies":[{"embeddable":true,"href":"https:\/\/www.europesays.com\/fr\/wp-json\/wp\/v2\/comments?post=31526"}],"version-history":[{"count":0,"href":"https:\/\/www.europesays.com\/fr\/wp-json\/wp\/v2\/posts\/31526\/revisions"}],"wp:featuredmedia":[{"embeddable":true,"href":"https:\/\/www.europesays.com\/fr\/wp-json\/wp\/v2\/media\/31527"}],"wp:attachment":[{"href":"https:\/\/www.europesays.com\/fr\/wp-json\/wp\/v2\/media?parent=31526"}],"wp:term":[{"taxonomy":"category","embeddable":true,"href":"https:\/\/www.europesays.com\/fr\/wp-json\/wp\/v2\/categories?post=31526"},{"taxonomy":"post_tag","embeddable":true,"href":"https:\/\/www.europesays.com\/fr\/wp-json\/wp\/v2\/tags?post=31526"}],"curies":[{"name":"wp","href":"https:\/\/api.w.org\/{rel}","templated":true}]}}