{"id":315260,"date":"2025-08-13T02:18:28","date_gmt":"2025-08-13T02:18:28","guid":{"rendered":"https:\/\/www.europesays.com\/fr\/315260\/"},"modified":"2025-08-13T02:18:28","modified_gmt":"2025-08-13T02:18:28","slug":"rupture-preoccupante-dun-cable-sous-marin-reliant-la-finlande-a-lallemagne","status":"publish","type":"post","link":"https:\/\/www.europesays.com\/fr\/315260\/","title":{"rendered":"Rupture \u00ab\u00a0pr\u00e9occupante\u00a0\u00bb d&rsquo;un c\u00e2ble sous-marin reliant la Finlande \u00e0 l&rsquo;Allemagne"},"content":{"rendered":"<p>L&rsquo;Allemagne et la Finlande se disent \u00ab\u00a0profond\u00e9ment pr\u00e9occup\u00e9es\u00a0\u00bb par la rupture d&rsquo;un c\u00e2ble t\u00e9l\u00e9com entre leurs deux pays.<\/p>\n<p>Un c\u00e2ble sous-marin de t\u00e9l\u00e9communication reliant la Finlande \u00e0 l&rsquo;Allemagne s&rsquo;est rompu pour des raisons encore inconnues, a annonc\u00e9 lundi le groupe technologique finlandais Cinia. Les deux pays se sont dit \u00ab\u00a0profond\u00e9ment pr\u00e9occup\u00e9es\u00a0\u00bb par la rupture d&rsquo;un c\u00e2ble t\u00e9l\u00e9com.<\/p>\n<p>\u00ab\u00a0Une enqu\u00eate approfondie est en cours, notre s\u00e9curit\u00e9 europ\u00e9enne n&rsquo;est pas seulement menac\u00e9e par la guerre d&rsquo;agression de la Russie contre l&rsquo;Ukraine, mais aussi par les guerres hybrides men\u00e9es par des acteurs malveillants\u00a0\u00bb, ont \u00e9crit les ministres des Affaires \u00e9trang\u00e8res des deux pays dans une d\u00e9claration commune transmise par Berlin.<\/p>\n<p>Selon un communiqu\u00e9, un d\u00e9faut a \u00e9t\u00e9 d\u00e9tect\u00e9 dans le c\u00e2ble sous-marin Cinia C-Lion1 entre la Finlande et l&rsquo;Allemagne le 18 novembre 2024.<\/p>\n<blockquote class=\"embed embed_quote\"><p>\u00ab\u00a0L&rsquo;\u00e9valuation initiale\u00a0\u00bb est que le c\u00e2ble a \u00e9t\u00e9 \u00ab\u00a0rompu\u00a0\u00bb car toutes les connexions par fibre de ce c\u00e2ble sont coup\u00e9es, a indiqu\u00e9 un responsable de Cinia, dont le nom n&rsquo;a pas \u00e9t\u00e9 cit\u00e9, \u00e0 des journalistes finlandais.<\/p><\/blockquote>\n<p>Un c\u00e2ble optique de 1.172 kilom\u00e8tres<\/p>\n<p>\u00ab\u00a0Pour l&rsquo;instant, il n&rsquo;est pas possible d&rsquo;\u00e9valuer la raison de la rupture du c\u00e2ble, mais ce type de rupture ne se produit pas dans ces eaux sans impact ext\u00e9rieur\u00a0\u00bb, a ajout\u00e9 le groupe aupr\u00e8s des journalistes.<\/p>\n<p>Interrog\u00e9, le gouvernement allemand n&rsquo;a pas souhait\u00e9 faire de commentaire sur cette affaire. Ce c\u00e2ble de fibre optique de 1.172 kilom\u00e8tres relie Helsinki et Rostock (nord-est de l&rsquo;Allemagne) depuis 2016.<\/p>\n<p>En octobre 2023, un <a href=\"https:\/\/www.bfmtv.com\/economie\/entreprises\/defense\/comment-la-france-protege-ses-cables-sous-marins_AV-202210040480.html\" title=\"Comment la France prot\u00e8ge ses c\u00e2bles sous-marins\" class=\"internal_link\" rel=\"nofollow noopener\" target=\"_blank\">gazoduc sous-marin<\/a> entre la Finlande et l&rsquo;Estonie avait d\u00fb \u00eatre ferm\u00e9 apr\u00e8s des dommages commis par une ancre provenant d&rsquo;un cargo chinois. La Finlande a renforc\u00e9 la surveillance des incidents en mer Baltique depuis le d\u00e9clenchement de la guerre entre la Russie voisine et l&rsquo;Ukraine.<\/p>\n","protected":false},"excerpt":{"rendered":"L&rsquo;Allemagne et la Finlande se disent \u00ab\u00a0profond\u00e9ment pr\u00e9occup\u00e9es\u00a0\u00bb par la rupture d&rsquo;un c\u00e2ble t\u00e9l\u00e9com entre leurs deux pays.&hellip;\n","protected":false},"author":2,"featured_media":315261,"comment_status":"","ping_status":"","sticky":false,"template":"","format":"standard","meta":{"footnotes":""},"categories":[1587],"tags":[11,672,1804,1805,1803,1777,674,1801,12,1802],"class_list":{"0":"post-315260","1":"post","2":"type-post","3":"status-publish","4":"format-standard","5":"has-post-thumbnail","7":"category-allemagne","8":"tag-actualites","9":"tag-allemagne","10":"tag-bundesrepublik-deutschland","11":"tag-de","12":"tag-deutschland","13":"tag-eu","14":"tag-europe","15":"tag-germany","16":"tag-news","17":"tag-republique-federale-dallemagne"},"share_on_mastodon":{"url":"https:\/\/pubeurope.com\/@fr\/115019061852549638","error":""},"_links":{"self":[{"href":"https:\/\/www.europesays.com\/fr\/wp-json\/wp\/v2\/posts\/315260","targetHints":{"allow":["GET"]}}],"collection":[{"href":"https:\/\/www.europesays.com\/fr\/wp-json\/wp\/v2\/posts"}],"about":[{"href":"https:\/\/www.europesays.com\/fr\/wp-json\/wp\/v2\/types\/post"}],"author":[{"embeddable":true,"href":"https:\/\/www.europesays.com\/fr\/wp-json\/wp\/v2\/users\/2"}],"replies":[{"embeddable":true,"href":"https:\/\/www.europesays.com\/fr\/wp-json\/wp\/v2\/comments?post=315260"}],"version-history":[{"count":0,"href":"https:\/\/www.europesays.com\/fr\/wp-json\/wp\/v2\/posts\/315260\/revisions"}],"wp:featuredmedia":[{"embeddable":true,"href":"https:\/\/www.europesays.com\/fr\/wp-json\/wp\/v2\/media\/315261"}],"wp:attachment":[{"href":"https:\/\/www.europesays.com\/fr\/wp-json\/wp\/v2\/media?parent=315260"}],"wp:term":[{"taxonomy":"category","embeddable":true,"href":"https:\/\/www.europesays.com\/fr\/wp-json\/wp\/v2\/categories?post=315260"},{"taxonomy":"post_tag","embeddable":true,"href":"https:\/\/www.europesays.com\/fr\/wp-json\/wp\/v2\/tags?post=315260"}],"curies":[{"name":"wp","href":"https:\/\/api.w.org\/{rel}","templated":true}]}}