{"id":315264,"date":"2025-08-13T02:20:12","date_gmt":"2025-08-13T02:20:12","guid":{"rendered":"https:\/\/www.europesays.com\/fr\/315264\/"},"modified":"2025-08-13T02:20:12","modified_gmt":"2025-08-13T02:20:12","slug":"le-canada-lunion-europeenne-le-royaume-uni-et-le-japon-denoncent-une-situation-de-famine-a-gaza","status":"publish","type":"post","link":"https:\/\/www.europesays.com\/fr\/315264\/","title":{"rendered":"Le Canada, l\u2019Union europ\u00e9enne, le Royaume-Uni et le Japon d\u00e9noncent une situation de \u00abfamine\u00bb \u00e0 Gaza"},"content":{"rendered":"<p><strong>Le Canada, l&rsquo;Union europ\u00e9enne, le Royaume-Uni et le Japon ont d\u00e9nonc\u00e9 mardi une situation de \u00abfamine\u00bb \u00e0 Gaza, appelant \u00e0 agir de mani\u00e8re \u00aburgente\u00bb pour y mettre fin.<\/strong><\/p>\n<p class=\"toreadalso-fromEMP\"><strong>\u2022 \u00c0 lire aussi: <\/strong><a href=\"https:\/\/www.journaldemontreal.com\/2025\/08\/12\/lespagne-a-evacue-44-enfants-blesses-de-gaza-ainsi-que-leurs-proches\" target=\"47d29c50-0a8c-4e8e-bd5f-1a4201782e0d\" rel=\"nofollow noopener\"><strong>L&rsquo;Espagne a \u00e9vacu\u00e9 44 enfants bless\u00e9s de Gaza ainsi que leurs proches<\/strong><\/a><\/p>\n<p class=\"toreadalso-fromEMP\"><strong>\u2022 \u00c0 lire aussi: <\/strong><a href=\"https:\/\/www.journaldemontreal.com\/2025\/08\/12\/israel-assure-quil-ny-a-pas-de-malnutrition-generalisee-a-gaza\" target=\"32adcb58-f525-4463-b7c2-47bd40c40246\" rel=\"nofollow noopener\"><strong>Isra\u00ebl assure qu&rsquo;il n&rsquo;y a pas de \u00abmalnutrition g\u00e9n\u00e9ralis\u00e9e\u00bb \u00e0 Gaza<\/strong><\/a><\/p>\n<p><strong>\u00ab<\/strong>La d\u00e9tresse humanitaire \u00e0 Gaza a atteint un niveau inimaginable. Une famine se d\u00e9roule sous nos yeux\u00bb, \u00e9crivent l&rsquo;Union europ\u00e9enne et 24 pays dans un communiqu\u00e9 commun.<\/p>\n<p>Ces signataires, dont le Canada et l&rsquo;Australie, exhortent Isra\u00ebl \u00e0 \u00abautoriser tous les convois d&rsquo;aide humanitaire des ONG internationales et \u00e0 lever les obstacles qui emp\u00eachent les humanitaires d&rsquo;intervenir\u00bb.<\/p>\n<p>Cette d\u00e9claration est sign\u00e9e par la cheffe de la diplomatie de l&rsquo;UE, Kaja Kallas, et les ministres des Affaires \u00e9trang\u00e8res de 17 \u00c9tats membres, dont la France, mais pas l&rsquo;Allemagne.<\/p>\n<p>Les Vingt-Sept se sont montr\u00e9s particuli\u00e8rement divis\u00e9s sur l&rsquo;attitude \u00e0 adopter vis-\u00e0-vis d&rsquo;Isra\u00ebl depuis le d\u00e9but de sa guerre \u00e0 Gaza contre le Hamas, en r\u00e9plique \u00e0 l&rsquo;attaque sans pr\u00e9c\u00e9dent men\u00e9e le 7 octobre 2023 sur le sol isra\u00e9lien par ce mouvement islamiste palestinien.<\/p>\n<p>Plusieurs pays, dont l&rsquo;Allemagne, ont longtemps insist\u00e9 sur le droit d&rsquo;Isra\u00ebl \u00e0 se d\u00e9fendre, dans le respect du droit international, tandis que d&rsquo;autres, comme l&rsquo;Espagne, d\u00e9noncent un \u00abg\u00e9nocide\u00bb \u00e0 l&rsquo;encontre des Palestiniens de Gaza.<\/p>\n<p>Berlin a toutefois amorc\u00e9 un changement de cap majeur vendredi, en annon\u00e7ant suspendre les exportations d&rsquo;armes qu&rsquo;Isra\u00ebl pourrait utiliser \u00e0 Gaza.<\/p>\n<p>Au sein m\u00eame de la Commission, les lignes commencent elles aussi \u00e0 bouger. Dans une interview donn\u00e9e \u00e0 Politico, sa vice-pr\u00e9sidente Teresa Ribera a estim\u00e9 que la situation \u00e0 Gaza \u00abressemblait beaucoup\u00bb \u00e0 un \u00abg\u00e9nocide\u00bb.<\/p>\n","protected":false},"excerpt":{"rendered":"Le Canada, l&rsquo;Union europ\u00e9enne, le Royaume-Uni et le Japon ont d\u00e9nonc\u00e9 mardi une situation de \u00abfamine\u00bb \u00e0 Gaza,&hellip;\n","protected":false},"author":2,"featured_media":315265,"comment_status":"","ping_status":"","sticky":false,"template":"","format":"standard","meta":{"footnotes":""},"categories":[1586],"tags":[11,1777,674,1779,1011,27,12,25,1778,364],"class_list":{"0":"post-315264","1":"post","2":"type-post","3":"status-publish","4":"format-standard","5":"has-post-thumbnail","7":"category-europe","8":"tag-actualites","9":"tag-eu","10":"tag-europe","11":"tag-european-union","12":"tag-fr","13":"tag-france","14":"tag-news","15":"tag-republique-francaise","16":"tag-ue","17":"tag-union-europeenne"},"share_on_mastodon":{"url":"https:\/\/pubeurope.com\/@fr\/115019069744453834","error":""},"_links":{"self":[{"href":"https:\/\/www.europesays.com\/fr\/wp-json\/wp\/v2\/posts\/315264","targetHints":{"allow":["GET"]}}],"collection":[{"href":"https:\/\/www.europesays.com\/fr\/wp-json\/wp\/v2\/posts"}],"about":[{"href":"https:\/\/www.europesays.com\/fr\/wp-json\/wp\/v2\/types\/post"}],"author":[{"embeddable":true,"href":"https:\/\/www.europesays.com\/fr\/wp-json\/wp\/v2\/users\/2"}],"replies":[{"embeddable":true,"href":"https:\/\/www.europesays.com\/fr\/wp-json\/wp\/v2\/comments?post=315264"}],"version-history":[{"count":0,"href":"https:\/\/www.europesays.com\/fr\/wp-json\/wp\/v2\/posts\/315264\/revisions"}],"wp:featuredmedia":[{"embeddable":true,"href":"https:\/\/www.europesays.com\/fr\/wp-json\/wp\/v2\/media\/315265"}],"wp:attachment":[{"href":"https:\/\/www.europesays.com\/fr\/wp-json\/wp\/v2\/media?parent=315264"}],"wp:term":[{"taxonomy":"category","embeddable":true,"href":"https:\/\/www.europesays.com\/fr\/wp-json\/wp\/v2\/categories?post=315264"},{"taxonomy":"post_tag","embeddable":true,"href":"https:\/\/www.europesays.com\/fr\/wp-json\/wp\/v2\/tags?post=315264"}],"curies":[{"name":"wp","href":"https:\/\/api.w.org\/{rel}","templated":true}]}}