{"id":315272,"date":"2025-08-13T02:26:13","date_gmt":"2025-08-13T02:26:13","guid":{"rendered":"https:\/\/www.europesays.com\/fr\/315272\/"},"modified":"2025-08-13T02:26:13","modified_gmt":"2025-08-13T02:26:13","slug":"le-club-de-rugby-pleure-son-jeune-joueur-decede-brutalement","status":"publish","type":"post","link":"https:\/\/www.europesays.com\/fr\/315272\/","title":{"rendered":"le club de rugby pleure son jeune joueur, d\u00e9c\u00e9d\u00e9 brutalement"},"content":{"rendered":"<p>            Par<br \/>\n        <strong><br \/>\n            <a href=\"https:\/\/actu.fr\/auteur\/julie-bossart-actu-fr\" title=\"Consulter tous les articles de Julie Bossart\" rel=\"nofollow noopener\" target=\"_blank\">Julie Bossart<\/a><br \/>\n        <\/strong><\/p>\n<p>        Publi\u00e9 le<\/p>\n<p>            12 ao\u00fbt 2025 \u00e0 12h50        <\/p>\n<p>\u00ab\u2009Il devait reprendre l\u2019entra\u00eenement\u2026 et il est arriv\u00e9 ce qui ne devrait pas arriver \u00e0 un gamin de 15 ans.\u2009\u00bb C\u00e9dric Daclinat, responsable de l\u2019\u00e9cole de rugby \u00e0 l\u2019Athletic Club <a href=\"https:\/\/actu.fr\/ile-de-france\/boulogne-billancourt_92012\" rel=\"nofollow noopener\" target=\"_blank\">Boulogne-Billancourt<\/a> (ACBB, Hauts-de-Seine), a le \u00ab\u2009c\u0153ur lourd et triste\u2009\u00bb depuis qu\u2019il a appris le d\u00e9c\u00e8s de Tom K. Le jeune joueur de 15\u00a0ans est d\u00e9c\u00e9d\u00e9 <a href=\"https:\/\/actu.fr\/tag\/accident\" rel=\"nofollow noopener\" target=\"_blank\">accidentellement<\/a> sur son lieu de vacances, le 2\u00a0ao\u00fbt 2025, nous indique son encadrant.<\/p>\n<p>Le soutien de Florian Grill et de la FFR<\/p>\n<p class=\" wall-content\">Sur les r\u00e9seaux sociaux de l\u2019ACBB rugby, la nouvelle s\u2019est r\u00e9pandue comme une tra\u00een\u00e9e de poudre, et a provoqu\u00e9 un profond \u00e9moi, jusqu\u2019\u00e0 <a href=\"https:\/\/actu.fr\/tag\/florian-grill\" rel=\"nofollow noopener\" target=\"_blank\">Florian Grill<\/a>, qui adresse ses \u00ab\u2009pens\u00e9es pour la famille et pour tout le club. Et toutes [s]es condol\u00e9ances au nom de la <a href=\"https:\/\/actu.fr\/tag\/ffr\" rel=\"nofollow noopener\" target=\"_blank\">FFR<\/a>\u2009\u00bb. D\u2019autres clubs se joignent au pr\u00e9sident de la F\u00e9d\u00e9ration fran\u00e7aise de rugby, comme le Rugby Club de Toulon (RCT), l\u2019Aviron Bayonnais ou encore l\u2019Usro Rugby (Ris-Orangis), le Rugby Club de Versailles.<\/p>\n<p class=\" wall-content\"><a href=\"https:\/\/www.instagram.com\/p\/DNOA8PyMs19\/embed\" title=\"Ouvrir le lien sur Instagram\" rel=\"nofollow noopener\" target=\"_blank\">Visualiser le contenu sur Instagram<\/a><\/p>\n<p class=\" wall-content\">\u00abNous garderons de lui le souvenir d\u2019un jeune homme joyeux, g\u00e9n\u00e9reux et passionn\u00e9\u2009\u00bb, souligne l\u2019ACBB Rugby dans son hommage. \u00ab\u2009Tom, je l\u2019ai vu arriver en 2019, reprend C\u00e9dric Daclinat. Il s\u2019\u00e9tait bien int\u00e9gr\u00e9 au club. C\u2019\u00e9tait un gamin motiv\u00e9. La saison pass\u00e9e avait \u00e9t\u00e9 difficile, mais il avait h\u00e2te de suivre la 2e ann\u00e9e des moins de 16 ans.\u2009\u00bb La reprise des entra\u00eenements, sans le jeune gar\u00e7on, sera douloureuse.<\/p>\n<p class=\" wall-content\">\u00ab\u2009Nous r\u00e9fl\u00e9chissons \u00e0 la fa\u00e7on dont nous pourrons honorer sa m\u00e9moire\u2009\u00bb, promet C\u00e9dric Daclinat, qui rappelle qu\u2019une cagnotte en souvenir de Tom a \u00e9t\u00e9 ouverte \u2013 disponible <a href=\"https:\/\/www.leetchi.com\/fr\/c\/en-souvenir-de-tom-1766718?utm_source=native&amp;utm_medium=social_sharing&amp;fbclid=IwY2xjawMH-P9leHRuA2FlbQIxMABicmlkETFydnRNaVZHMDVxTHczMWtHAR5zBVR1EaYjRstgxhCAlzvsjRB8t0hTcncrgr9EMMCL91S9LVN45o3goKQk6Q_aem_EFnTu-u3au8l0TqRrIYPvA\" rel=\"nofollow noopener\" target=\"_blank\">ici<\/a>.<\/p>\n<p class=\" wall-content\">Les obs\u00e8ques du jeune homme auront lieu jeudi 14\u00a0ao\u00fbt \u00e0 14h30 \u00e0 la Paroisse Immacul\u00e9e Conception de Boulogne-Billancourt.<\/p>\n<p class=\" wall-content\">Suivez toute l\u2019actualit\u00e9 de vos villes et m\u00e9dias favoris en vous inscrivant \u00e0 <a href=\"https:\/\/moncompte.actu.fr\" title=\"D\u00e9couvez Mon Actu\" rel=\"nofollow noopener\" data-trk=\"{&quot;cta&quot;:{&quot;action&quot;:&quot;https:\\\/\\\/moncompte.actu.fr&quot;,&quot;category&quot;:&quot;mon compte&quot;,&quot;from&quot;:&quot;article footer&quot;,&quot;name&quot;:&quot;Mon actu&quot;,&quot;type&quot;:&quot;cta&quot;}}\" target=\"_blank\">Mon Actu<\/a>.<\/p>\n<p>                    <script async src=\"\/\/www.instagram.com\/embed.js\"><\/script><\/p>\n","protected":false},"excerpt":{"rendered":"Par Julie Bossart Publi\u00e9 le 12 ao\u00fbt 2025 \u00e0 12h50 \u00ab\u2009Il devait reprendre l\u2019entra\u00eenement\u2026 et il est arriv\u00e9&hellip;\n","protected":false},"author":2,"featured_media":315273,"comment_status":"","ping_status":"","sticky":false,"template":"","format":"standard","meta":{"footnotes":""},"categories":[1416],"tags":[119,118,12116,1011,27,1391,479,1468,60],"class_list":{"0":"post-315272","1":"post","2":"type-post","3":"status-publish","4":"format-standard","5":"has-post-thumbnail","7":"category-rugby","8":"tag-accident","9":"tag-faits-divers","10":"tag-ffr","11":"tag-fr","12":"tag-france","13":"tag-necrologie","14":"tag-rugby","15":"tag-rugby-football","16":"tag-sports"},"share_on_mastodon":{"url":"https:\/\/pubeurope.com\/@fr\/115019093365065848","error":""},"_links":{"self":[{"href":"https:\/\/www.europesays.com\/fr\/wp-json\/wp\/v2\/posts\/315272","targetHints":{"allow":["GET"]}}],"collection":[{"href":"https:\/\/www.europesays.com\/fr\/wp-json\/wp\/v2\/posts"}],"about":[{"href":"https:\/\/www.europesays.com\/fr\/wp-json\/wp\/v2\/types\/post"}],"author":[{"embeddable":true,"href":"https:\/\/www.europesays.com\/fr\/wp-json\/wp\/v2\/users\/2"}],"replies":[{"embeddable":true,"href":"https:\/\/www.europesays.com\/fr\/wp-json\/wp\/v2\/comments?post=315272"}],"version-history":[{"count":0,"href":"https:\/\/www.europesays.com\/fr\/wp-json\/wp\/v2\/posts\/315272\/revisions"}],"wp:featuredmedia":[{"embeddable":true,"href":"https:\/\/www.europesays.com\/fr\/wp-json\/wp\/v2\/media\/315273"}],"wp:attachment":[{"href":"https:\/\/www.europesays.com\/fr\/wp-json\/wp\/v2\/media?parent=315272"}],"wp:term":[{"taxonomy":"category","embeddable":true,"href":"https:\/\/www.europesays.com\/fr\/wp-json\/wp\/v2\/categories?post=315272"},{"taxonomy":"post_tag","embeddable":true,"href":"https:\/\/www.europesays.com\/fr\/wp-json\/wp\/v2\/tags?post=315272"}],"curies":[{"name":"wp","href":"https:\/\/api.w.org\/{rel}","templated":true}]}}