{"id":315276,"date":"2025-08-13T02:29:17","date_gmt":"2025-08-13T02:29:17","guid":{"rendered":"https:\/\/www.europesays.com\/fr\/315276\/"},"modified":"2025-08-13T02:29:17","modified_gmt":"2025-08-13T02:29:17","slug":"sa-future-aventure-en-motogp-et-nos-attentes-pour-2025-%f0%9f%9a%80","status":"publish","type":"post","link":"https:\/\/www.europesays.com\/fr\/315276\/","title":{"rendered":"Sa future aventure en MotoGP et nos attentes pour 2025 \ud83d\ude80"},"content":{"rendered":"<p><img decoding=\"async\" src=\"https:\/\/www.europesays.com\/fr\/wp-content\/uploads\/2025\/08\/689b0fed005260f6ee2e0f78_XPB_1341432_HiRes.jpeg\" alt=\"Podcast : Ce que Steiner va apporter \u00e0 MotoGP + notre liste de souhaits pour 2025\"\/><\/p>\n<p>\ud83d\udd04 L\u2019arriv\u00e9e attendue de Guenther Steiner : Un tournant pour <a href=\"https:\/\/www.tech3racing.fr\/\" target=\"_blank\" rel=\"nofollow noopener\">Tech3<\/a> et le <a href=\"https:\/\/www.motogp.com\/fr\" target=\"_blank\" rel=\"nofollow noopener\">MotoGP<\/a><\/p>\n<p>\nLe monde du MotoGP est sur le point de conna\u00eetre un bouleversement majeur avec l\u2019arriv\u00e9e pressentie de Guenther Steiner \u00e0 la t\u00eate de l\u2019\u00e9quipe Tech3. Connu pour son franc-parler et sa capacit\u00e9 \u00e0 motiver les \u00e9quipes en Formule 1, Steiner apportera sans aucun doute une nouvelle vision et une intensit\u00e9 in\u00e9dite \u00e0 la comp\u00e9tition sur deux-roues. Son exp\u00e9rience acquise pendant des ann\u00e9es dans l\u2019environnement tr\u00e8s concurrentiel de la F1 pourrait se traduire par une gestion plus agile et innovante, poussant Tech3 \u00e0 viser plus haut que jamais.\n<\/p>\n<p>\nSteiner, souvent consid\u00e9r\u00e9 comme un leader charismatique, saura instaurer une culture de la performance, renforcer la coh\u00e9sion d\u2019\u00e9quipe et stimuler chaque membre \u00e0 donner le meilleur de lui-m\u00eame. Ce changement manag\u00e9rial pourrait \u00e9galement avoir un impact sur les strat\u00e9gies de course, la communication interne ainsi que la recherche de nouveaux talents, donnant ainsi \u00e0 Tech3 un nouvel \u00e9lan pour s\u2019imposer durablement dans le paddock.\n<\/p>\n<p><\/p>\n<p>\ud83d\udca1 L\u2019influence de la mentalit\u00e9 F1 : Un renouveau strat\u00e9gique pour Tech3<\/p>\n<p>\nL\u2019arriv\u00e9e de Guenther Steiner en MotoGP marque l\u2019introduction d\u2019une culture d\u2019entreprise et d\u2019une approche strat\u00e9gique inspir\u00e9es de la Formule 1. Les m\u00e9canismes de gestion des ressources humaines, le d\u00e9veloppement technique et l\u2019analyse de la donn\u00e9e, essentiels en F1, ouvrent la voie \u00e0 une transformation profonde de la structure m\u00eame de l\u2019\u00e9quipe Tech3. Cette infusion de nouvelles m\u00e9thodes pourrait booster l\u2019adaptabilit\u00e9 et l\u2019efficacit\u00e9 de l\u2019\u00e9curie sur les circuits internationaux.\n<\/p>\n<p>\nEn introduisant des process issus du plus haut niveau automobile, Tech3 pourrait d\u00e9ployer des approches in\u00e9dites en termes de pr\u00e9paration de course, de gestion de la pression et d\u2019am\u00e9lioration continue. Cela passera par la mise en place de syst\u00e8mes de communication avanc\u00e9s, le recours \u00e0 l\u2019intelligence artificielle pour l\u2019analyse des performances et l\u2019accent mis sur le travail d\u2019\u00e9quipe, favorisant ainsi une comp\u00e9titivit\u00e9 accrue face aux g\u00e9ants du plateau.\n<\/p>\n<p><\/p>\n<p>\ud83c\udfcd\ufe0f Nos souhaits pour une saison 2025 spectaculaire<\/p>\n<p>\n\u00c0 l\u2019aube de cette nouvelle \u00e8re, toute la communaut\u00e9 MotoGP nourrit des espoirs vibrants quant au spectacle propos\u00e9 lors de la saison 2025. Voici une liste de v\u0153ux que nous partageons pour faire de cette ann\u00e9e un mill\u00e9sime exceptionnel :\n<\/p>\n<ul>\n<li>Voir de nouveaux talents \u00e9merger sur le devant de la sc\u00e8ne, bousculant la hi\u00e9rarchie \u00e9tablie et red\u00e9finissant les \u00e9quilibres du plateau.<\/li>\n<li>Assister \u00e0 des duels haletants entre les \u00e9quipes leaders et des surprises de la part des outsiders. Le suspense doit rester intact du premier au dernier tour.<\/li>\n<li>Que la comp\u00e9tition entre fr\u00e8res et co\u00e9quipiers soit saine mais f\u00e9roce, offrant aux fans des courses m\u00e9morables marqu\u00e9es par l\u2019intensit\u00e9 et le respect.<\/li>\n<li>Esp\u00e9rer que la cr\u00e9ativit\u00e9 des ing\u00e9nieurs et des strat\u00e8ges repousse les limites technologiques, amenant aux pilotes des machines toujours plus performantes et s\u00e9curis\u00e9es.<\/li>\n<\/ul>\n<p>\nEnfin, que les fans soient plac\u00e9s au c\u0153ur du spectacle, avec plus d\u2019interactions, des contenus immersifs et des \u00e9v\u00e9nements sp\u00e9ciaux pour vivre leur passion pleinement, o\u00f9 qu\u2019ils soient dans le monde.\n<\/p>\n<p>\ud83e\udd47 Les enjeux majeurs pour les pilotes et l\u2019incroyable pari de Tech3<\/p>\n<p>\nL\u2019\u00e9curie Tech3, forte du potentiel d\u2019innovation et du renouveau impuls\u00e9 par Steiner, devra n\u00e9anmoins relever plusieurs d\u00e9fis majeurs pour s\u2019imposer durablement. Le premier enjeu sera d\u2019instaurer la confiance entre le management et les pilotes afin de d\u00e9velopper une alchimie victorieuse. Les ambitions \u00e9lev\u00e9es du projet devront \u00eatre accompagn\u00e9es d\u2019investissements judicieux et d\u2019un soutien logistique sans faille.\n<\/p>\n<p>\nDu c\u00f4t\u00e9 des pilotes, la pression sera maximale pour se distinguer dans un environnement plus exigeant. On attend des progressions significatives dans les performances individuelles, mais aussi une capacit\u00e9 \u00e0 s\u2019adapter rapidement aux bouleversements induits par ce changement de direction. L\u2019engagement, la r\u00e9silience et la d\u00e9termination seront plus que jamais les cl\u00e9s du succ\u00e8s.\n<\/p>\n<p>\nSans oublier que la saison 2025 se jouera \u00e9galement sur la capacit\u00e9 de l\u2019\u00e9quipe \u00e0 renforcer sa synergie avec les partenaires techniques et fournisseurs, tout en gardant une identit\u00e9 forte et un esprit d\u2019innovation diff\u00e9renciant.\n<\/p>\n<p>\u2728 Conclusion : Saisir l\u2019opportunit\u00e9 d\u2019un nouveau d\u00e9part<\/p>\n<p>\nL\u2019arriv\u00e9e imminente de Guenther Steiner chez Tech3 repr\u00e9sente bien plus qu\u2019un simple mouvement dans le paddock : c\u2019est le symbole d\u2019une nouvelle dynamique et d\u2019une ambition retrouv\u00e9e pour une \u00e9quipe en qu\u00eate de reconnaissance et de victoires. \u00c0 l\u2019aube de la saison 2025, les enjeux sont multiples mais l\u2019enthousiasme est palpable. Pilotes, \u00e9quipe et fans se pr\u00e9parent \u00e0 vivre une aventure hors du commun, o\u00f9 tout devient possible \u00e0 force de travail, de passion et d\u2019innovation.\n<\/p>\n<p>\nQue ce virage historique soit synonyme d\u2019\u00e9panouissement, de r\u00e9ussites spectaculaires et d\u2019un MotoGP encore plus grand ! Rejoignez-nous dans cette aventure et pr\u00e9parez-vous \u00e0 vibrer au rythme des exploits techniques et humains qui feront la l\u00e9gende de la prochaine saison !\n<\/p>\n<p>Dans cet esprit d\u2019innovation et d\u2019ambition, pourquoi ne pas envisager de r\u00e9aliser votre r\u00eave automobile, comme piloter une <a href=\"https:\/\/www.ferrari.com\/fr-FR\/auto\/488-gtb\" target=\"_blank\" rel=\"nofollow noopener\">Ferrari 488 GTB<\/a> gr\u00e2ce \u00e0 une solution de <a href=\"https:\/\/www.joinsteer.com\" target=\"_blank\" rel=\"nofollow noopener\">leasing flexible avec Joinsteer<\/a> ? Osez la l\u00e9gende, vivez l\u2019exp\u00e9rience !<\/p>\n","protected":false},"excerpt":{"rendered":"\ud83d\udd04 L\u2019arriv\u00e9e attendue de Guenther Steiner : Un tournant pour Tech3 et le MotoGP Le monde du MotoGP&hellip;\n","protected":false},"author":2,"featured_media":315277,"comment_status":"","ping_status":"","sticky":false,"template":"","format":"standard","meta":{"footnotes":""},"categories":[1413],"tags":[1011,27,1457,1456,60],"class_list":{"0":"post-315276","1":"post","2":"type-post","3":"status-publish","4":"format-standard","5":"has-post-thumbnail","7":"category-moto","8":"tag-fr","9":"tag-france","10":"tag-moto","11":"tag-motocycle","12":"tag-sports"},"share_on_mastodon":{"url":"https:\/\/pubeurope.com\/@fr\/115019105255692073","error":""},"_links":{"self":[{"href":"https:\/\/www.europesays.com\/fr\/wp-json\/wp\/v2\/posts\/315276","targetHints":{"allow":["GET"]}}],"collection":[{"href":"https:\/\/www.europesays.com\/fr\/wp-json\/wp\/v2\/posts"}],"about":[{"href":"https:\/\/www.europesays.com\/fr\/wp-json\/wp\/v2\/types\/post"}],"author":[{"embeddable":true,"href":"https:\/\/www.europesays.com\/fr\/wp-json\/wp\/v2\/users\/2"}],"replies":[{"embeddable":true,"href":"https:\/\/www.europesays.com\/fr\/wp-json\/wp\/v2\/comments?post=315276"}],"version-history":[{"count":0,"href":"https:\/\/www.europesays.com\/fr\/wp-json\/wp\/v2\/posts\/315276\/revisions"}],"wp:featuredmedia":[{"embeddable":true,"href":"https:\/\/www.europesays.com\/fr\/wp-json\/wp\/v2\/media\/315277"}],"wp:attachment":[{"href":"https:\/\/www.europesays.com\/fr\/wp-json\/wp\/v2\/media?parent=315276"}],"wp:term":[{"taxonomy":"category","embeddable":true,"href":"https:\/\/www.europesays.com\/fr\/wp-json\/wp\/v2\/categories?post=315276"},{"taxonomy":"post_tag","embeddable":true,"href":"https:\/\/www.europesays.com\/fr\/wp-json\/wp\/v2\/tags?post=315276"}],"curies":[{"name":"wp","href":"https:\/\/api.w.org\/{rel}","templated":true}]}}