{"id":315278,"date":"2025-08-13T02:30:10","date_gmt":"2025-08-13T02:30:10","guid":{"rendered":"https:\/\/www.europesays.com\/fr\/315278\/"},"modified":"2025-08-13T02:30:10","modified_gmt":"2025-08-13T02:30:10","slug":"50me-le-psg-reclame-une-folie-qui-seme-la-panique-le-mercato","status":"publish","type":"post","link":"https:\/\/www.europesays.com\/fr\/315278\/","title":{"rendered":"50M\u20ac : Le PSG r\u00e9clame une folie qui s\u00e8me la panique le mercato !"},"content":{"rendered":"<p>                    Arthur Montagne<br \/>\n                        &#8211;<\/p>\n<p>Journaliste<\/p>\n<p>Affam\u00e9 de sport, il a grandi au son des moteurs de Formule 1 et des exploits de Ronaldinho. Aujourd\u2019hui, diplom\u00e9 d&rsquo;un Master de journalisme de sport, il ne rate plus un Grand Prix de F1 ni un match du PSG, ses deux passions et sp\u00e9cialit\u00e9s<\/p>\n<p class=\"heading\">Apr\u00e8s avoir officialis\u00e9 le transfert de Lucas Chevalier, qui d\u00e9barque pour 55M\u20ac, bonus compris, le PSG doit d\u00e9sormais trouver une solution pour se s\u00e9parer de Gianluigi Donnarumma dont le contrat prend fin en juin 2026. Une situation d\u00e9licate puisque les options sont rares sur le march\u00e9, et les exigences du club parisien ne risque pas de faciliter les choses.<\/p>\n<p>La fin du mercato du <strong>PSG <\/strong>va \u00eatre clairement anim\u00e9e par le cas <strong>Donnarumma<\/strong>. Et pour cause, avec l&rsquo;arriv\u00e9e de <a href=\"https:\/\/le10sport.com\/football\/ligue1\/psg\/psg-depart-de-donnarumma-la-fakenews-denoncee-a-letranger-753989\" rel=\"nofollow noopener\" target=\"_blank\">Lucas Chevalier<\/a>, le portier italien se retrouve sans avenir \u00e0 Paris alors que son contrat prendra fin en juin 2026. Preuve qu&rsquo;il n&rsquo;entre plus dans les plans de <strong>Luis Enrique<\/strong>, l&rsquo;ancien Milanais n&rsquo;est d&rsquo;ailleurs m\u00eame dans le groupe qui se d\u00e9place \u00e0 Udine pour la Supercoupe d&rsquo;Europe mercredi soir contre <strong>Tottenham<\/strong>.<\/p>\n<p>                                            Le PSG r\u00e9clame 50M\u20ac pour Donnarumma<\/p>\n<p>Par cons\u00e9quent, un transfert de <strong>Gianluigi Donnarumma<\/strong> semble d\u00e9sormais in\u00e9vitable \u00e0 la fois pour le joueur, qui risque de passer une saison compl\u00e8te sans jouer, ou pour le <strong>PSG<\/strong>, qui \u00e9viterait un d\u00e9part libre cet \u00e9t\u00e9. Cependant, selon les informations de <strong>Fabrizio Romano<\/strong>, le club de la capitale se montre beaucoup trop gourmand et r\u00e9clamerait pas moins de 50M\u20ac pour vendre son gardien italien auquel il ne reste qu&rsquo;un an de contrat.<\/p>\n<p>                                            Un transfert inaccessible pour Manchester City ?<\/p>\n<p>A ce prix-l\u00e0, peu de clubs devraient se manifester, pas m\u00eame <strong>Manchester City<\/strong> qui juge ce prix trop \u00e9lev\u00e9 selon <strong>Fabrizio Romano<\/strong>. D&rsquo;autant plus que les Citizens ne bougeront que si <strong>Ederson <\/strong>\u00e9tait vendu. Dans le m\u00eame temps, malgr\u00e9 les rumeurs, <strong>Chelsea <\/strong>ne serait pas int\u00e9ress\u00e9 par un transfert de <strong>Gianluigi Donarumma <\/strong>qui se retrouve donc dans une impasse. Mais le mercato est encore loin d&rsquo;\u00eatre termin\u00e9 et compte tenu de l&rsquo;urgence de cette vente, le <strong>PSG <\/strong>pourrait bien revoir ses exigences \u00e0 la baisse dans les prochaines semaines afin de boucler ce transfert.<\/p>\n","protected":false},"excerpt":{"rendered":"Arthur Montagne &#8211; Journaliste Affam\u00e9 de sport, il a grandi au son des moteurs de Formule 1 et&hellip;\n","protected":false},"author":2,"featured_media":315279,"comment_status":"","ping_status":"","sticky":false,"template":"","format":"standard","meta":{"footnotes":""},"categories":[1412],"tags":[1451,1452,1453,1454,1455,1011,27,60],"class_list":{"0":"post-315278","1":"post","2":"type-post","3":"status-publish","4":"format-standard","5":"has-post-thumbnail","7":"category-f1","8":"tag-f1","9":"tag-formula-1","10":"tag-formula1","11":"tag-formule-1","12":"tag-formule1","13":"tag-fr","14":"tag-france","15":"tag-sports"},"share_on_mastodon":{"url":"https:\/\/pubeurope.com\/@fr\/115019109075820035","error":""},"_links":{"self":[{"href":"https:\/\/www.europesays.com\/fr\/wp-json\/wp\/v2\/posts\/315278","targetHints":{"allow":["GET"]}}],"collection":[{"href":"https:\/\/www.europesays.com\/fr\/wp-json\/wp\/v2\/posts"}],"about":[{"href":"https:\/\/www.europesays.com\/fr\/wp-json\/wp\/v2\/types\/post"}],"author":[{"embeddable":true,"href":"https:\/\/www.europesays.com\/fr\/wp-json\/wp\/v2\/users\/2"}],"replies":[{"embeddable":true,"href":"https:\/\/www.europesays.com\/fr\/wp-json\/wp\/v2\/comments?post=315278"}],"version-history":[{"count":0,"href":"https:\/\/www.europesays.com\/fr\/wp-json\/wp\/v2\/posts\/315278\/revisions"}],"wp:featuredmedia":[{"embeddable":true,"href":"https:\/\/www.europesays.com\/fr\/wp-json\/wp\/v2\/media\/315279"}],"wp:attachment":[{"href":"https:\/\/www.europesays.com\/fr\/wp-json\/wp\/v2\/media?parent=315278"}],"wp:term":[{"taxonomy":"category","embeddable":true,"href":"https:\/\/www.europesays.com\/fr\/wp-json\/wp\/v2\/categories?post=315278"},{"taxonomy":"post_tag","embeddable":true,"href":"https:\/\/www.europesays.com\/fr\/wp-json\/wp\/v2\/tags?post=315278"}],"curies":[{"name":"wp","href":"https:\/\/api.w.org\/{rel}","templated":true}]}}