{"id":315288,"date":"2025-08-13T02:35:20","date_gmt":"2025-08-13T02:35:20","guid":{"rendered":"https:\/\/www.europesays.com\/fr\/315288\/"},"modified":"2025-08-13T02:35:20","modified_gmt":"2025-08-13T02:35:20","slug":"clamser-a-tataouine-les-vertiges-assassins-de-la-marge","status":"publish","type":"post","link":"https:\/\/www.europesays.com\/fr\/315288\/","title":{"rendered":"Clamser \u00e0 Tataouine : les vertiges assassins de la marge"},"content":{"rendered":"<p>Premier roman et d\u00e9j\u00e0, l\u2019empreinte est reconnaissable. D\u00e8s les premi\u00e8res lignes, on retrouve son phras\u00e9, sa patte unique. La langue du com\u00e9dien, c\u00e9sar de la r\u00e9v\u00e9lation masculine en 2024 pour sa  prestation dans\u00a0Chien de la casse\u00a0de\u00a0<strong>Jean-Baptiste Durand<\/strong> est vive, gouailleuse, directe, expressive. <strong>Rapha\u00ebl Quenard <\/strong>\u00e9crit comme il parle, mariant avec aisance formulations populaires et tournures plus travaill\u00e9es. \u00c7a fuse, \u00e7a joue des images comme des r\u00e9pliques, avec un plaisir \u00e9vident \u00e0 faire sonner les mots, \u00e0 d\u00e9passer l\u2019\u00e9crit pour le faire r\u00e9sonner aux oreilles du lecteur.<\/p>\n<p><strong>Une errance sans horizon\u00a0<\/strong><\/p>\n<p><img loading=\"lazy\" decoding=\"async\" width=\"293\" height=\"456\" src=\"data:image\/svg+xml,%3Csvg%20xmlns=\" http:=\"\" alt=\"\" class=\"wp-image-71877\" data-lazy- data-lazy- data-lazy-src=\"https:\/\/www.europesays.com\/fr\/wp-content\/uploads\/2025\/08\/9782080471024.jpg\"\/><\/p>\n<p>Derri\u00e8re cette pens\u00e9e qui coule et roule comme une cascade, se cache une histoire en apparence simple. Le narrateur, un jeune homme de moins de trente ans, s\u2019ennuie, ressasse son existence morne, revient d\u2019une tentative de suicide rat\u00e9e. Sans plus rien attendre de la vie, d\u00e9j\u00e0 blas\u00e9 de tout, il s\u2019installe \u00e0 Tataouine, dans une forme de routine, chez Liliane, une vieille dame, ancienne productrice de cin\u00e9ma.<\/p>\n<p>Vivant au jour le jour, sans but, il couche sur le papier le r\u00e9cit d\u2019une vie \u2014 la sienne ou celle de son double fantasm\u00e9\u2026 qui sait ? Au fil des pages, se dessine le portrait d\u2019un gar\u00e7on \u00e0 la marge, lucide autant que cynique, d\u00e9cid\u00e9 \u00e0 r\u00e9gler ses comptes avec une soci\u00e9t\u00e9 dans laquelle il ne se reconna\u00eet pas. Son choix est fait : il fera une victime par strate sociale, de l\u2019aristocrate \u00e0 la SDF. Presque toujours une femme.<\/p>\n<p><strong>Un rythme de polar noir<\/strong><\/p>\n<p>Le roman d\u00e9voile, page apr\u00e8s page, l\u2019histoire d\u2019un enfant is\u00e9rois devenu un implacable tueur en s\u00e9rie. Chaque meurtre, plus atroce que le pr\u00e9c\u00e9dent, est d\u00e9crit avec une pr\u00e9cision froide et chirurgicale. Un chapitre, un meurtre, une fuite. On devine vite o\u00f9 cela m\u00e8ne, mais on suit quand m\u00eame. La langue accroche. Les dialogues claquent. Quenard ma\u00eetrise le tempo.<\/p>\n<p>C\u2019est l\u00e0 que r\u00e9side la force du livre : dans cette voix qu\u2019on reconna\u00eet instantan\u00e9ment, ce m\u00e9lange de verve populaire et d\u2019ironie mordante, ces portraits qui croquent en quelques mots les travers d\u2019aujourd\u2019hui. On rit, parfois malgr\u00e9 soi. On se laisse happer par un humour noir qui flirte avec le cynisme.<\/p>\n<p><strong>Quand la provocation s\u2019\u00e9mousse<\/strong><\/p>\n<p>Mais le charme se heurte \u00e0 un malaise. Le tueur aligne les f\u00e9minicides comme s\u2019il s\u2019agissait d\u2019un jeu macabre. L\u2019auteur justifie ses actes en expliquant qu\u2019il s\u2019en prend \u00e0 ce qu\u2019il aime le plus. L\u2019argument ne suffit pas \u00e0 dissiper l\u2019impression de violence gratuite et de sexisme complaisant. La provocation jouissive finit par tourner sur elle-m\u00eame et s\u2019essouffle dans un geste qui oscille entre authenticit\u00e9 et concupiscence.<\/p>\n<p>Court et nerveux, Clamser \u00e0 Tataouine se lit d\u2019une traite. Le style Quenard captive et s\u2019impose insensiblement. Pourtant, une impression \u00e9trange persiste : on en sort partag\u00e9, entre le plaisir d\u2019une \u00e9criture libre et l\u2019inconfort d\u2019un propos qui d\u00e9range.<\/p>\n<p class=\"has-small-font-size\"><strong>Clamser \u00e0 Tataouine de Rapha\u00ebl Quenard<\/strong><br \/><a href=\"https:\/\/editions.flammarion.com\/clamser-a-tataouine\/9782080471024\" target=\"_blank\" rel=\"noreferrer noopener nofollow\">\u00c9ditions Flammarion <br \/><\/a>paru le 14 mai 2025<br \/>192 pages<br \/>prix conseill\u00e9 22 euros<\/p>\n<p>                    <a href=\"#\" rel=\"nofollow\" onclick=\"window.print(); pfTrackEvent('&lt;em&gt;Clamser \u00e0 Tataouine&lt;\/em&gt; : les vertiges assassins de la marge'); return false;\" title=\"Printer Friendly, PDF &amp; Email\"><br \/>\n                    <img decoding=\"async\" class=\"pf-button-img\" src=\"data:image\/svg+xml,%3Csvg%20xmlns=\" http:=\"\" alt=\"Print Friendly, PDF &amp; Email\" style=\"width: 194px;height: 30px;\" data-lazy-src=\"https:\/\/www.europesays.com\/fr\/wp-content\/uploads\/2025\/08\/printfriendly-pdf-email-button-md.png\"\/><br \/>\n                    <\/a><\/p>\n","protected":false},"excerpt":{"rendered":"Premier roman et d\u00e9j\u00e0, l\u2019empreinte est reconnaissable. D\u00e8s les premi\u00e8res lignes, on retrouve son phras\u00e9, sa patte unique.&hellip;\n","protected":false},"author":2,"featured_media":315289,"comment_status":"","ping_status":"","sticky":false,"template":"","format":"standard","meta":{"footnotes":""},"categories":[1357],"tags":[1379,58,45422,59,1011,27,1380,22261],"class_list":{"0":"post-315288","1":"post","2":"type-post","3":"status-publish","4":"format-standard","5":"has-post-thumbnail","7":"category-livres","8":"tag-books","9":"tag-divertissement","10":"tag-editions-flammarion","11":"tag-entertainment","12":"tag-fr","13":"tag-france","14":"tag-livres","15":"tag-raphael-quenard"},"share_on_mastodon":{"url":"https:\/\/pubeurope.com\/@fr\/115019128752739490","error":""},"_links":{"self":[{"href":"https:\/\/www.europesays.com\/fr\/wp-json\/wp\/v2\/posts\/315288","targetHints":{"allow":["GET"]}}],"collection":[{"href":"https:\/\/www.europesays.com\/fr\/wp-json\/wp\/v2\/posts"}],"about":[{"href":"https:\/\/www.europesays.com\/fr\/wp-json\/wp\/v2\/types\/post"}],"author":[{"embeddable":true,"href":"https:\/\/www.europesays.com\/fr\/wp-json\/wp\/v2\/users\/2"}],"replies":[{"embeddable":true,"href":"https:\/\/www.europesays.com\/fr\/wp-json\/wp\/v2\/comments?post=315288"}],"version-history":[{"count":0,"href":"https:\/\/www.europesays.com\/fr\/wp-json\/wp\/v2\/posts\/315288\/revisions"}],"wp:featuredmedia":[{"embeddable":true,"href":"https:\/\/www.europesays.com\/fr\/wp-json\/wp\/v2\/media\/315289"}],"wp:attachment":[{"href":"https:\/\/www.europesays.com\/fr\/wp-json\/wp\/v2\/media?parent=315288"}],"wp:term":[{"taxonomy":"category","embeddable":true,"href":"https:\/\/www.europesays.com\/fr\/wp-json\/wp\/v2\/categories?post=315288"},{"taxonomy":"post_tag","embeddable":true,"href":"https:\/\/www.europesays.com\/fr\/wp-json\/wp\/v2\/tags?post=315288"}],"curies":[{"name":"wp","href":"https:\/\/api.w.org\/{rel}","templated":true}]}}