{"id":315292,"date":"2025-08-13T02:37:16","date_gmt":"2025-08-13T02:37:16","guid":{"rendered":"https:\/\/www.europesays.com\/fr\/315292\/"},"modified":"2025-08-13T02:37:16","modified_gmt":"2025-08-13T02:37:16","slug":"rise-against-devoile-la-chanson-titre-de-son-nouvel-album","status":"publish","type":"post","link":"https:\/\/www.europesays.com\/fr\/315292\/","title":{"rendered":"Rise Against d\u00e9voile la chanson-titre de son nouvel album"},"content":{"rendered":"<p><strong><a href=\"https:\/\/www.metalzone.fr\/rise-against\/\" rel=\"nofollow noopener\" target=\"_blank\">Rise Against<\/a> l\u00e8ve le voile sur Ricochet, la chanson qui donne son titre \u00e0 son prochain album attendu ce vendredi, offrant un dernier aper\u00e7u d\u2019un disque plac\u00e9 sous le signe de l\u2019interconnexion et de la r\u00e9sistance.<\/strong><\/p>\n<p>Un message de solidarit\u00e9 au c\u0153ur de Ricochet<\/p>\n<p>Quatre ans apr\u00e8s Nowhere Generation, Rise Against s\u2019appr\u00eate \u00e0 publier Ricochet, son dixi\u00e8me album, le 15 ao\u00fbt via Loma Vista Recordings. La chanson \u00e9ponyme, d\u00e9voil\u00e9e aujourd\u2019hui, en constitue le dernier avant-go\u00fbt. Port\u00e9e par un m\u00e9lange d\u2019acoustique, de programmation rythmique et d\u2019\u00e9nergie <a href=\"https:\/\/www.metalzone.fr\/rock\/\" rel=\"nofollow noopener\" target=\"_blank\">punk rock<\/a>, elle met en avant un th\u00e8me central : la responsabilit\u00e9 collective. Tim McIlrath explique : \u201cNous d\u00e9pendons les uns des autres, que nous le voulions ou non. Ce que nous faisons, en bien ou en mal, cr\u00e9e un grand effet ricochet\u201d.<\/p>\n<p>Le morceau s\u2019accompagne d\u2019un clip puissant, illustrant l\u2019opposition entre l\u2019insouciance et la destruction. Le chanteur pr\u00e9cise : \u201cM\u00eame notre silence et notre d\u00e9tachement ont un poids\u201d. Ce contraste visuel et sonore refl\u00e8te, selon lui, l\u2019\u00e9poque actuelle, o\u00f9 l\u2019indiff\u00e9rence c\u00f4toie la crise.<\/p>\n<p>Un album entre lucidit\u00e9 et urgence<\/p>\n<p>Produit par Catherine Marks et mix\u00e9 par Alan Moulder, Ricochet s\u2019annonce comme une \u0153uvre \u00e0 la fois introspective et engag\u00e9e. Au fil de douze chansons, le groupe aborde des sujets tels que la mont\u00e9e des nationalismes, les promesses non tenues, la sant\u00e9 mentale ou encore l\u2019impact des algorithmes, tout en conservant une lueur d\u2019espoir. La tracklist inclut notamment Nod, I Want It All et Prizefighter, d\u00e9j\u00e0 salu\u00e9s par la presse sp\u00e9cialis\u00e9e, un sujet que nous avions abord\u00e9 <a href=\"https:\/\/www.metalzone.fr\/news\/215211-rise-against-album-responsabilite-collective\/\" target=\"_blank\" rel=\"noopener nofollow\">dans ce pr\u00e9c\u00e9dent article<\/a>.<\/p>\n<p>Rise Against, qui a r\u00e9cemment retrouv\u00e9 la sc\u00e8ne du Vans Warped Tour et encha\u00een\u00e9 les concerts sur trois continents, confirme avec Ricochet sa volont\u00e9 d\u2019allier puissance musicale et message politique clair.<\/p>\n<p>Tracklist de Ricochet :<\/p>\n<ol>\n<li>Nod<\/li>\n<li>I Want It All<\/li>\n<li>Ricochet<\/li>\n<li>Damage Is Done<\/li>\n<li>Us Against The World<\/li>\n<li>Black Crown<\/li>\n<li>Sink Like A Stone<\/li>\n<li>Forty Days<\/li>\n<li>State Of Emergency<\/li>\n<li>Gold Long Gone<\/li>\n<li>Soldier<\/li>\n<li>Prizefighter<\/li>\n<\/ol>\n","protected":false},"excerpt":{"rendered":"Rise Against l\u00e8ve le voile sur Ricochet, la chanson qui donne son titre \u00e0 son prochain album attendu&hellip;\n","protected":false},"author":2,"featured_media":315293,"comment_status":"","ping_status":"","sticky":false,"template":"","format":"standard","meta":{"footnotes":""},"categories":[1355],"tags":[58,59,1011,27,1361,873],"class_list":{"0":"post-315292","1":"post","2":"type-post","3":"status-publish","4":"format-standard","5":"has-post-thumbnail","7":"category-musique","8":"tag-divertissement","9":"tag-entertainment","10":"tag-fr","11":"tag-france","12":"tag-music","13":"tag-musique"},"share_on_mastodon":{"url":"https:\/\/pubeurope.com\/@fr\/115019136667332143","error":""},"_links":{"self":[{"href":"https:\/\/www.europesays.com\/fr\/wp-json\/wp\/v2\/posts\/315292","targetHints":{"allow":["GET"]}}],"collection":[{"href":"https:\/\/www.europesays.com\/fr\/wp-json\/wp\/v2\/posts"}],"about":[{"href":"https:\/\/www.europesays.com\/fr\/wp-json\/wp\/v2\/types\/post"}],"author":[{"embeddable":true,"href":"https:\/\/www.europesays.com\/fr\/wp-json\/wp\/v2\/users\/2"}],"replies":[{"embeddable":true,"href":"https:\/\/www.europesays.com\/fr\/wp-json\/wp\/v2\/comments?post=315292"}],"version-history":[{"count":0,"href":"https:\/\/www.europesays.com\/fr\/wp-json\/wp\/v2\/posts\/315292\/revisions"}],"wp:featuredmedia":[{"embeddable":true,"href":"https:\/\/www.europesays.com\/fr\/wp-json\/wp\/v2\/media\/315293"}],"wp:attachment":[{"href":"https:\/\/www.europesays.com\/fr\/wp-json\/wp\/v2\/media?parent=315292"}],"wp:term":[{"taxonomy":"category","embeddable":true,"href":"https:\/\/www.europesays.com\/fr\/wp-json\/wp\/v2\/categories?post=315292"},{"taxonomy":"post_tag","embeddable":true,"href":"https:\/\/www.europesays.com\/fr\/wp-json\/wp\/v2\/tags?post=315292"}],"curies":[{"name":"wp","href":"https:\/\/api.w.org\/{rel}","templated":true}]}}