{"id":31530,"date":"2025-04-17T11:16:17","date_gmt":"2025-04-17T11:16:17","guid":{"rendered":"https:\/\/www.europesays.com\/fr\/31530\/"},"modified":"2025-04-17T11:16:17","modified_gmt":"2025-04-17T11:16:17","slug":"ca-creera-des-soucis-pour-les-patients-et-habitants","status":"publish","type":"post","link":"https:\/\/www.europesays.com\/fr\/31530\/","title":{"rendered":"\u00c7a cr\u00e9era des soucis pour les patients et habitants"},"content":{"rendered":"<p>            Par<br \/>\n        <strong><br \/>\n            <a href=\"https:\/\/actu.fr\/auteur\/margot-fournie\" title=\"Consulter tous les articles de Margot Fournie\" rel=\"nofollow noopener\" target=\"_blank\">Margot Fournie<\/a><br \/>\n        <\/strong><\/p>\n<p>        Publi\u00e9 le<\/p>\n<p>            16 avr. 2025 \u00e0 10h40        <\/p>\n<p>Strasbourg accueille une halte soins addictions (HSA), nomm\u00e9e Argos, <strong>depuis 2016<\/strong>. G\u00e9r\u00e9 par l\u2019association Ithaque, le lieu <strong>accompagne les usagers<\/strong> de drogues vers le soin, leur propose <strong>une \u00e9coute<\/strong> et <a href=\"https:\/\/actu.fr\/grand-est\/strasbourg_67482\/strasbourg-usagers-salle-shoot-argos-pourront-etre-heberges-printemps_30722348.html\" rel=\"nofollow noopener\" target=\"_blank\">un h\u00e9bergement<\/a>.<\/p>\n<p class=\" wall-content\"><strong>Probl\u00e8me<\/strong>\u2009: cette exp\u00e9rimentation devrait <strong>s\u2019arr\u00eater le 31\u00a0d\u00e9cembre prochain<\/strong>, laissant\u00a0la structure et ses patients <strong>dans le flou<\/strong>.<\/p>\n<p>Deux associations attaquent l\u2019\u00c9tat en justice pour \u00ab\u2009inaction\u2009\u00bb<\/p>\n<p class=\" wall-content\">Les associations <strong>M\u00e9decins du monde<\/strong> et la <strong>F\u00e9d\u00e9ration addiction<\/strong> ont pris les devants. Lundi 14\u00a0avril, elles ont attaqu\u00e9 l\u2019\u00c9tat en justice, notamment pour \u00ab\u2009inaction\u2009\u00bb et ont demand\u00e9 au tribunal administratif la p\u00e9rennisation de la <a href=\"https:\/\/actu.fr\/ile-de-france\/paris_75056\/un-mepris-en-test-depuis-9-ans-l-unique-salle-de-consommation-de-drogues-de-paris-pourrait-disparaitre_62497609.html\" rel=\"nofollow noopener\" target=\"_blank\">salle de consommation<\/a> de Paris et de Strasbourg.<\/p>\n<p class=\" wall-content\">Sur <a href=\"https:\/\/www.federationaddiction.fr\/thematiques\/reduction-des-risques\/haltes-soins-addictions-la-federation-addiction-sassocie-aux-contentieux-de-medecins-du-monde-contre-letat\/\" rel=\"nofollow noopener\" target=\"_blank\">son site<\/a> F\u00e9d\u00e9ration addiction pr\u00e9cise que \u00ab\u2009M\u00e9decins du monde initie <strong>deux proc\u00e9dures<\/strong> <strong>contentieuses in\u00e9dites<\/strong> en mati\u00e8re de r\u00e9duction des risques\u2009: cette d\u00e9marche vise \u00e0 <strong>d\u00e9noncer l\u2019obstruction de l\u2019\u00c9tat<\/strong> \u00e0 la mise en place de haltes soins addictions (HSA). La F\u00e9d\u00e9ration addiction s\u2019associe \u00e0 cette action en justice, convaincue que l\u2019absence de cr\u00e9ation de nouvelles HSA <strong>constitue une faute grave de l\u2019\u00c9tat<\/strong>.\u2009\u00bb<\/p>\n<p class=\" wall-content\">Par ailleurs, la maire de Strasbourg, Jeanne Barseghian, s\u2019est \u00e9galement exprim\u00e9e \u00e0 ce sujet via un communiqu\u00e9. Elle aussi a appel\u00e9 \u00e0 la p\u00e9rennisation des salles.<\/p>\n<p>Vid\u00e9os : en ce moment sur Actu\u00ab\u2009Un soutien bienvenu\u2009\u00bb pour la halte soins addictions de Strasbourg<\/p>\n<p class=\" wall-content\">\u00ab\u2009Ce soutien des deux associations, <strong>cette mobilisation est bienvenue<\/strong>\u2009\u00bb, assure Nicolas Ducournau, chef de service \u00e0 la HSA de Strasbourg.<\/p>\n<p class=\" wall-content\">Tout simplement parce qu\u2019en \u00ab\u2009l\u2019\u00e9tat actuel des choses, on n\u2019a <strong>aucune visibilit\u00e9<\/strong> sur la suite.\u2009\u00bb<\/p>\n<p>En 2024, 740\u00a0personnes sont venues \u00e0 la HSA<\/p>\n<p class=\" wall-content\">Nicolas Ducournau rappelle qu\u2019en \u00ab\u20092024, 740\u00a0personnes diff\u00e9rentes sont venues \u00e0 la HSA. C\u2019est 2200 depuis son ouverture. On en a <strong>50 qui viennent chaque jour<\/strong>.\u2009\u00bb<\/p>\n<p class=\" wall-content\">Sans cette structure, ces \u00ab\u2009usagers <strong>perdront une chance d\u2019acc\u00e9der aux soins<\/strong>. Ils seront contraints de consommer dehors, dans de <strong>mauvaises conditions<\/strong>. \u00c7a les replongera dans un <strong>isolement<\/strong>, puisque l\u2019on est aussi un lieu d\u2019\u00e9coute. Certains seront mis \u00e0 la rue comme on les h\u00e9berge.\u2009\u00bb<\/p>\n<p class=\" wall-content\">Inquiet, il glisse que \u00ab\u2009\u00e7a <strong>engendrera des probl\u00e8mes pour les patients<\/strong>, mais aussi pour les Strasbourgeois.\u2009\u00bb<\/p>\n<p class=\" wall-content\">Suivez toute l\u2019actualit\u00e9 de vos villes et m\u00e9dias favoris en vous inscrivant \u00e0 <a href=\"https:\/\/moncompte.actu.fr\" title=\"D\u00e9couvez Mon Actu\" rel=\"nofollow noopener\" data-trk=\"{&quot;cta&quot;:{&quot;action&quot;:&quot;https:\\\/\\\/moncompte.actu.fr&quot;,&quot;category&quot;:&quot;mon compte&quot;,&quot;from&quot;:&quot;article footer&quot;,&quot;name&quot;:&quot;Mon actu&quot;,&quot;type&quot;:&quot;cta&quot;}}\" target=\"_blank\">Mon Actu<\/a>.<\/p>\n","protected":false},"excerpt":{"rendered":"Par Margot Fournie Publi\u00e9 le 16 avr. 2025 \u00e0 10h40 Strasbourg accueille une halte soins addictions (HSA), nomm\u00e9e&hellip;\n","protected":false},"author":2,"featured_media":31531,"comment_status":"","ping_status":"","sticky":false,"template":"","format":"standard","meta":{"footnotes":""},"categories":[2820],"tags":[1111,11,1052,1777,674,1011,27,775,12,25,104,640],"class_list":{"0":"post-31530","1":"post","2":"type-post","3":"status-publish","4":"format-standard","5":"has-post-thumbnail","7":"category-strasbourg","8":"tag-actu","9":"tag-actualites","10":"tag-drogue","11":"tag-eu","12":"tag-europe","13":"tag-fr","14":"tag-france","15":"tag-grand-est","16":"tag-news","17":"tag-republique-francaise","18":"tag-societe","19":"tag-strasbourg"},"share_on_mastodon":{"url":"https:\/\/pubeurope.com\/@fr\/114353024741964488","error":""},"_links":{"self":[{"href":"https:\/\/www.europesays.com\/fr\/wp-json\/wp\/v2\/posts\/31530","targetHints":{"allow":["GET"]}}],"collection":[{"href":"https:\/\/www.europesays.com\/fr\/wp-json\/wp\/v2\/posts"}],"about":[{"href":"https:\/\/www.europesays.com\/fr\/wp-json\/wp\/v2\/types\/post"}],"author":[{"embeddable":true,"href":"https:\/\/www.europesays.com\/fr\/wp-json\/wp\/v2\/users\/2"}],"replies":[{"embeddable":true,"href":"https:\/\/www.europesays.com\/fr\/wp-json\/wp\/v2\/comments?post=31530"}],"version-history":[{"count":0,"href":"https:\/\/www.europesays.com\/fr\/wp-json\/wp\/v2\/posts\/31530\/revisions"}],"wp:featuredmedia":[{"embeddable":true,"href":"https:\/\/www.europesays.com\/fr\/wp-json\/wp\/v2\/media\/31531"}],"wp:attachment":[{"href":"https:\/\/www.europesays.com\/fr\/wp-json\/wp\/v2\/media?parent=31530"}],"wp:term":[{"taxonomy":"category","embeddable":true,"href":"https:\/\/www.europesays.com\/fr\/wp-json\/wp\/v2\/categories?post=31530"},{"taxonomy":"post_tag","embeddable":true,"href":"https:\/\/www.europesays.com\/fr\/wp-json\/wp\/v2\/tags?post=31530"}],"curies":[{"name":"wp","href":"https:\/\/api.w.org\/{rel}","templated":true}]}}