{"id":315300,"date":"2025-08-13T02:41:11","date_gmt":"2025-08-13T02:41:11","guid":{"rendered":"https:\/\/www.europesays.com\/fr\/315300\/"},"modified":"2025-08-13T02:41:11","modified_gmt":"2025-08-13T02:41:11","slug":"netflix-ne-perd-pas-de-temps-et-devoile-les-premi","status":"publish","type":"post","link":"https:\/\/www.europesays.com\/fr\/315300\/","title":{"rendered":"Netflix ne perd pas de temps et d\u00e9voile les premi &#8230;"},"content":{"rendered":"<p>EN BREF<\/p>\n<ul class=\"bloc_resume_post_list\">\n<li>La saison 2 de \u00ab\u00a0With Love, Meghan&rsquo; sort le 26 ao\u00fbt, apr\u00e8s<br \/>\nun nouveau contrat Netflix pour Meghan Markle et le prince<br \/>\nHarry.<\/li>\n<li>La bande-annonce montre Meghan Markle en cuisine et des<br \/>\ninvit\u00e9s c\u00e9l\u00e8bres, malgr\u00e9 des critiques n\u00e9gatives de la premi\u00e8re<br \/>\nsaison.<\/li>\n<li>Un \u00e9pisode sp\u00e9cial No\u00ebl pourrait rivaliser avec le<br \/>\nconcert de la princesse de Galles, dans un contexte de contrat<br \/>\nNetflix moins avantageux.<\/li>\n<\/ul>\n<p>La bande-annonce de la saison 2 de <a href=\"https:\/\/www.telestar.fr\/serie_tv\/with-love-meghan-netflix-ou-est-tournee-la-serie-lifestyle-de-meghan-markle-1711589\" rel=\"nofollow noopener\" target=\"_blank\"><br \/>\nWith Love, Meghan<\/a>, la s\u00e9rie de Meghan Markle, vient<br \/>\nd\u2019\u00eatre d\u00e9voil\u00e9e. Cela survient quelques heures seulement apr\u00e8s que<br \/>\nle couple Sussex ait sign\u00e9 un nouveau contrat<br \/>\n\u00ab\u00a0<strong>d\u00e9grad\u00e9<\/strong>\u00a0\u00bb avec Netflix. Cette \u00e9mission<br \/>\nlifestyle est tourn\u00e9e dans une maison lou\u00e9e pr\u00e8s de leur r\u00e9sidence<br \/>\nde Montecito pour pr\u00e9server leur intimit\u00e9.<\/p>\n<p>La s\u00e9rie fera son retour le 26 ao\u00fbt. La premi\u00e8re saison, sortie<br \/>\nen mars dernier, avait d\u00e9j\u00e0 \u00e9t\u00e9 tourn\u00e9e dans son int\u00e9gralit\u00e9 avant<br \/>\nla diffusion. La nouvelle saison accueillera notamment<br \/>\n<strong>Chrissy Teigen et Jamie Kern Lima<\/strong>, comme le r\u00e9v\u00e8le<br \/>\nla bande-annonce.<\/p>\n<p>Meghan Markle : les premi\u00e8res images de sa s\u00e9rie d\u00e9voil\u00e9es<\/p>\n<p>Dans les images r\u00e9v\u00e9l\u00e9es par Netflix, on voit <a href=\"https:\/\/www.telestar.fr\/actu-tv\/meghan-markle-et-harry-leur-rupture-avec-la-famille-royale-en-passe-de-devenir-un-telefilm-590506\" rel=\"nofollow noopener\" target=\"_blank\"><br \/>\nMeghan<\/a> pr\u00e9parer des en-cas et plaisanter avec ses invit\u00e9s. Elle<br \/>\nr\u00e9v\u00e8le m\u00eame un d\u00e9tail amusant sur les <strong>go\u00fbts culinaires de<br \/>\nson mari<\/strong>, le prince <a href=\"https:\/\/www.telestar.fr\/actu-tv\/autres-emissions\/william-et-harry-qui-sont-ils-vraiment-bientot-le-documentaire-inedit-sur-c8-342774\" rel=\"nofollow noopener\" target=\"_blank\"><br \/>\nHarry<\/a>. Malgr\u00e9 ces <strong>moments l\u00e9gers<\/strong>, le programme<br \/>\nn\u2019a pas r\u00e9ussi \u00e0 percer dans le top 300 des programmes Netflix en<br \/>\n2025. Les audiences ont \u00e9t\u00e9 qualifi\u00e9es de<br \/>\n\u00ab\u00a0<strong>d\u00e9cevantes<\/strong>\u00a0\u00bb par une source interne.<br \/>\nMeghan a \u00e9galement tourn\u00e9 un \u00e9pisode sp\u00e9cial No\u00ebl, programm\u00e9 pour<br \/>\nd\u00e9cembre, qui pourrait entrer en concurrence avec le traditionnel<br \/>\nconcert de No\u00ebl de la princesse de Galles \u00e0 l\u2019abbaye de<br \/>\nWestminster.<\/p>\n<p data-start=\"1194\" data-end=\"2067\">La premi\u00e8re saison avait d\u00e9j\u00e0<br \/>\nessuy\u00e9 de nombreuses critiques acerbes, certains la qualifiant de<br \/>\n\u00ab\u00a0sensationnellement absurde et<br \/>\n<strong>superficielle<\/strong>\u00ab\u00a0, et qualifiant Meghan de<br \/>\n\u00ab\u00a0<strong>d\u00e9connect\u00e9e<\/strong>\u00a0\u00bb dans un programme qui<br \/>\n\u00ab\u00a0respire la vacuit\u00e9 joyeuse\u00a0\u00bb. Meghan a aussi \u00e9t\u00e9 raill\u00e9e<br \/>\npour des d\u00e9tails jug\u00e9s ridicules, comme mettre des bretzels dans un<br \/>\nsac plastique ou reprocher \u00e0 une invit\u00e9e d\u2019utiliser son nom de<br \/>\njeune fille plut\u00f4t que <a href=\"https:\/\/www.telestar.fr\/actu-tv\/meghan-et-harry-le-casting-du-film-sur-le-megxit-devoile-dans-un-cliche-610633\" rel=\"nofollow noopener\" target=\"_blank\"><br \/>\nSussex<\/a>. \u00a0Ce nouvel \u00e9pisode s\u2019inscrit dans un contexte o\u00f9<br \/>\nles sp\u00e9cialistes jugent que le nouveau contrat Netflix des Sussex<br \/>\nrepr\u00e9sente un recul par rapport au lucratif accord de <strong>100<br \/>\nmillions de dollars<\/strong> sign\u00e9 en 2020.<\/p>\n<p>Un nouveau contrat Netflix plus<br \/>\nrestrictif et un avenir incertain<\/p>\n<p>Le couple Sussex a r\u00e9cemment conclu un nouvel accord de type<br \/>\n\u00ab\u00a0first-look\u00a0\u00bb. Cet accord donne \u00e0 <a href=\"https:\/\/www.telestar.fr\/vod\/netflix-la-nouvelle-serie-de-meghan-markle-annoncee-y-verra-t-on-son-mari-harry-1703481\" rel=\"nofollow noopener\" target=\"_blank\"><br \/>\nNetflix<\/a> la priorit\u00e9 sur leurs futurs projets cin\u00e9matographiques<br \/>\net t\u00e9l\u00e9visuels. Toutefois, ce nouveau contrat est consid\u00e9r\u00e9 comme<br \/>\n<strong>moins avantageux<\/strong> que le pr\u00e9c\u00e9dent. Il sugg\u00e8re que<br \/>\nNetflix <strong>ne financera plus syst\u00e9matiquement tous leurs<br \/>\nprojets<\/strong>. La plateforme pr\u00e9f\u00e8rera d\u00e9sormais choisir ceux<br \/>\ndans lesquels investir.<\/p>\n<p data-start=\"2143\" data-end=\"2880\">Parmi leurs projets \u00e0 venir,<br \/>\non compte la saison 2 de With<br \/>\nLove, Meghan, un \u00e9pisode sp\u00e9cial No\u00ebl, ainsi que le<br \/>\ndocumentaire Masaka Kids, A<br \/>\nRhythm Within, centr\u00e9 sur un <strong>orphelinat<br \/>\nougandais<\/strong> touch\u00e9 par la crise du VIH. Ils travaillent<br \/>\n\u00e9galement sur d\u2019autres contenus vari\u00e9s, dont l\u2019adaptation d\u2019un<br \/>\nroman romantique, Meet Me At<br \/>\nThe Lake.<\/p>\n","protected":false},"excerpt":{"rendered":"EN BREF La saison 2 de \u00ab\u00a0With Love, Meghan&rsquo; sort le 26 ao\u00fbt, apr\u00e8s un nouveau contrat Netflix&hellip;\n","protected":false},"author":2,"featured_media":315301,"comment_status":"","ping_status":"","sticky":false,"template":"","format":"standard","meta":{"footnotes":""},"categories":[8],"tags":[548,58,59,1011,27],"class_list":{"0":"post-315300","1":"post","2":"type-post","3":"status-publish","4":"format-standard","5":"has-post-thumbnail","7":"category-divertissement","8":"tag-article-simple","9":"tag-divertissement","10":"tag-entertainment","11":"tag-fr","12":"tag-france"},"share_on_mastodon":{"url":"https:\/\/pubeurope.com\/@fr\/115019152479428845","error":""},"_links":{"self":[{"href":"https:\/\/www.europesays.com\/fr\/wp-json\/wp\/v2\/posts\/315300","targetHints":{"allow":["GET"]}}],"collection":[{"href":"https:\/\/www.europesays.com\/fr\/wp-json\/wp\/v2\/posts"}],"about":[{"href":"https:\/\/www.europesays.com\/fr\/wp-json\/wp\/v2\/types\/post"}],"author":[{"embeddable":true,"href":"https:\/\/www.europesays.com\/fr\/wp-json\/wp\/v2\/users\/2"}],"replies":[{"embeddable":true,"href":"https:\/\/www.europesays.com\/fr\/wp-json\/wp\/v2\/comments?post=315300"}],"version-history":[{"count":0,"href":"https:\/\/www.europesays.com\/fr\/wp-json\/wp\/v2\/posts\/315300\/revisions"}],"wp:featuredmedia":[{"embeddable":true,"href":"https:\/\/www.europesays.com\/fr\/wp-json\/wp\/v2\/media\/315301"}],"wp:attachment":[{"href":"https:\/\/www.europesays.com\/fr\/wp-json\/wp\/v2\/media?parent=315300"}],"wp:term":[{"taxonomy":"category","embeddable":true,"href":"https:\/\/www.europesays.com\/fr\/wp-json\/wp\/v2\/categories?post=315300"},{"taxonomy":"post_tag","embeddable":true,"href":"https:\/\/www.europesays.com\/fr\/wp-json\/wp\/v2\/tags?post=315300"}],"curies":[{"name":"wp","href":"https:\/\/api.w.org\/{rel}","templated":true}]}}