{"id":315305,"date":"2025-08-13T02:44:24","date_gmt":"2025-08-13T02:44:24","guid":{"rendered":"https:\/\/www.europesays.com\/fr\/315305\/"},"modified":"2025-08-13T02:44:24","modified_gmt":"2025-08-13T02:44:24","slug":"en-massacrant-les-journalistes-de-gaza-israel-avoue-lampleur-de-ses-crimes-mediapart","status":"publish","type":"post","link":"https:\/\/www.europesays.com\/fr\/315305\/","title":{"rendered":"En massacrant les journalistes de Gaza, Isra\u00ebl avoue l\u2019ampleur de ses crimes &#8211; Mediapart"},"content":{"rendered":"<ol>\n<li><a href=\"https:\/\/news.google.com\/rss\/articles\/CBMiyAFBVV95cUxOOHZZSG1lLXpxVDhiOXVBckltQ0hVN1BwVjNLZThqR0tUOXN1M3V3VWdGNVBFa1RQR1o2S2hJR0xUX2dyYUdoRVNwMk8zQnlmX0hIN2lNVGU4bGR0TE9kdzVaQU5ONm1mWmpvUmgycDAxMUc3UTFna25sd1RndnczeTFMdFdLTWk4cVdCNGhYMjNUR3ZiMDkzMG11d1JfSDNwNnJwbFo3UDZLRUdLeW1WbzFoR0UxVEo0WktkdnFLcWgtX2ZjckxRQw?oc=5\" target=\"_blank\" rel=\"noopener\">En massacrant les journalistes de Gaza, Isra\u00ebl avoue l\u2019ampleur de ses crimes<\/a>&nbsp;&nbsp;Mediapart<\/li>\n<li><a href=\"https:\/\/news.google.com\/rss\/articles\/CBMi_AFBVV95cUxQdmEtVF9UTE1DbTl2Nkhma3E1MUJhaHM5MnNzQURySjd6Ym9XblBndmVfa19EcU1RLWgwMmdKdVZTNUNzSWkwQWpMbV9GNC01QlhiWTlaVjhWZU4wUWw5YmhZcTJBVXFpMGlwdjlnM2gwSkd0Zl9UU29TRDdleEYxS2UyTERvWkVESS1aN1M2dklRRUlNaXh1ZmdJNzZqMWwzRjI4TXU1RE5NMGVLMGZFZFRoUU1HNWxQNnEwQkx2b2xPNUxFazRBaEJXaEVTUUV6QzB0LWd4WnpFRHlzb3Jkc0hrQjA0b1U5Q19wWTR1ejU1SW91THZzTG8xSHY?oc=5\" target=\"_blank\" rel=\"noopener\">En direct, Gaza : des m\u00e8res d\u2019otages isra\u00e9liens se rendent \u00e0 Gen\u00e8ve pour plaider la fin de la guerre<\/a>&nbsp;&nbsp;Le Monde.fr<\/li>\n<li><a href=\"https:\/\/news.google.com\/rss\/articles\/CBMi6AFBVV95cUxPVmdDQnlsTVZmR2xIRklWVVM2RzkzWXRpWVd2c0lobThFREotLXFaR3BsOUpfbnhIZXpPMHRFdzh0b1hzMGdwQWNsUVotWmxfMThLaXVaTzUyM3JxS0ZTLWktSzlzREJtX3RUekFyRVBHeWpUZ3VKY2plRGFMMHZlelM5T3RvQ1VYV1JsczFGNHdsdXhIdTBnNFBhN2t6VGRXYm14SnVuNW9RRHlMVDR1Z1VET3dNWWU3dEhGbld6VlROd0NHdmdSOEE0RUNGUmZpVGlFNE51Sk9TdTZiMk5Tdkhoc2hWRjJ2?oc=5\" target=\"_blank\" rel=\"noopener\">\u201cIl \u00e9tait la voix de Gaza\u201d : le meurtre d\u2019Anas Al-Sharif d\u00e9clenche une avalanche de condamnations<\/a>&nbsp;&nbsp;Courrier international<\/li>\n<li><a href=\"https:\/\/news.google.com\/rss\/articles\/CBMipwJBVV95cUxOMkFnWUtRS1h2SUtkdm1yd1diSXhGLXRIMElQY1hpX1hEMWVjY1lLVExfU2plS25vNEQ3MUpBSWRIYWRhYUt1YU9rZVpXN0FHeXdDU18tUFI5b0ZwaExUNi1SOFN0SjloX01UckRWckY2VUFMSy1HRHAtWXFCYTV0THlvSG1rOGVFZDNibGNGRHRzQXhKMVZ5djUwbGF3UENwRlMzWW55NEJoWVEwd3piQWQwTGlmQXF1emJha2hWS2dvNWpvbG1DekdDV2JaQlZJc2xYbklOS3BUYXVMOXVGeUpnTFA4TmZfNkxBWE1kRHg5M0VReFBId3cxblJpVnhadWtSRjBLT045OHRZUmJTRmphUmY4WXRTeUYyV29tU0Z0UEZVQ2ZN?oc=5\" target=\"_blank\" rel=\"noopener\">\u00ab\u00a0Ciblage d\u00e9lib\u00e9r\u00e9\u00a0\u00bb, \u00ab\u00a0assassinat revendiqu\u00e9\u00a0\u00bb&#8230; Indignations apr\u00e8s la mort de six journalistes dans une frappe isra\u00e9lienne \u00e0 Gaza<\/a>&nbsp;&nbsp;BFMTV<\/li>\n<li><a href=\"https:\/\/news.google.com\/rss\/articles\/CBMimgFBVV95cUxPRXVRTE5KZmRlT2pmekJuLVpTZmNQQkcwYWVaLWN0RTNNdlFtc1FRNXoxRXQtRWx6T1RBVFNWSHREY0E2VjcxSkhVSEk3OVk2VG5MSzBtNk9IQXNOM00taC1Vd3o2ckZiWS1LN0JPQUc3R244WEV6M1pldFhmNUtKdUI3TGx3bUxNYUtxczkxTlhORnRWVGRJN0F3?oc=5\" target=\"_blank\" rel=\"noopener\">G\u00e9nocide \u00e0 Gaza : Anas Al-Sahrif n\u2019avait que 28 ans, mais il effrayait Isra\u00ebl<\/a>&nbsp;&nbsp;L&rsquo;Humanit\u00e9<\/li>\n<\/ol>\n","protected":false},"excerpt":{"rendered":"En massacrant les journalistes de Gaza, Isra\u00ebl avoue l\u2019ampleur de ses crimes&nbsp;&nbsp;Mediapart En direct, Gaza : des m\u00e8res&hellip;\n","protected":false},"author":2,"featured_media":315306,"comment_status":"","ping_status":"","sticky":false,"template":"","format":"standard","meta":{"footnotes":""},"categories":[5],"tags":[11,45423,1011,27,665,14,664,8299,45424,12,3518,31,28],"class_list":{"0":"post-315305","1":"post","2":"type-post","3":"status-publish","4":"format-standard","5":"has-post-thumbnail","7":"category-international","8":"tag-actualites","9":"tag-droit-de-savoir","10":"tag-fr","11":"tag-france","12":"tag-gaza","13":"tag-international","14":"tag-israel","15":"tag-journalistes","16":"tag-liberte-dinformer","17":"tag-news","18":"tag-palestine","19":"tag-proche-et-moyen-orient","20":"tag-world"},"share_on_mastodon":{"url":"https:\/\/pubeurope.com\/@fr\/115019164169741482","error":""},"_links":{"self":[{"href":"https:\/\/www.europesays.com\/fr\/wp-json\/wp\/v2\/posts\/315305","targetHints":{"allow":["GET"]}}],"collection":[{"href":"https:\/\/www.europesays.com\/fr\/wp-json\/wp\/v2\/posts"}],"about":[{"href":"https:\/\/www.europesays.com\/fr\/wp-json\/wp\/v2\/types\/post"}],"author":[{"embeddable":true,"href":"https:\/\/www.europesays.com\/fr\/wp-json\/wp\/v2\/users\/2"}],"replies":[{"embeddable":true,"href":"https:\/\/www.europesays.com\/fr\/wp-json\/wp\/v2\/comments?post=315305"}],"version-history":[{"count":0,"href":"https:\/\/www.europesays.com\/fr\/wp-json\/wp\/v2\/posts\/315305\/revisions"}],"wp:featuredmedia":[{"embeddable":true,"href":"https:\/\/www.europesays.com\/fr\/wp-json\/wp\/v2\/media\/315306"}],"wp:attachment":[{"href":"https:\/\/www.europesays.com\/fr\/wp-json\/wp\/v2\/media?parent=315305"}],"wp:term":[{"taxonomy":"category","embeddable":true,"href":"https:\/\/www.europesays.com\/fr\/wp-json\/wp\/v2\/categories?post=315305"},{"taxonomy":"post_tag","embeddable":true,"href":"https:\/\/www.europesays.com\/fr\/wp-json\/wp\/v2\/tags?post=315305"}],"curies":[{"name":"wp","href":"https:\/\/api.w.org\/{rel}","templated":true}]}}