{"id":315309,"date":"2025-08-13T02:46:28","date_gmt":"2025-08-13T02:46:28","guid":{"rendered":"https:\/\/www.europesays.com\/fr\/315309\/"},"modified":"2025-08-13T02:46:28","modified_gmt":"2025-08-13T02:46:28","slug":"chien-mort-baignade-interdite-une-bacterie-empoisonne-la-vie-de-ce-lac-a-1h30-de-lyon","status":"publish","type":"post","link":"https:\/\/www.europesays.com\/fr\/315309\/","title":{"rendered":"Chien mort, baignade interdite&#8230; Une bact\u00e9rie empoisonne la vie de ce lac \u00e0 1h30 de Lyon"},"content":{"rendered":"<p>            Par<br \/>\n        <strong><br \/>\n            <a href=\"https:\/\/actu.fr\/auteur\/nicolas-zaugra\" title=\"Consulter tous les articles de Nicolas Zaugra\" target=\"_blank\" rel=\"noopener\">Nicolas Zaugra<\/a><br \/>\n        <\/strong><\/p>\n<p>        Publi\u00e9 le<\/p>\n<p>            12 ao\u00fbt 2025 \u00e0 17h31        <\/p>\n<p>C\u2019est un lac bien connu des Lyonnais et des habitants de Rh\u00f4ne-Alpes. Chaque \u00e9t\u00e9, le <strong>lac du Bourget en Savoie<\/strong> accueille des milliers de baigneurs et de visiteurs. Avec l\u2019<a href=\"https:\/\/actu.fr\/meteo\/canicule-le-rhone-et-lyon-basculent-en-vigilance-rouge-mardi-plus-de-41-c-annonces_63023196.html\" target=\"_blank\" rel=\"noopener\">alerte rouge canicule<\/a> en vigueur dans le Rh\u00f4ne et en Is\u00e8re depuis ce mardi, les citadins sont en recherche active de fra\u00eecheur. Mais depuis dimanche 10 ao\u00fbt, le lac est frapp\u00e9 par plusieurs interdictions de baignade en raison de <a href=\"https:\/\/actu.fr\/occitanie\/elne_66065\/eviter-tout-contact-avec-l-eau-alerte-aux-cyanobacteries-dans-un-fleuve-des-pyrenees-orientales_63020699.html\" target=\"_blank\" rel=\"noopener\">cyanobact\u00e9ries<\/a>. Un chien en est mort. Apr\u00e8s plusieurs jours de fermeture, <strong>quatre plages ont pu rouvrir<\/strong> ce mardi 12 ao\u00fbt. Mais la situation peut encore changer en raison des fortes chaleurs.<\/p>\n<p>Un chien mort et plusieurs cas suspects<\/p>\n<p class=\" wall-content\">Depuis dimanche, quatre plages de la rive droite \u00e9taient ferm\u00e9es \u00e0 la baignade en raison de pr\u00e9sence trop importante de cyanobact\u00e9ries dans les eaux douces, des organismes toxiques, qui peuvent \u00eatre dangereux pour les enfants mais aussi les animaux. Un chien est d\u2019ailleurs mort \u00e0 la suite d\u2019une contamination en se baignant dans l\u2019eau du lac.<\/p>\n<p class=\" wall-content\">\u00ab\u00a0Il y a eu un chien qui est d\u00e9c\u00e9d\u00e9, qui a d\u00fb \u00eatre vu en urgence et deux ou trois autres cas qui ont pr\u00e9sent\u00e9 des sympt\u00f4mes assez s\u00e9rieux. J\u2019ai eu une suspicion : c\u2019est une dame qui m\u2019a amen\u00e9 son chien qui a pr\u00e9sent\u00e9 des sympt\u00f4mes digestifs aigus samedi 9 ao\u00fbt, et le chien s\u2019\u00e9tait baign\u00e9 la veille\u00a0\u00bb, t\u00e9moigne la m\u00e9decin v\u00e9t\u00e9rinaire Florine Wrobel, exer\u00e7ant dans la commune du Bourget-du-Lac, cit\u00e9e par <a href=\"https:\/\/www.rtl.fr\/actu\/debats-societe\/il-y-a-eu-un-chien-qui-est-decede-le-lac-du-bourget-en-savoie-contamine-par-des-cyanobacteries-7900530065\" target=\"_blank\" rel=\"noopener\">RTL<\/a>.<\/p>\n<p class=\" wall-content\">En plus de ce chien d\u00e9c\u00e9d\u00e9, plusieurs autres ont \u00e9t\u00e9 contamin\u00e9s dans le secteur. \u00ab\u00a0La suspicion de pr\u00e9sence de cyanobact\u00e9ries faisait suite \u00e0 l\u2019apparition de sympt\u00f4mes chez trois chiens apr\u00e8s leurs baignades\u00a0\u00bb, a confirm\u00e9 la <a href=\"https:\/\/www.savoie.gouv.fr\/Actualites\/Actualites\/Levee-de-la-suspicion-de-presence-de-cyanobacteries-dans-le-lac-du-Bourget\" target=\"_blank\" rel=\"noopener\">pr\u00e9fecture de Savoie<\/a> dans une communication.<\/p>\n<p>    <img   decoding=\"async\" loading=\"lazy\" src=\"https:\/\/www.europesays.com\/fr\/wp-content\/uploads\/2025\/08\/lac-du-bourg-savoie-960x640.jpeg\" alt=\"Le lac du Bourget est concern\u00e9 par les cyanobact\u00e9ries dans l'eau.\" width=\"960\" height=\"640\"\/><br \/>\n    Le lac du Bourget est concern\u00e9 par les cyanobact\u00e9ries dans l\u2019eau. (\u00a9Anthony Soudani\/ actu Lyon)Les plages finalement rouvertes ce mardi<\/p>\n<p class=\" wall-content\">Apr\u00e8s une fermeture en urgence dimanche (les autorit\u00e9s sur place ont fait \u00e9vacuer les plages et hiss\u00e9 le drapeau rouge), les plages ont pu rouvrir ce mardi.<\/p>\n<p class=\" wall-content\">\u00ab\u00a0Les r\u00e9sultats d\u2019analyses (effectu\u00e9s dans un laboratoire de Lyon, NDLR) re\u00e7us aujourd\u2019hui r\u00e9v\u00e8lent une faible quantit\u00e9 de cellules de cyanobact\u00e9ries, demeurant tr\u00e8s nettement inf\u00e9rieure \u00e0 la limite r\u00e9glementaire. Les restrictions sont donc lev\u00e9es et la baignade \u00e0 nouveau autoris\u00e9e\u00a0\u00bb, selon la pr\u00e9fecture de Savoie.\u00a0<\/p>\n<p class=\" wall-content\">Les <strong>plages de Viviers-du-Lac, Tresserve et du Bourget-du-Lac<\/strong> concern\u00e9es sont d\u00e9sormais rouvertes \u00e0 la baignade. Une surveillance des cyanobact\u00e9ries est mise en place par l\u2019Agence r\u00e9gionale de Sant\u00e9 (ARS). Une nouvelle fermeture pr\u00e9ventive n\u2019est pas exclue en raison de la m\u00e9t\u00e9o.\u00a0<\/p>\n<p>C\u2019est quoi les cyanobact\u00e9ries ?<\/p>\n<p class=\" wall-content\">Les cyanobact\u00e9ries, autrefois appel\u00e9es \u00ab\u00a0algues bleues\u00a0\u00bb, sont des micro-organismes procaryotes capables de r\u00e9aliser la photosynth\u00e8se oxyg\u00e9nique, comme les plantes. Elles vivent dans une grande vari\u00e9t\u00e9 de milieux : eaux douces, marines, sols humides, et m\u00eame milieux extr\u00eames.<\/p>\n<p class=\" wall-content\">Elles jouent un r\u00f4le \u00e9cologique majeur en produisant de l\u2019oxyg\u00e8ne et en participant aux cycles biog\u00e9ochimiques, notamment celui de l\u2019azote mais peuvent former des efflorescences (blooms) <strong>parfois toxiques pour les animaux et l\u2019homme<\/strong>. Les cyanobact\u00e9ries sont consid\u00e9r\u00e9es comme l\u2019un des plus anciens groupes d\u2019organismes sur Terre, ayant contribu\u00e9 \u00e0 l\u2019oxyg\u00e9nation de l\u2019atmosph\u00e8re il y a plus de 2,4 milliards d\u2019ann\u00e9es.<\/p>\n<p class=\" wall-content\">\u00ab\u00a0Par pr\u00e9caution, il convient en toute circonstance d\u2019\u00e9viter d\u2019avaler l\u2019eau, de se rincer apr\u00e8s la baignade et d\u2019\u00e9loigner les animaux \u00e0 l\u2019\u00e9cart des d\u00e9p\u00f4ts d\u2019algues\u00a0\u00bb, conseille la pr\u00e9fecture de Savoie.<\/p>\n<p class=\" wall-content\">Suivez toute l\u2019actualit\u00e9 de vos villes et m\u00e9dias favoris en vous inscrivant \u00e0 <a href=\"https:\/\/moncompte.actu.fr\" title=\"D\u00e9couvez Mon Actu\" rel=\"nofollow noopener\" data-trk=\"{&quot;cta&quot;:{&quot;action&quot;:&quot;https:\\\/\\\/moncompte.actu.fr&quot;,&quot;category&quot;:&quot;mon compte&quot;,&quot;from&quot;:&quot;article footer&quot;,&quot;name&quot;:&quot;Mon actu&quot;,&quot;type&quot;:&quot;cta&quot;}}\" target=\"_blank\">Mon Actu<\/a>.<\/p>\n","protected":false},"excerpt":{"rendered":"Par Nicolas Zaugra Publi\u00e9 le 12 ao\u00fbt 2025 \u00e0 17h31 C\u2019est un lac bien connu des Lyonnais et&hellip;\n","protected":false},"author":2,"featured_media":315310,"comment_status":"","ping_status":"","sticky":false,"template":"","format":"standard","meta":{"footnotes":""},"categories":[2],"tags":[11,1867,6698,1011,27,12,71,104],"class_list":{"0":"post-315309","1":"post","2":"type-post","3":"status-publish","4":"format-standard","5":"has-post-thumbnail","7":"category-actualites","8":"tag-actualites","9":"tag-animaux","10":"tag-canicule","11":"tag-fr","12":"tag-france","13":"tag-news","14":"tag-sante","15":"tag-societe"},"share_on_mastodon":{"url":"https:\/\/pubeurope.com\/@fr\/115019172015989631","error":""},"_links":{"self":[{"href":"https:\/\/www.europesays.com\/fr\/wp-json\/wp\/v2\/posts\/315309","targetHints":{"allow":["GET"]}}],"collection":[{"href":"https:\/\/www.europesays.com\/fr\/wp-json\/wp\/v2\/posts"}],"about":[{"href":"https:\/\/www.europesays.com\/fr\/wp-json\/wp\/v2\/types\/post"}],"author":[{"embeddable":true,"href":"https:\/\/www.europesays.com\/fr\/wp-json\/wp\/v2\/users\/2"}],"replies":[{"embeddable":true,"href":"https:\/\/www.europesays.com\/fr\/wp-json\/wp\/v2\/comments?post=315309"}],"version-history":[{"count":0,"href":"https:\/\/www.europesays.com\/fr\/wp-json\/wp\/v2\/posts\/315309\/revisions"}],"wp:featuredmedia":[{"embeddable":true,"href":"https:\/\/www.europesays.com\/fr\/wp-json\/wp\/v2\/media\/315310"}],"wp:attachment":[{"href":"https:\/\/www.europesays.com\/fr\/wp-json\/wp\/v2\/media?parent=315309"}],"wp:term":[{"taxonomy":"category","embeddable":true,"href":"https:\/\/www.europesays.com\/fr\/wp-json\/wp\/v2\/categories?post=315309"},{"taxonomy":"post_tag","embeddable":true,"href":"https:\/\/www.europesays.com\/fr\/wp-json\/wp\/v2\/tags?post=315309"}],"curies":[{"name":"wp","href":"https:\/\/api.w.org\/{rel}","templated":true}]}}