{"id":315316,"date":"2025-08-13T02:52:11","date_gmt":"2025-08-13T02:52:11","guid":{"rendered":"https:\/\/www.europesays.com\/fr\/315316\/"},"modified":"2025-08-13T02:52:11","modified_gmt":"2025-08-13T02:52:11","slug":"canicule-nous-navons-pas-assez-deau-a-distribuer-lassociation-toulon-solidarite-tire-la-sonnette-dalarme","status":"publish","type":"post","link":"https:\/\/www.europesays.com\/fr\/315316\/","title":{"rendered":"Canicule: \u00ab\u00a0Nous n\u2019avons pas assez d\u2019eau \u00e0 distribuer\u00a0\u00bb, l\u2019association Toulon Solidarit\u00e9 tire la sonnette d\u2019alarme"},"content":{"rendered":"<p>C\u2019est un appel \u00e0 l\u2019aide que lance Malou, la pr\u00e9sidente de l\u2019association Toulon Solidarit\u00e9. Tandis que le Var traverse actuellement un \u00e9pisode caniculaire et se trouve plac\u00e9 en vigilance orange, les personnes vuln\u00e9rables en payent les frais. Notamment les sans-abri. Une population d\u00e9j\u00e0 fragile, qui subit les fortes temp\u00e9ratures de plein fouet.<\/p>\n<p>Deux fois par semaine, lors des maraudes, Malou et son \u00e9quipe de b\u00e9n\u00e9voles soutiennent les plus d\u00e9munis en leur fournissant \u00e0 boire et \u00e0 manger.<\/p>\n<p>\u00c0 bord de leur camion associatif, ils sillonnent la ville pour apporter un peu de r\u00e9confort \u00e0 ceux qui en ont le plus besoin. Depuis quelques jours, l\u2019\u00e9quipe de b\u00e9n\u00e9voles se trouve face \u00e0 une situation tr\u00e8s critique: le manque de bouteilles d\u2019eau. \u00ab\u00a0Nous n\u2019en avons pas assez pour tout le monde\u00a0\u00bb, se d\u00e9sole Malou. Pour celle qui passe le plus clair de son temps \u00e0 aider les autres, une telle probl\u00e9matique n\u2019est pas tol\u00e9rable, encore moins quand les temp\u00e9ratures atteignent les 40 degr\u00e9s.<\/p>\n<p>\u00ab\u00a0Il faudrait 60 bouteilles de plus par maraude\u00a0\u00bb<\/p>\n<p>\u00ab\u00a0Dimanche, nous avons distribu\u00e9 une quarantaine de bouteilles. Mais il en faudrait au moins 60 de plus! \u00ab\u00a0, estime-t-elle.<\/p>\n<p>Ces pr\u00e9cieuses bouteilles d\u2019eau sont collect\u00e9es \u00e0 travers des dons qui proviennent d\u2019autres associations comme le Lien 83, ou de particuliers. \u00a0\u00bb Nous ne pouvons pas tout acheter, il ne faut pas oublier que nous sommes des b\u00e9n\u00e9voles. On finance les r\u00e9parations du camion, l\u2019achat des couverts et assiettes&#8230; Je me d\u00e9m\u00e8ne pour trouver de l\u2019argent mais \u00e7a me fatigue! \u00ab\u00a0<\/p>\n<p>Malou se dit \u00a0\u00bb en col\u00e8re contre l\u2019\u00c9tat \u00ab\u00a0: \u00ab\u00a0La Direction d\u00e9partementale de l\u2019emploi, du travail et des solidarit\u00e9s (DDETS) envoie des alertes en disant qu\u2019il faut \u00eatre vigilant, qu\u2019il faut boire beaucoup d\u2019eau, mais quand on demande de l\u2019aide, \u00e7a fait la sourde oreille, personne n\u2019a r\u00e9pondu \u00e0 ma requ\u00eate\u00a0\u00bb, d\u00e9plore la pr\u00e9sidente de l\u2019association. \u00ab\u00a0Quand je dois annoncer aux b\u00e9n\u00e9ficiaires qu\u2019il n\u2019y a plus d\u2019eau, \u00e7a me fait mal au c\u0153ur de les voir si mal. Ils ne peuvent m\u00eame pas aller remplir des bouteilles dans les fontaines car soit l\u2019eau n\u2019est pas potable, soit la fontaine ne fonctionne pas, soit la personne a du mal \u00e0 se d\u00e9placer!\u00a0\u00bb<\/p>\n<p>De son c\u00f4t\u00e9, la DDETS assure qu\u2019 \u00a0\u00bb en cas de canicule, les accueils de jour et \u00e9quipes mobiles \u00e9tendent leurs horaires d\u2019intervention. Sur la m\u00e9tropole, les deux \u00e9quipes mobiles (Promosoins et Ordre de Malte) proposent une pr\u00e9sence tous les jours, d\u00e8s 10h pour Promosoins et jusqu\u2019\u00e0 minuit pour l\u2019Ordre de Malte. Les \u00e9quipes veillent \u00e0 la sant\u00e9 des personnes tout au long de l\u2019ann\u00e9e et particuli\u00e8rement durant cette p\u00e9riode gr\u00e2ce \u00e0 la pr\u00e9sence d\u2019infirmiers au sein de l\u2019\u00e9quipe mobile sant\u00e9 pr\u00e9carit\u00e9 g\u00e9r\u00e9e par Promosoins. \u00c0 l\u2019occasion des maraudes, des distributions d\u2019eau, casquettes sont r\u00e9alis\u00e9es et des conseils sont donn\u00e9s. \u00ab\u00a0<\/p>\n<p>\u00ab\u00a0Pas de demande de subvention\u00a0\u00bb<\/p>\n<p>Et poursuit en rappelant que \u00ab\u00a0durant les p\u00e9riodes de canicule, les accueils de jour \u00e9tendent leurs horaires d\u2019ouverture afin de proposer une solution de mise \u00e0 l\u2019abri durant la journ\u00e9e\u00a0\u00bb: \u00ab\u00a0Les personnes sans abri peuvent trouver refuge au sein de 4 accueils de jour de la m\u00e9tropole (1) qui proposent des points douche, l\u2019acc\u00e8s \u00e0 l\u2019eau potable\u2026 \u00ab\u00a0. Tout en pr\u00e9cisant qu\u2019 \u00ab\u00a0une liste des points d\u2019eau publics est mise \u00e0 disposition des personnes sans abri\u00a0\u00bb et que \u00ab\u00a0s\u2019agissant de l\u2019association Toulon Solidarit\u00e9, celle-ci n\u2019a pas effectu\u00e9 de demande de subventions \u00e0 la date du 11 ao\u00fbt\u00a0\u00bb.<\/p>\n<p>Malou, elle, assure avoir envoy\u00e9 plusieurs mails pour obtenir de l\u2019aide, rest\u00e9s sans r\u00e9ponse, dont le dernier ce mardi. Malgr\u00e9 tout, elle s\u2019efforce de poursuivre son combat quotidien pour rendre dignit\u00e9 et r\u00e9confort aux sans-abri.<\/p>\n<p>Don : Si vous souhaitez faire don de packs et de bouteilles d\u2019eau, vous pouvez contacter Malou, pr\u00e9sidente de l\u2019association Toulon Solidarit\u00e9 au 06 80 96 64 30 \/ malou.83@hotmail.fr<\/p>\n","protected":false},"excerpt":{"rendered":"C\u2019est un appel \u00e0 l\u2019aide que lance Malou, la pr\u00e9sidente de l\u2019association Toulon Solidarit\u00e9. Tandis que le Var&hellip;\n","protected":false},"author":2,"featured_media":315317,"comment_status":"","ping_status":"","sticky":false,"template":"","format":"standard","meta":{"footnotes":""},"categories":[9619],"tags":[1111,11,1777,674,1011,27,12,882,25,71,2310],"class_list":{"0":"post-315316","1":"post","2":"type-post","3":"status-publish","4":"format-standard","5":"has-post-thumbnail","7":"category-toulon","8":"tag-actu","9":"tag-actualites","10":"tag-eu","11":"tag-europe","12":"tag-fr","13":"tag-france","14":"tag-news","15":"tag-provence-alpes-cote-dazur","16":"tag-republique-francaise","17":"tag-sante","18":"tag-toulon"},"share_on_mastodon":{"url":"https:\/\/pubeurope.com\/@fr\/115019195544637334","error":""},"_links":{"self":[{"href":"https:\/\/www.europesays.com\/fr\/wp-json\/wp\/v2\/posts\/315316","targetHints":{"allow":["GET"]}}],"collection":[{"href":"https:\/\/www.europesays.com\/fr\/wp-json\/wp\/v2\/posts"}],"about":[{"href":"https:\/\/www.europesays.com\/fr\/wp-json\/wp\/v2\/types\/post"}],"author":[{"embeddable":true,"href":"https:\/\/www.europesays.com\/fr\/wp-json\/wp\/v2\/users\/2"}],"replies":[{"embeddable":true,"href":"https:\/\/www.europesays.com\/fr\/wp-json\/wp\/v2\/comments?post=315316"}],"version-history":[{"count":0,"href":"https:\/\/www.europesays.com\/fr\/wp-json\/wp\/v2\/posts\/315316\/revisions"}],"wp:featuredmedia":[{"embeddable":true,"href":"https:\/\/www.europesays.com\/fr\/wp-json\/wp\/v2\/media\/315317"}],"wp:attachment":[{"href":"https:\/\/www.europesays.com\/fr\/wp-json\/wp\/v2\/media?parent=315316"}],"wp:term":[{"taxonomy":"category","embeddable":true,"href":"https:\/\/www.europesays.com\/fr\/wp-json\/wp\/v2\/categories?post=315316"},{"taxonomy":"post_tag","embeddable":true,"href":"https:\/\/www.europesays.com\/fr\/wp-json\/wp\/v2\/tags?post=315316"}],"curies":[{"name":"wp","href":"https:\/\/api.w.org\/{rel}","templated":true}]}}