{"id":315320,"date":"2025-08-13T02:58:48","date_gmt":"2025-08-13T02:58:48","guid":{"rendered":"https:\/\/www.europesays.com\/fr\/315320\/"},"modified":"2025-08-13T02:58:48","modified_gmt":"2025-08-13T02:58:48","slug":"plusieurs-policiers-attaques-par-des-jets-de-projectiles-dans-le-centre-ville-2","status":"publish","type":"post","link":"https:\/\/www.europesays.com\/fr\/315320\/","title":{"rendered":"plusieurs policiers attaqu\u00e9s par des jets de projectiles dans le centre-ville"},"content":{"rendered":"<p itemprop=\"description\"><strong>Sc\u00e8ne de pagaille dans le centre-ville de Grenoble.<\/strong><\/p>\n<p>Au soir du dimanche 10 ao\u00fbt, les policiers de l\u2019unit\u00e9 canine de Grenoble patrouillaient pr\u00e8s des points de deal situ\u00e9s dans les quartiers Hoche et de l\u2019Alma. Mais, aux alentours de 22h, l\u2019\u00e9quipage de police a \u00e9t\u00e9 pris pour cible par des groupes d\u2019individus.<\/p>\n<p>Rue de l\u2019Alma, des projectiles ont \u00e9t\u00e9 lanc\u00e9s en direction des forces de l\u2019ordre. Puis, vers 23h30, en se rendant dans le quartier Hoche, l\u2019\u00e9quipage a de nouveau \u00e9t\u00e9 vis\u00e9e par des jets de projectiles.<\/p>\n<p>Fort heureusement, aucun bless\u00e9 n\u2019est \u00e0 d\u00e9plorer au sein de l\u2019unit\u00e9 canine. Les individus ont pu \u00eatre dispers\u00e9s gr\u00e2ce \u00e0 des tirs de grenades lacrymog\u00e8nes.<\/p>\n","protected":false},"excerpt":{"rendered":"Sc\u00e8ne de pagaille dans le centre-ville de Grenoble. Au soir du dimanche 10 ao\u00fbt, les policiers de l\u2019unit\u00e9&hellip;\n","protected":false},"author":2,"featured_media":311733,"comment_status":"","ping_status":"","sticky":false,"template":"","format":"standard","meta":{"footnotes":""},"categories":[9566],"tags":[1111,11,2813,2430,1109,251,1112,2811,1777,674,118,1011,27,21780,2731,14004,1922,1110,1114,108,12,316,25,2812,517,800],"class_list":{"0":"post-315320","1":"post","2":"type-post","3":"status-publish","4":"format-standard","5":"has-post-thumbnail","7":"category-grenoble","8":"tag-actu","9":"tag-actualites","10":"tag-article","11":"tag-auvergne-rhone-alpes","12":"tag-breves","13":"tag-culture","14":"tag-depeches","15":"tag-economique","16":"tag-eu","17":"tag-europe","18":"tag-faits-divers","19":"tag-fr","20":"tag-france","21":"tag-gf38","22":"tag-grenoble","23":"tag-grenoblemag","24":"tag-info","25":"tag-informations","26":"tag-infos","27":"tag-isere","28":"tag-news","29":"tag-politique","30":"tag-republique-francaise","31":"tag-sociale","32":"tag-sport","33":"tag-transports"},"share_on_mastodon":{"url":"https:\/\/pubeurope.com\/@fr\/115019223064176777","error":""},"_links":{"self":[{"href":"https:\/\/www.europesays.com\/fr\/wp-json\/wp\/v2\/posts\/315320","targetHints":{"allow":["GET"]}}],"collection":[{"href":"https:\/\/www.europesays.com\/fr\/wp-json\/wp\/v2\/posts"}],"about":[{"href":"https:\/\/www.europesays.com\/fr\/wp-json\/wp\/v2\/types\/post"}],"author":[{"embeddable":true,"href":"https:\/\/www.europesays.com\/fr\/wp-json\/wp\/v2\/users\/2"}],"replies":[{"embeddable":true,"href":"https:\/\/www.europesays.com\/fr\/wp-json\/wp\/v2\/comments?post=315320"}],"version-history":[{"count":0,"href":"https:\/\/www.europesays.com\/fr\/wp-json\/wp\/v2\/posts\/315320\/revisions"}],"wp:featuredmedia":[{"embeddable":true,"href":"https:\/\/www.europesays.com\/fr\/wp-json\/wp\/v2\/media\/311733"}],"wp:attachment":[{"href":"https:\/\/www.europesays.com\/fr\/wp-json\/wp\/v2\/media?parent=315320"}],"wp:term":[{"taxonomy":"category","embeddable":true,"href":"https:\/\/www.europesays.com\/fr\/wp-json\/wp\/v2\/categories?post=315320"},{"taxonomy":"post_tag","embeddable":true,"href":"https:\/\/www.europesays.com\/fr\/wp-json\/wp\/v2\/tags?post=315320"}],"curies":[{"name":"wp","href":"https:\/\/api.w.org\/{rel}","templated":true}]}}