{"id":315321,"date":"2025-08-13T03:00:00","date_gmt":"2025-08-13T03:00:00","guid":{"rendered":"https:\/\/www.europesays.com\/fr\/315321\/"},"modified":"2025-08-13T03:00:00","modified_gmt":"2025-08-13T03:00:00","slug":"un-concert-et-un-spectacle-dans-cette-guinguette-ce-week-end","status":"publish","type":"post","link":"https:\/\/www.europesays.com\/fr\/315321\/","title":{"rendered":"un concert et un spectacle dans cette guinguette ce week-end"},"content":{"rendered":"<p>            Par<br \/>\n        <strong><br \/>\n            <a href=\"https:\/\/actu.fr\/auteur\/redaction-jv\" title=\"Consulter tous les articles de R\u00e9daction Vitr\u00e9\" rel=\"nofollow noopener\" target=\"_blank\">R\u00e9daction Vitr\u00e9<\/a><br \/>\n        <\/strong><\/p>\n<p>        Publi\u00e9 le<\/p>\n<p>            7 ao\u00fbt 2025 \u00e0 11h44        <\/p>\n<p>Plusieurs temps forts rythmeront la programmation du mois d\u2019ao\u00fbt de <b>la guinguette \u00e9ph\u00e9m\u00e8re<\/b> <b>\u00c0\u00a0La Bonheur<\/b>, install\u00e9e jusqu\u2019\u00e0 la fin de l\u2019\u00e9t\u00e9 <b>au square de B\u00e9n\u00e9dictins<\/b>, dans le centre-ville de <b>Vitr\u00e9<\/b> (Ille-et-Vilaine).<\/p>\n<p class=\" wall-content\">\u00ab\u2009Cet \u00e9t\u00e9, la guinguette va bouger\u2009! Concerts, animations, soir\u00e9es conviviales et plein de surprises\u2026 <b>le spot parfait pour chiller,<\/b> boire un verre et profiter entre amis ou en famille\u2009\u00bb, invitent les organisateurs.<\/p>\n<p>Deux rendez-vous ce week-end<\/p>\n<p class=\" wall-content\">Le premier rendez-vous est pr\u00e9vu ce samedi 9\u00a0ao\u00fbt (18\u2009h), avec le spectacle <b>M\u00e2t Chinois \u00ab\u2009Smile\u2009\u00bb,<\/b> une cr\u00e9ation contemporaine en duo.<\/p>\n<p class=\" wall-content\">Le deuxi\u00e8me rendez-vous est pr\u00e9vu le lendemain, avec <b>la fanfare Les Grimms<\/b> (17\u2009h\u200930).<\/p>\n<p>Vid\u00e9os : en ce moment sur Actu<\/p>\n<p class=\" wall-content\">\u00ab\u2009Les Grimms sauront mettre de l\u2019ambiance avec un groupe de six musiciens et musiciennes.\u00a0Ce jeune groupe fougerais, cr\u00e9\u00e9 il y a quelques ann\u00e9es, axe ses reprises sur un style Brass fanfare de rue avec quelques touches de New Orleans et quelques compositions\u2009\u00bb, d\u00e9voile la guinguette.<\/p>\n<p>Soir\u00e9e de fermeture le 31\u00a0ao\u00fbt<\/p>\n<p class=\" wall-content\">La guinguette sera \u00e9galement anim\u00e9e \u00e0 l\u2019occasion du <b>festival des Fanfarfelues,<\/b> qui se tiendra le week-end des 22, 23 et 24\u00a0ao\u00fbt sur la place du ch\u00e2teau.<\/p>\n<p class=\" wall-content\">Puis <b>la soir\u00e9e de fermeture<\/b> aura lieu le 31\u00a0ao\u00fbt, \u00e0 partir de 18\u2009h. Une belle mani\u00e8re de dire au revoir \u00e0 la guinguette. Avant son retour l\u2019ann\u00e9e prochaine\u2009?<\/p>\n<p class=\" wall-content\">Suivez toute l\u2019actualit\u00e9 de vos villes et m\u00e9dias favoris en vous inscrivant \u00e0 <a href=\"https:\/\/moncompte.actu.fr\" title=\"D\u00e9couvez Mon Actu\" rel=\"nofollow noopener\" data-trk=\"{&quot;cta&quot;:{&quot;action&quot;:&quot;https:\\\/\\\/moncompte.actu.fr&quot;,&quot;category&quot;:&quot;mon compte&quot;,&quot;from&quot;:&quot;article footer&quot;,&quot;name&quot;:&quot;Mon actu&quot;,&quot;type&quot;:&quot;cta&quot;}}\" target=\"_blank\">Mon Actu<\/a>.<\/p>\n","protected":false},"excerpt":{"rendered":"Par R\u00e9daction Vitr\u00e9 Publi\u00e9 le 7 ao\u00fbt 2025 \u00e0 11h44 Plusieurs temps forts rythmeront la programmation du mois&hellip;\n","protected":false},"author":2,"featured_media":315322,"comment_status":"","ping_status":"","sticky":false,"template":"","format":"standard","meta":{"footnotes":""},"categories":[2821],"tags":[1111,11,829,1697,1777,674,1011,27,12,584,25,104,853],"class_list":{"0":"post-315321","1":"post","2":"type-post","3":"status-publish","4":"format-standard","5":"has-post-thumbnail","7":"category-rennes","8":"tag-actu","9":"tag-actualites","10":"tag-bretagne","11":"tag-concert","12":"tag-eu","13":"tag-europe","14":"tag-fr","15":"tag-france","16":"tag-news","17":"tag-rennes","18":"tag-republique-francaise","19":"tag-societe","20":"tag-spectacles"},"share_on_mastodon":{"url":"https:\/\/pubeurope.com\/@fr\/115019226966130925","error":""},"_links":{"self":[{"href":"https:\/\/www.europesays.com\/fr\/wp-json\/wp\/v2\/posts\/315321","targetHints":{"allow":["GET"]}}],"collection":[{"href":"https:\/\/www.europesays.com\/fr\/wp-json\/wp\/v2\/posts"}],"about":[{"href":"https:\/\/www.europesays.com\/fr\/wp-json\/wp\/v2\/types\/post"}],"author":[{"embeddable":true,"href":"https:\/\/www.europesays.com\/fr\/wp-json\/wp\/v2\/users\/2"}],"replies":[{"embeddable":true,"href":"https:\/\/www.europesays.com\/fr\/wp-json\/wp\/v2\/comments?post=315321"}],"version-history":[{"count":0,"href":"https:\/\/www.europesays.com\/fr\/wp-json\/wp\/v2\/posts\/315321\/revisions"}],"wp:featuredmedia":[{"embeddable":true,"href":"https:\/\/www.europesays.com\/fr\/wp-json\/wp\/v2\/media\/315322"}],"wp:attachment":[{"href":"https:\/\/www.europesays.com\/fr\/wp-json\/wp\/v2\/media?parent=315321"}],"wp:term":[{"taxonomy":"category","embeddable":true,"href":"https:\/\/www.europesays.com\/fr\/wp-json\/wp\/v2\/categories?post=315321"},{"taxonomy":"post_tag","embeddable":true,"href":"https:\/\/www.europesays.com\/fr\/wp-json\/wp\/v2\/tags?post=315321"}],"curies":[{"name":"wp","href":"https:\/\/api.w.org\/{rel}","templated":true}]}}