{"id":315323,"date":"2025-08-13T03:01:48","date_gmt":"2025-08-13T03:01:48","guid":{"rendered":"https:\/\/www.europesays.com\/fr\/315323\/"},"modified":"2025-08-13T03:01:48","modified_gmt":"2025-08-13T03:01:48","slug":"om-valentin-rongier-devoile-les-vraies-raisons-de-son-depart-a-rennes","status":"publish","type":"post","link":"https:\/\/www.europesays.com\/fr\/315323\/","title":{"rendered":"OM, Valentin Rongier d\u00e9voile les vraies raisons de son d\u00e9part \u00e0 Rennes"},"content":{"rendered":"<p class=\"mb-4 text-lg md:leading-8 break-words\"><a href=\"https:\/\/fr.news.yahoo.com\/sport\/officiel-valentin-rongier-signe-%C3%A0-182148994.html\" data-ylk=\"slk:Apr\u00e8s six saisons pass\u00e9es \u00e0 l\u2019Olympique de Marseille, Valentin Rongier a d\u00e9cid\u00e9 de tourner la page et de s\u2019engager avec le Stade Rennais;elm:context_link;itc:0;sec:content-canvas;outcm:mb_qualified_link;_E:mb_qualified_link;ct:story;\" class=\"link  yahoo-link\" rel=\"nofollow noopener\" target=\"_blank\">Apr\u00e8s six saisons pass\u00e9es \u00e0 l\u2019Olympique de Marseille, Valentin Rongier a d\u00e9cid\u00e9 de tourner la page et de s\u2019engager avec le Stade Rennais<\/a>. Un choix qui, \u00e0 premi\u00e8re vue, peut surprendre pour un ancien capitaine phoc\u00e9en, mais que l\u2019int\u00e9ress\u00e9 explique avec clart\u00e9. Entre d\u00e9saccord salarial, envie de nouveaut\u00e9 et projet sportif ambitieux, le milieu de terrain de 30 ans a livr\u00e9 ses v\u00e9ritables motivations.<\/p>\n<p>Valentin Rongier en qu\u00eate d\u2019un nouveau challenge apr\u00e8s l\u2019OM<img alt=\"Valentin Rongier en qu\u00eate d\u2019un nouveau challenge apr\u00e8s l\u2019OM \" loading=\"lazy\" width=\"960\" height=\"540\" decoding=\"async\" data-nimg=\"1\" class=\"rounded-lg\" style=\"color:transparent\" src=\"https:\/\/www.europesays.com\/fr\/wp-content\/uploads\/2025\/08\/d3232445ecd74997d13456d0b0704954.jpeg\"\/><\/p>\n<p>Valentin Rongier en qu\u00eate d\u2019un nouveau challenge apr\u00e8s l\u2019OM<\/p>\n<p class=\"mb-4 text-lg md:leading-8 break-words\"><a href=\"https:\/\/fr.news.yahoo.com\/sport\/valentin-rongier-%C3%A0-rennes-grosse-060402730.html\" data-ylk=\"slk:Malgr\u00e9 une offre de prolongation de contrat jusqu\u2019en 2026, Valentin Rongier a d\u00e9clin\u00e9 la proposition de l\u2019OM pour s\u2019engager avec le Stade Rennais cet \u00e9t\u00e9.;elm:context_link;itc:0;sec:content-canvas;outcm:mb_qualified_link;_E:mb_qualified_link;ct:story;\" class=\"link  yahoo-link\" rel=\"nofollow noopener\" target=\"_blank\">Malgr\u00e9 une offre de prolongation de contrat jusqu\u2019en 2026, Valentin Rongier a d\u00e9clin\u00e9 la proposition de l\u2019OM pour s\u2019engager avec le Stade Rennais cet \u00e9t\u00e9.<\/a> Roberto De Zerbi souhaitait pourtant le conserver dans son effectif. S<a href=\"https:\/\/fr.news.yahoo.com\/sport\/om-roberto-zerbi-r%C3%A8gle-comptes-154330955.html\" data-ylk=\"slk:elon plusieurs sources, les discussions se sont heurt\u00e9es \u00e0 un d\u00e9saccord salarial.;elm:context_link;itc:0;sec:content-canvas;outcm:mb_qualified_link;_E:mb_qualified_link;ct:story;\" class=\"link  yahoo-link\" rel=\"nofollow noopener\" target=\"_blank\">elon plusieurs sources, les discussions se sont heurt\u00e9es \u00e0 un d\u00e9saccord salarial.<\/a> Mais pour le joueur, l\u2019aspect financier n\u2019a pas \u00e9t\u00e9 le seul \u00e9l\u00e9ment d\u00e9terminant.<\/p>\n<p class=\"mb-4 text-lg md:leading-8 break-words\">\u00a0<\/p>\n<p class=\"mb-4 text-lg md:leading-8 break-words\">\u00ab J&rsquo;arrivais \u00e0 la fin d&rsquo;un cycle \u00e0 l&rsquo;OM. J&rsquo;avais besoin d&rsquo;un nouveau challenge, d&rsquo;un nouveau d\u00e9fi et on a beaucoup \u00e9chang\u00e9 (avec le club). J&rsquo;avais besoin de comprendre quel \u00e9tait le projet, l&rsquo;ambition du Stade Rennais, et apr\u00e8s avoir longuement \u00e9chang\u00e9 avec le pr\u00e9sident (Arnaud Pouille), Lo\u00efc (D\u00e9sir\u00e9, le directeur sportif) et le coach (Habib Beye), le projet m&rsquo;a beaucoup excit\u00e9. C&rsquo;est un challenge que de ramener le club en Coupe d&rsquo;Europe, le plus rapidement possible \u00bb, a-t-il confi\u00e9 lors de sa pr\u00e9sentation officielle, des propos relay\u00e9s par L\u2019\u00c9quipe.<\/p>\n<p>Rongier s\u00e9duit par le projet sportif de Rennes<img alt=\"Rongier s\u00e9duit par le projet sportif de Rennes \" loading=\"lazy\" width=\"960\" height=\"540\" decoding=\"async\" data-nimg=\"1\" class=\"rounded-lg\" style=\"color:transparent\" src=\"https:\/\/www.europesays.com\/fr\/wp-content\/uploads\/2025\/08\/29e65ff345184e14f651c20eacdfe1df.jpeg\"\/><\/p>\n<p>Rongier s\u00e9duit par le projet sportif de Rennes<\/p>\n<p class=\"mb-4 text-lg md:leading-8 break-words\">S\u00e9duit par les ambitions affich\u00e9es par le club breton, Valentin Rongier a vu dans ce transfert l\u2019occasion de se relancer. Pour lui, le Stade Rennais poss\u00e8de les atouts n\u00e9cessaires pour rivaliser avec les meilleurs.<\/p>\n<p class=\"mb-4 text-lg md:leading-8 break-words\">\u00ab C&rsquo;est l&rsquo;objectif, cette ann\u00e9e. Pour moi, c&rsquo;est une \u00e9quipe qui doit terminer dans le top 5, chaque ann\u00e9e. C&rsquo;\u00e9tait m\u00fbrement r\u00e9fl\u00e9chi et je suis tr\u00e8s content d&rsquo;\u00eatre ici. Non, je n&rsquo;ai aucun regret. \u00c7a a vraiment \u00e9t\u00e9 r\u00e9fl\u00e9chi pendant des semaines. Je n&rsquo;ai pas pris ma d\u00e9cision en deux jours \u00bb, a-t-il ajout\u00e9.<\/p>\n<p>Des retrouvailles attendues avec l\u2019OM<img alt=\"Des retrouvailles attendues avec l\u2019OM\" loading=\"lazy\" width=\"960\" height=\"540\" decoding=\"async\" data-nimg=\"1\" class=\"rounded-lg\" style=\"color:transparent\" src=\"https:\/\/www.europesays.com\/fr\/wp-content\/uploads\/2025\/08\/d7e58679a0384de398375e30f42c6166.jpeg\"\/><\/p>\n<p>Des retrouvailles attendues avec l\u2019OM<\/p>\n<p class=\"mb-4 text-lg md:leading-8 break-words\">Le destin a r\u00e9serv\u00e9 \u00e0 Valentin Rongier une premi\u00e8re journ\u00e9e de Ligue 1 sous forme de retrouvailles. Rennes affrontera Marseille vendredi, un rendez-vous particulier pour le milieu form\u00e9 \u00e0 Nantes. Incertain en raison d\u2019un forfait lors du dernier match amical face au Genoa, il esp\u00e8re \u00eatre sur le terrain pour affronter ses anciens co\u00e9quipiers.<\/p>\n","protected":false},"excerpt":{"rendered":"Apr\u00e8s six saisons pass\u00e9es \u00e0 l\u2019Olympique de Marseille, Valentin Rongier a d\u00e9cid\u00e9 de tourner la page et de&hellip;\n","protected":false},"author":2,"featured_media":315324,"comment_status":"","ping_status":"","sticky":false,"template":"","format":"standard","meta":{"footnotes":""},"categories":[2821],"tags":[1111,11,829,1777,674,1011,27,42743,4056,17090,766,12,39795,584,25,968,3087,40284],"class_list":{"0":"post-315323","1":"post","2":"type-post","3":"status-publish","4":"format-standard","5":"has-post-thumbnail","7":"category-rennes","8":"tag-actu","9":"tag-actualites","10":"tag-bretagne","11":"tag-eu","12":"tag-europe","13":"tag-fr","14":"tag-france","15":"tag-frankowski","16":"tag-lom","17":"tag-lolympique-de-marseille","18":"tag-nantes","19":"tag-news","20":"tag-quentin-merlin","21":"tag-rennes","22":"tag-republique-francaise","23":"tag-roberto-de-zerbi","24":"tag-stade-rennais","25":"tag-valentin-rongier"},"share_on_mastodon":{"url":"https:\/\/pubeurope.com\/@fr\/115019234944747509","error":""},"_links":{"self":[{"href":"https:\/\/www.europesays.com\/fr\/wp-json\/wp\/v2\/posts\/315323","targetHints":{"allow":["GET"]}}],"collection":[{"href":"https:\/\/www.europesays.com\/fr\/wp-json\/wp\/v2\/posts"}],"about":[{"href":"https:\/\/www.europesays.com\/fr\/wp-json\/wp\/v2\/types\/post"}],"author":[{"embeddable":true,"href":"https:\/\/www.europesays.com\/fr\/wp-json\/wp\/v2\/users\/2"}],"replies":[{"embeddable":true,"href":"https:\/\/www.europesays.com\/fr\/wp-json\/wp\/v2\/comments?post=315323"}],"version-history":[{"count":0,"href":"https:\/\/www.europesays.com\/fr\/wp-json\/wp\/v2\/posts\/315323\/revisions"}],"wp:featuredmedia":[{"embeddable":true,"href":"https:\/\/www.europesays.com\/fr\/wp-json\/wp\/v2\/media\/315324"}],"wp:attachment":[{"href":"https:\/\/www.europesays.com\/fr\/wp-json\/wp\/v2\/media?parent=315323"}],"wp:term":[{"taxonomy":"category","embeddable":true,"href":"https:\/\/www.europesays.com\/fr\/wp-json\/wp\/v2\/categories?post=315323"},{"taxonomy":"post_tag","embeddable":true,"href":"https:\/\/www.europesays.com\/fr\/wp-json\/wp\/v2\/tags?post=315323"}],"curies":[{"name":"wp","href":"https:\/\/api.w.org\/{rel}","templated":true}]}}