{"id":315333,"date":"2025-08-13T03:09:23","date_gmt":"2025-08-13T03:09:23","guid":{"rendered":"https:\/\/www.europesays.com\/fr\/315333\/"},"modified":"2025-08-13T03:09:23","modified_gmt":"2025-08-13T03:09:23","slug":"elles-ont-le-sentiment-detre-considerees-a-bordeaux-la-mairie-assure-le-suivi-des-personnes-agees-isolees-2","status":"publish","type":"post","link":"https:\/\/www.europesays.com\/fr\/315333\/","title":{"rendered":"\u00ab\u00a0Elles ont le sentiment d\u2019\u00eatre consid\u00e9r\u00e9es\u00a0\u00bb\u2026 A Bordeaux, la mairie assure le suivi des personnes \u00e2g\u00e9es isol\u00e9es"},"content":{"rendered":"<p> \u00abBonjour Monsieur, c\u2019est la mairie de <a href=\"https:\/\/www.20minutes.fr\/bordeaux\/\" class=\"color-ultramarine c-link\" rel=\"nofollow noopener\" target=\"_blank\">Bordeaux<\/a>, je vous appelle dans le cadre du <a href=\"https:\/\/www.20minutes.fr\/sante\/4159508-20250620-canicule-alimentation-hydratation-organisation-astuces-proteger-grosses-chaleurs\" class=\"color-ultramarine c-link\" rel=\"nofollow noopener\" target=\"_blank\">plan canicule<\/a> niveau 4. Vous savez qu\u2019il y a des points de rafra\u00eechissement, et notamment des \u00e9choppes <a href=\"https:\/\/www.20minutes.fr\/dossier\/senior\" class=\"color-ultramarine c-link\" rel=\"nofollow noopener\" target=\"_blank\">seniors<\/a> qui existent sur Bordeaux\u00a0? Vous pouvez y trouver un espace climatis\u00e9 et de la boisson si vous le souhaitez.\u00a0\u00bb<\/p>\n<p>L\u2019unit\u00e9 de lutte contre l\u2019isolement de la mairie de Bordeaux, est mobilis\u00e9e depuis lundi et le d\u00e9but de la <a href=\"https:\/\/www.20minutes.fr\/societe\/4167477-20250811-canicule-vigilance-rouge-nuits-difficiles-pollution-chaleur-monte-encore-cran\" class=\"color-ultramarine c-link\" rel=\"nofollow noopener\" target=\"_blank\">vigilance rouge canicule<\/a> \u00e9tablie par <a href=\"https:\/\/www.20minutes.fr\/dossier\/meteo_france\" class=\"color-ultramarine c-link\" rel=\"nofollow noopener\" target=\"_blank\">M\u00e9t\u00e9o-France<\/a> sur une grande partie du <a href=\"https:\/\/www.20minutes.fr\/dossier\/sud-ouest\" class=\"color-ultramarine c-link\" rel=\"nofollow noopener\" target=\"_blank\">Sud-Ouest<\/a>. Quelque 50 agents, b\u00e9n\u00e9voles associatifs et volontaires de la ville, assurent une veille t\u00e9l\u00e9phonique aupr\u00e8s des personnes de plus de 70 ans consid\u00e9r\u00e9es comme fragiles en cette p\u00e9riode. Lundi, les 41,6\u00a0\u00b0C ont \u00e9t\u00e9 atteints \u00e0 Bordeaux, \u00e9tablissant un nouveau record pour la capitale de Nouvelle-Aquitaine. La vigilance rouge est maintenue ce mardi.<\/p>\n<p>Un message de t\u00e9l\u00e9alerte d\u00e8s dimanche<\/p>\n<p>Depuis la <a href=\"https:\/\/www.20minutes.fr\/france\/88318-20060526-france-retour-sur-la-catastrophe-sanitaire-d-aout-2003\" class=\"color-ultramarine c-link\" rel=\"nofollow noopener\" target=\"_blank\">canicule d\u2019ao\u00fbt\u00a02003<\/a> &#8211; durant laquelle on a d\u00e9plor\u00e9 une surmortalit\u00e9 d\u2019environ 15.000 d\u00e9c\u00e8s par rapport \u00e0 la mortalit\u00e9 habituelle de cette p\u00e9riode, touchant particuli\u00e8rement les personnes \u00e2g\u00e9es &#8211; la surveillance et le suivi des personnes \u00e2g\u00e9es, notamment isol\u00e9es, ont \u00e9t\u00e9 renforc\u00e9s dans de nombreuses villes en France. A Bordeaux, un fichier de 3.600 personnes \u00e2g\u00e9es \u00e0 suivre durant les p\u00e9riodes de forte chaleur a ainsi \u00e9t\u00e9 \u00e9tabli, et il est remis \u00e0 jour chaque ann\u00e9e. \u00ab\u00a0Ces personnes ont re\u00e7u un message de t\u00e9l\u00e9alerte d\u00e8s dimanche, et on rappelle celles qui n\u2019ont pas \u00e9cout\u00e9 ce message, pour v\u00e9rifier que tout va bien, et indiquer les conseils \u00e0 suivre\u00a0\u00bb, explique St\u00e9phane Pfeiffer, adjoint au maire charg\u00e9 de l\u2019urbanisme et du logement.<\/p>\n<p>\u00ab\u00a0Pour disposer aujourd\u2019hui d\u2019une telle liste de 3.600 personnes \u00e2g\u00e9es \u00e0 appeler, nos services travaillent sur un fichier de base de 25.000 personnes de plus de 70 ans, poursuit l\u2019\u00e9lu. Nous fonctionnons en entonnoir, pour d\u00e9boucher au final sur une liste extr\u00eamement qualifi\u00e9e de personnes vuln\u00e9rables. C\u2019est donc un travail engag\u00e9 bien en amont.\u00a0\u00bb<\/p>\n<p>\u00ab\u00a0Nous ne sommes qu\u2019au d\u00e9but de l\u2019\u00e9pisode de forte chaleur\u00a0\u00bb<\/p>\n<p>Deborah, coordinatrice \u00e0 l\u2019unit\u00e9 de lutte contre l\u2019isolement de la mairie de Bordeaux, pr\u00e9cise que \u00ab\u00a0l\u2019on a des personnes plus ou moins fragiles, avec notamment une cinquantaine de personnes dites \u00e0 risque, c\u2019est-\u00e0-dire sans entourage.\u00a0\u00bb \u00ab\u00a0Il s\u2019agit de personnes sans famille, sans proche, et qui habitent pour certaines dans des logements qualifi\u00e9s de bouilloire \u00e9nerg\u00e9tique\u00a0\u00bb, ajoute St\u00e9phane Pfeiffer.<\/p>\n<p>\u00ab\u00a0Ce sont les personnes les plus difficiles \u00e0 rep\u00e9rer, ce que l\u2019on tente de faire tout au long de l\u2019ann\u00e9e, en collaboration avec diff\u00e9rents acteurs sur toute la ville, poursuit Deborah. Celles-ci, on les contacte tous les jours durant les p\u00e9riodes de canicule, elles sont prioritaires. Aujourd\u2019hui [lundi] elles allaient bien, mais nous ne sommes qu\u2019au d\u00e9but de l\u2019\u00e9pisode de forte chaleur, c\u2019est g\u00e9n\u00e9ralement lorsque cela dure que cela devient plus compliqu\u00e9 pour elles.\u00a0\u00bb<\/p>\n<p>\u00ab\u00a0On prend un peu de temps pour discuter\u00a0\u00bb<\/p>\n<p>Pour renforcer l\u2019unit\u00e9 de lutte contre l\u2019isolement, la mairie de Bordeaux fait appel depuis\u00a02022 \u00e0 des citoyens issus de la r\u00e9serve citoyenne de Bordeaux M\u00e9tropole. Comme C\u00e9cile, heureuse de \u00ab\u00a0pouvoir aider de fa\u00e7on compl\u00e9mentaire\u00a0\u00bb \u00e0 son travail, et qui a rejoint la r\u00e9serve citoyenne apr\u00e8s les <a href=\"https:\/\/www.20minutes.fr\/societe\/3329611-20220725-incendies-gironde-feu-landiras-toujours-fixe\" class=\"color-ultramarine c-link\" rel=\"nofollow noopener\" target=\"_blank\">incendies de Landiras de\u00a02022<\/a>. \u00ab\u00a0J\u2019ai eu alors envie de me mobiliser, pour aider les populations, au sein d\u2019une structure o\u00f9 l\u2019on est encadr\u00e9.\u00a0\u00bb \u00ab\u00a0C\u2019est une chance d\u2019avoir ce dispositif qui nous am\u00e8ne sur la semaine plusieurs dizaines de b\u00e9n\u00e9voles, pour compl\u00e9ter le travail de nos agents\u00a0\u00bb, souligne St\u00e9phane Pfeiffer.<\/p>\n<\/p>\n<p>\u00ab\u00a0Il y a un c\u00f4t\u00e9 tr\u00e8s humain\u00a0\u00bb dans ce travail, poursuit C\u00e9cile. \u00ab\u00a0On cr\u00e9e du lien avec ces personnes, puisqu\u2019elles sont ravies que l\u2019on prenne soin d\u2019elles, elles ont le sentiment d\u2019\u00eatre consid\u00e9r\u00e9es. On prend un peu de temps pour discuter, et on a des \u00e9changes tr\u00e8s int\u00e9ressants. Lundi matin, une personne \u00e2g\u00e9e de 90 ans me racontait que malgr\u00e9 la chaleur elle \u00e9tait partie se baigner \u00e0 la piscine, et que l\u2019apr\u00e8s-midi elle irait \u00e0 la biblioth\u00e8que profiter de l\u2019air climatis\u00e9. Et elle a d\u00e9couvert \u00e0 travers nos \u00e9changes qu\u2019un espace senior existait pr\u00e8s de chez elle, et je pense que mardi elle ira y faire un tour.\u00a0\u00bb Il existe quelque 19 \u00ab\u00a0\u00e9choppes seniors\u00a0\u00bb rafra\u00eechies, accessibles quand il fait tr\u00e8s chaud, sur l\u2019ensemble de la ville.<\/p>\n<p>Un camion pour permettre aux sans-abri de prendre des douches<\/p>\n<p>La politique de pr\u00e9vention de la mairie lors des canicules ne concerne pas que les personnes \u00e2g\u00e9es. \u00ab\u00a0Parmi les populations prioritaires, il y a aussi les enfants en bas \u00e2ge, les personnes \u00e0 la rue et nos agents, pour qui nous adaptons les horaires de travail, voire nous supprimons certains travaux en ext\u00e9rieur s\u2019ils ne sont pas indispensables\u00a0\u00bb, explique St\u00e9phane Pfeiffer.<\/p>\n<p>Le Centre Jean-Moulin, situ\u00e9 \u00e0 proximit\u00e9 de la mairie, accueille ainsi un espace de fra\u00eecheur pour les <a href=\"https:\/\/www.20minutes.fr\/dossier\/sdf\" class=\"color-ultramarine c-link\" rel=\"nofollow noopener\" target=\"_blank\">personnes sans abri<\/a>, avec des lits de camp pour se reposer, chaque jour de 13\u00a0heures \u00e0 22\u00a0heures. Cela permet \u00e0 cette population tr\u00e8s expos\u00e9e lors des canicules, \u00ab\u00a0de se reposer, se ressourcer, et se mettre au frais\u00a0\u00bb, explique Nejiba Martin, de la Croix-Rouge.<\/p>\n<p><img decoding=\"async\" alt=\"Accueil de SDF \u00e0 Bordeaux durant la canicule d'ao\u00fbt 2025 avec un camion \u00e9quip\u00e9 de douches\" class=\"c-img\" loading=\"lazy\" fetchpriority=\"auto\" width=\"718\"  src=\"https:\/\/img.20mn.fr\/HvSpqnPWSbqXz9mmHtTHtyk\/718x0\" \/>Accueil de SDF \u00e0 Bordeaux durant la canicule d&rsquo;ao\u00fbt 2025 avec un camion \u00e9quip\u00e9 de douches\u2002-\u00a0M.Bosredon<\/p>\n<p>La <a href=\"https:\/\/www.20minutes.fr\/monde\/croix-rouge\/\" class=\"color-ultramarine c-link\" rel=\"nofollow noopener\" target=\"_blank\">Croix-Rouge<\/a> propose \u00e9galement le service \u00ab\u00a0solidouche\u00a0\u00bb, un petit camion \u00e9quip\u00e9 de deux douches, pour permettre aux personnes \u00e0 la rue de faire une toilette et se rafra\u00eechir. L\u2019un d\u2019eux est install\u00e9 place Pey-Berland depuis samedi midi. \u00ab\u00a0\u00c7a fait du bien\u00a0\u00bb, l\u00e2che en sortant d\u2019une des cabines un homme \u00e0 la rue. Une table est pos\u00e9e devant le v\u00e9hicule, sous un voile d\u2019ombrage, pour permettre \u00e9galement aux sans-abri de se poser un instant, alors que certains sont ext\u00e9nu\u00e9s sous ce soleil de plomb. La distribution de gourdes et d\u2019eau est par ailleurs renforc\u00e9e, 14 sites sont \u00e9quip\u00e9s de dispositifs de brumisation, et de nombreux points d\u2019eau potable sont en acc\u00e8s libre dans toute la ville.<\/p>\n<p>Selon le dernier recensement de la mairie, il y aurait quelque 760 personnes sans abri \u00e0 Bordeaux.<\/p>\n","protected":false},"excerpt":{"rendered":"\u00abBonjour Monsieur, c\u2019est la mairie de Bordeaux, je vous appelle dans le cadre du plan canicule niveau 4.&hellip;\n","protected":false},"author":2,"featured_media":315334,"comment_status":"","ping_status":"","sticky":false,"template":"","format":"standard","meta":{"footnotes":""},"categories":[2817],"tags":[1111,47,11,3177,1997,6698,13208,1777,674,1011,27,2905,12,2219,2571,5140,25,3910,12361,104],"class_list":{"0":"post-315333","1":"post","2":"type-post","3":"status-publish","4":"format-standard","5":"has-post-thumbnail","7":"category-bordeaux","8":"tag-actu","9":"tag-actualite","10":"tag-actualites","11":"tag-aquitaine","12":"tag-bordeaux","13":"tag-canicule","14":"tag-chaleur","15":"tag-eu","16":"tag-europe","17":"tag-fr","18":"tag-france","19":"tag-gironde","20":"tag-news","21":"tag-nouvelle-aquitaine","22":"tag-personnes-agees","23":"tag-rechauffement-climatique","24":"tag-republique-francaise","25":"tag-sdf","26":"tag-senior","27":"tag-societe"},"share_on_mastodon":{"url":"https:\/\/pubeurope.com\/@fr\/115019262480252270","error":""},"_links":{"self":[{"href":"https:\/\/www.europesays.com\/fr\/wp-json\/wp\/v2\/posts\/315333","targetHints":{"allow":["GET"]}}],"collection":[{"href":"https:\/\/www.europesays.com\/fr\/wp-json\/wp\/v2\/posts"}],"about":[{"href":"https:\/\/www.europesays.com\/fr\/wp-json\/wp\/v2\/types\/post"}],"author":[{"embeddable":true,"href":"https:\/\/www.europesays.com\/fr\/wp-json\/wp\/v2\/users\/2"}],"replies":[{"embeddable":true,"href":"https:\/\/www.europesays.com\/fr\/wp-json\/wp\/v2\/comments?post=315333"}],"version-history":[{"count":0,"href":"https:\/\/www.europesays.com\/fr\/wp-json\/wp\/v2\/posts\/315333\/revisions"}],"wp:featuredmedia":[{"embeddable":true,"href":"https:\/\/www.europesays.com\/fr\/wp-json\/wp\/v2\/media\/315334"}],"wp:attachment":[{"href":"https:\/\/www.europesays.com\/fr\/wp-json\/wp\/v2\/media?parent=315333"}],"wp:term":[{"taxonomy":"category","embeddable":true,"href":"https:\/\/www.europesays.com\/fr\/wp-json\/wp\/v2\/categories?post=315333"},{"taxonomy":"post_tag","embeddable":true,"href":"https:\/\/www.europesays.com\/fr\/wp-json\/wp\/v2\/tags?post=315333"}],"curies":[{"name":"wp","href":"https:\/\/api.w.org\/{rel}","templated":true}]}}