{"id":315335,"date":"2025-08-13T03:10:14","date_gmt":"2025-08-13T03:10:14","guid":{"rendered":"https:\/\/www.europesays.com\/fr\/315335\/"},"modified":"2025-08-13T03:10:14","modified_gmt":"2025-08-13T03:10:14","slug":"soupconnes-dun-double-home-jacking-les-voleurs-sautent-de-leurs-voitures-en-marche-pres-de-toulouse","status":"publish","type":"post","link":"https:\/\/www.europesays.com\/fr\/315335\/","title":{"rendered":"Soup\u00e7onn\u00e9s d&rsquo;un double home-jacking, les voleurs sautent de leurs voitures en marche, pr\u00e8s de Toulouse"},"content":{"rendered":"<p>            Par<br \/>\n        <strong><br \/>\n            <a href=\"https:\/\/actu.fr\/auteur\/guillaume-laurens\" title=\"Consulter tous les articles de Guillaume Laurens\" rel=\"nofollow noopener\" target=\"_blank\">Guillaume Laurens<\/a><br \/>\n        <\/strong><\/p>\n<p>        Publi\u00e9 le<\/p>\n<p>            12 ao\u00fbt 2025 \u00e0 16h20        <\/p>\n<p>Profitaient-ils de la torpeur estivale pour \u00e9cumer les maisons de quartiers pavillonnaires de <a href=\"https:\/\/actu.fr\/occitanie\/tournefeuille_31557\" rel=\"nofollow noopener\" target=\"_blank\"><strong>Tournefeuille<\/strong> <\/a>? Alors qu\u2019ils \u00e9taient en patrouille dans ce secteur de l\u2019ouest de <strong>Toulouse<\/strong>, les membres de la brigade anticriminalit\u00e9 de nuit ont men\u00e9 une interpellation rocambolesque dans la nuit du samedi 9 au dimanche 10 ao\u00fbt 2025, apr\u00e8s avoir rep\u00e9r\u00e9 <strong>deux v\u00e9hicules<\/strong> \u00e0 l\u2019attitude suspecte sur la route.<\/p>\n<p>\u00c0 bord de deux voitures vol\u00e9es la veille<\/p>\n<p class=\" wall-content\">Quelque peu \u00e9tranges, ces deux voitures \u2014 une Renault Twingo, suivie d\u2019une Ford Fiesta \u2014 <strong>\u00ab\u00a0roulaient tous feux \u00e9teints\u00a0\u00bb<\/strong> alors qu\u2019il \u00e9tait environ <strong>3 heures du matin<\/strong>, rapporte une source polici\u00e8re.<\/p>\n<p class=\" wall-content\">Et pour cause : toutes deux avaient \u00e9t\u00e9 <strong>vol\u00e9es<\/strong> la nuit pr\u00e9c\u00e9dente, lors d\u2019un <strong>home-jacking<\/strong> \u00e0 Tournefeuille. Elles appartenaient\u2026 \u00e0 un p\u00e8re et son fils qui dormaient \u00e0 poing ferm\u00e9 lorsque leur maison familiale a \u00e9t\u00e9 visit\u00e9e.<\/p>\n<p>Ils sautent des deux voitures en marche !<\/p>\n<p class=\" wall-content\">Quand les forces de l\u2019ordre s\u2019approchent des fuyards pour les contr\u00f4ler, non seulement ils ne s\u2019arr\u00eatent pas, mais ils acc\u00e9l\u00e8rent, avant de prendre des <strong>risques fous<\/strong> pour tenter de leur \u00e9chapper, \u00e0 hauteur de Colomiers.<\/p>\n<p class=\" wall-content\">Au volant de la Twingo, le premier automobiliste a soudainement <strong>saut\u00e9 de la voiture en marche<\/strong>, qui s\u2019est encastr\u00e9e contre un muret. Avant d\u2019\u00eatre imit\u00e9 par son comparse dans la Fiesta, qui est all\u00e9e <strong>percuter un arbre<\/strong>.<\/p>\n<p>Vid\u00e9os : en ce moment sur Actu<\/p>\n<p class=\" wall-content\">Mais la fuite des deux cascadeurs en herbe a tourn\u00e9 court : <strong>les policiers les ont rattrap\u00e9s<\/strong> dans un parc \u00e0 proximit\u00e9. \u00c2g\u00e9s de 21 et 27 ans, ils ont \u00e9t\u00e9 plac\u00e9s en garde \u00e0 vue au commissariat central de Toulouse, avant d\u2019\u00eatre d\u00e9f\u00e9r\u00e9s au parquet lundi, et de s\u2019expliquer devant la justice en comparution imm\u00e9diate mardi.<\/p>\n<p>Deux home-jackings, trois voitures !<\/p>\n<p class=\" wall-content\">Dans ces voitures, qui ont pu \u00eatre restitu\u00e9es \u2014 en l\u2019\u00e9tat \u2014 \u00e0 leurs propri\u00e9taires, <strong>d\u2019autres objets vol\u00e9s<\/strong> lors de l\u2019homejacking ont \u00e9t\u00e9 retrouv\u00e9s (smartphone, tablette, etc). Sans oublier<strong> les cl\u00e9s d\u2019un troisi\u00e8me v\u00e9hicule<\/strong>, dont le conducteur au volant de la Fiesta a vainement tent\u00e9 de se d\u00e9barrasser dans sa cavalcade, mais que les policiers ont r\u00e9cup\u00e9r\u00e9.<\/p>\n<p class=\" wall-content\">Elles ont pu \u00eatre identifi\u00e9es par un autre habitant de Tournefeuille, \u00e9galement victime d\u2019un homejacking\u2026 Mais si le propri\u00e9taire a reconnu les cl\u00e9s, son Ford C-Max n\u2019a, lui, pas \u00e9t\u00e9 retrouv\u00e9.<\/p>\n<p>    <a href=\"https:\/\/www.google.com\/maps\/embed?pb=!1m18!1m12!1m3!1d23124.26903099177!2d1.294894134100184!3d43.57460010969054!2m3!1f0!2f0!3f0!3m2!1i1024!2i768!4f13.1!3m3!1m2!1s0x12aeb0e6e1e11777%3A0x1c06f69f78d97750!2s31170%20Tournefeuille!5e0!3m2!1sfr!2sfr!4v1755007100123!5m2!1sfr!2sfr\" title=\"Ouvrie le lien\" rel=\"nofollow noopener\" target=\"_blank\">Cliquez ici pour visualiser le contenu<\/a><\/p>\n<p class=\" wall-content\">Suivez toute l\u2019actualit\u00e9 de vos villes et m\u00e9dias favoris en vous inscrivant \u00e0 <a href=\"https:\/\/moncompte.actu.fr\" title=\"D\u00e9couvez Mon Actu\" rel=\"nofollow noopener\" data-trk=\"{&quot;cta&quot;:{&quot;action&quot;:&quot;https:\\\/\\\/moncompte.actu.fr&quot;,&quot;category&quot;:&quot;mon compte&quot;,&quot;from&quot;:&quot;article footer&quot;,&quot;name&quot;:&quot;Mon actu&quot;,&quot;type&quot;:&quot;cta&quot;}}\" target=\"_blank\">Mon Actu<\/a>.<\/p>\n","protected":false},"excerpt":{"rendered":"Par Guillaume Laurens Publi\u00e9 le 12 ao\u00fbt 2025 \u00e0 16h20 Profitaient-ils de la torpeur estivale pour \u00e9cumer les&hellip;\n","protected":false},"author":2,"featured_media":315336,"comment_status":"","ping_status":"","sticky":false,"template":"","format":"standard","meta":{"footnotes":""},"categories":[2816],"tags":[1111,11,1777,674,118,1011,27,12,2680,1072,25,2312],"class_list":{"0":"post-315335","1":"post","2":"type-post","3":"status-publish","4":"format-standard","5":"has-post-thumbnail","7":"category-toulouse","8":"tag-actu","9":"tag-actualites","10":"tag-eu","11":"tag-europe","12":"tag-faits-divers","13":"tag-fr","14":"tag-france","15":"tag-news","16":"tag-occitanie","17":"tag-police","18":"tag-republique-francaise","19":"tag-toulouse"},"share_on_mastodon":{"url":"https:\/\/pubeurope.com\/@fr\/115019266328115857","error":""},"_links":{"self":[{"href":"https:\/\/www.europesays.com\/fr\/wp-json\/wp\/v2\/posts\/315335","targetHints":{"allow":["GET"]}}],"collection":[{"href":"https:\/\/www.europesays.com\/fr\/wp-json\/wp\/v2\/posts"}],"about":[{"href":"https:\/\/www.europesays.com\/fr\/wp-json\/wp\/v2\/types\/post"}],"author":[{"embeddable":true,"href":"https:\/\/www.europesays.com\/fr\/wp-json\/wp\/v2\/users\/2"}],"replies":[{"embeddable":true,"href":"https:\/\/www.europesays.com\/fr\/wp-json\/wp\/v2\/comments?post=315335"}],"version-history":[{"count":0,"href":"https:\/\/www.europesays.com\/fr\/wp-json\/wp\/v2\/posts\/315335\/revisions"}],"wp:featuredmedia":[{"embeddable":true,"href":"https:\/\/www.europesays.com\/fr\/wp-json\/wp\/v2\/media\/315336"}],"wp:attachment":[{"href":"https:\/\/www.europesays.com\/fr\/wp-json\/wp\/v2\/media?parent=315335"}],"wp:term":[{"taxonomy":"category","embeddable":true,"href":"https:\/\/www.europesays.com\/fr\/wp-json\/wp\/v2\/categories?post=315335"},{"taxonomy":"post_tag","embeddable":true,"href":"https:\/\/www.europesays.com\/fr\/wp-json\/wp\/v2\/tags?post=315335"}],"curies":[{"name":"wp","href":"https:\/\/api.w.org\/{rel}","templated":true}]}}