{"id":315341,"date":"2025-08-13T03:14:10","date_gmt":"2025-08-13T03:14:10","guid":{"rendered":"https:\/\/www.europesays.com\/fr\/315341\/"},"modified":"2025-08-13T03:14:10","modified_gmt":"2025-08-13T03:14:10","slug":"le-hublot-plonge-les-visiteurs-dans-la-biodiversite-mediterraneenne","status":"publish","type":"post","link":"https:\/\/www.europesays.com\/fr\/315341\/","title":{"rendered":"le Hublot plonge les visiteurs dans la biodiversit\u00e9 m\u00e9diterran\u00e9enne"},"content":{"rendered":"\n<p>Sur la plage de Bor\u00e9ly, le Hublot ouvre une fen\u00eatre sur la biodiversit\u00e9 marine de la M\u00e9diterran\u00e9e. Tous les jours, jusqu\u2019\u00e0 la fin du mois d\u2019ao\u00fbt, cette exposition gratuite apprend aux visiteurs \u00e0 mieux appr\u00e9hender la mer et le littoral. \u00ab\u00a0On estime qu\u2019une fois qu\u2019on conna\u00eet et qu\u2019on aime cette biodiversit\u00e9 marine, on la respecte un peu mieux\u00a0\u00bb, confie Herv\u00e9 Menchon (EELV), adjoint au maire de Marseille en charge de la Mer.<\/p>\n<p>Lucas, 6\u00a0ans, et Na\u00ebl, 4\u00a0ans, en visite avec leur famille, ne d\u00e9crochent pas du Tableau des curiosit\u00e9s anim\u00e9 par Fanny Eychenne, m\u00e9diatrice scientifique. Le but du jeu\u00a0? \u00ab\u00a0Remettre en concordance la photo de l\u2019animal vivant avec les indices, retrouv\u00e9s sur la plage une fois que ce dernier meurt\u00a0\u00bb, explique la m\u00e9diatrice. Au passage, elle gratifie l\u2019assembl\u00e9e d\u2019une explication sur chaque esp\u00e8ce tir\u00e9e. Na\u00ebl, in\u00e9puisable, en est \u00e0 sa quatri\u00e8me partie, mais peine \u00e0 trouver le bernard-l\u2019hermite. Avec un peu d\u2019aide, il finit par associer sa carte \u00e0 un petit squelette en bas du tableau. \u00ab\u00a0Il n\u2019y a pas de coquille car le bernard-l\u2019hermite est un squatteur, s\u2019amuse Fanny Eychenne. Il n\u2019a pas sa propre coquille et doit en changer r\u00e9guli\u00e8rement.\u00a0\u00bb<\/p>\n<p>Sensibiliser \u00e0 la pollution<\/p>\n<p>Une autre partie de l\u2019exposition a, pour sa part, moins la c\u00f4te aupr\u00e8s du petit groupe, mais elle n\u2019en est pas moins importante. Pas de jeu ou de manipulation \u00e0 effectuer cette fois, seulement de la lecture sur l\u2019impact qu\u2019ont les m\u00e9gots et les d\u00e9chets plastiques sur l\u2019environnement marin. \u00ab\u00a0Les visiteurs ont parfois des questions sur les bons gestes \u00e0 avoir, alors je leur conseille d\u2019\u00e9viter le plastique \u00e0 usage unique, mais ce n\u2019est pas facile\u00a0\u00bb, constate Fanny Eychenne.<\/p>\n<p>Dans la deuxi\u00e8me salle, des microscopes sont mis \u00e0 disposition. L\u2019occasion d\u2019ouvrir les yeux sur les plus petits \u00eatres qui peuplent la M\u00e9diterran\u00e9e, gr\u00e2ce \u00e0 des \u00e9chantillons d\u2019eau de mer pr\u00e9lev\u00e9s \u00e0 quelques m\u00e8tres de l\u00e0. \u00ab\u00a0Le plancton, par exemple, est un nom g\u00e9n\u00e9rique utilis\u00e9 pour l\u2019ensemble des \u00eatres vivants qui ne peuvent pas lutter contre le courant\u00a0\u00bb, souligne l\u2019animatrice. Et Herv\u00e9 Menchon de conclure\u00a0: \u00ab\u00a0Quand le geste accompagne la r\u00e9flexion, on n\u2019oublie jamais\u00a0\u00bb.<\/p>\n","protected":false},"excerpt":{"rendered":"Sur la plage de Bor\u00e9ly, le Hublot ouvre une fen\u00eatre sur la biodiversit\u00e9 marine de la M\u00e9diterran\u00e9e. Tous&hellip;\n","protected":false},"author":2,"featured_media":315342,"comment_status":"","ping_status":"","sticky":false,"template":"","format":"standard","meta":{"footnotes":""},"categories":[2814],"tags":[1111,11,1777,674,1011,27,37867,884,12,882,25],"class_list":{"0":"post-315341","1":"post","2":"type-post","3":"status-publish","4":"format-standard","5":"has-post-thumbnail","7":"category-marseille","8":"tag-actu","9":"tag-actualites","10":"tag-eu","11":"tag-europe","12":"tag-fr","13":"tag-france","14":"tag-lilia-fernandez","15":"tag-marseille","16":"tag-news","17":"tag-provence-alpes-cote-dazur","18":"tag-republique-francaise"},"share_on_mastodon":{"url":"https:\/\/pubeurope.com\/@fr\/115019282149139164","error":""},"_links":{"self":[{"href":"https:\/\/www.europesays.com\/fr\/wp-json\/wp\/v2\/posts\/315341","targetHints":{"allow":["GET"]}}],"collection":[{"href":"https:\/\/www.europesays.com\/fr\/wp-json\/wp\/v2\/posts"}],"about":[{"href":"https:\/\/www.europesays.com\/fr\/wp-json\/wp\/v2\/types\/post"}],"author":[{"embeddable":true,"href":"https:\/\/www.europesays.com\/fr\/wp-json\/wp\/v2\/users\/2"}],"replies":[{"embeddable":true,"href":"https:\/\/www.europesays.com\/fr\/wp-json\/wp\/v2\/comments?post=315341"}],"version-history":[{"count":0,"href":"https:\/\/www.europesays.com\/fr\/wp-json\/wp\/v2\/posts\/315341\/revisions"}],"wp:featuredmedia":[{"embeddable":true,"href":"https:\/\/www.europesays.com\/fr\/wp-json\/wp\/v2\/media\/315342"}],"wp:attachment":[{"href":"https:\/\/www.europesays.com\/fr\/wp-json\/wp\/v2\/media?parent=315341"}],"wp:term":[{"taxonomy":"category","embeddable":true,"href":"https:\/\/www.europesays.com\/fr\/wp-json\/wp\/v2\/categories?post=315341"},{"taxonomy":"post_tag","embeddable":true,"href":"https:\/\/www.europesays.com\/fr\/wp-json\/wp\/v2\/tags?post=315341"}],"curies":[{"name":"wp","href":"https:\/\/api.w.org\/{rel}","templated":true}]}}