{"id":315343,"date":"2025-08-13T03:15:24","date_gmt":"2025-08-13T03:15:24","guid":{"rendered":"https:\/\/www.europesays.com\/fr\/315343\/"},"modified":"2025-08-13T03:15:24","modified_gmt":"2025-08-13T03:15:24","slug":"gad-elmaleh-est-fier-du-succes-de-ses-deux-comedy-clubs-a-paris-et-marseille","status":"publish","type":"post","link":"https:\/\/www.europesays.com\/fr\/315343\/","title":{"rendered":"Gad Elmaleh est \u00ab\u00a0fier\u00a0\u00bb du succ\u00e8s de ses deux comedy clubs \u00e0 Paris et Marseille"},"content":{"rendered":"<p>Pas facile la vie d\u2019entrepreneur\u00a0! Mais Gad Elmaleh n\u2019a pas eu froid aux yeux quand il a d\u00e9cid\u00e9 de lancer pas un, mais deux comedy clubs. Il y a le Michou Comedy Club \u00e0 Paris, que l\u2019humoriste a inaugur\u00e9 le 17\u00a0mars en lieu et place de l\u2019ancien <a href=\"https:\/\/www.20minutes.fr\/arts-stars\/culture\/4144065-20250318-chez-michou-gad-elmaleh-transforme-cabaret-comedy-club\" rel=\"nofollow noopener\" target=\"_blank\" class=\"color-ultramarine c-link\">cabaret transformiste<\/a> fond\u00e9 en\u00a01957 par Michou. \u00ab\u00a0Il n\u2019y aura jamais de grand joueur sans centre de formation\u00a0\u00bb, affirmait lors de l\u2019inauguration du tremplin pour artistes \u00e9mergents celui qui s\u2019est d\u00e9couvert une passion pour la transmission. \u00ab\u00a0Je ressens beaucoup d\u2019\u00e9motion. La satisfaction de voir la naissance des carri\u00e8res, c\u2019est \u00e9norme\u00a0!\u00a0\u00bb expliquait-il encore, comme l\u2019a <a href=\"https:\/\/www.purepeople.com\/article\/deux-salles-deux-ambiances-gad-elmaleh-face-aux-realites-de-ses-comedy-clubs-ce-sont-de-nouveaux-soucis_a541325\/1\" rel=\"nofollow noopener\" target=\"_blank\" class=\"color-ultramarine c-link\">relev\u00e9<\/a> Purepeople.<\/p>\n<p>Quelques semaines plus t\u00f4t, <a href=\"https:\/\/www.20minutes.fr\/arts-stars\/culture\/4132230-20250106-gad-elmaleh-humoriste-revele-pourquoi-possede-toujours-nationalite-francaise\" rel=\"nofollow noopener\" target=\"_blank\" class=\"color-ultramarine c-link\">le com\u00e9dien<\/a> lan\u00e7ait le Vig\u2019s \u00e0 Marseille, qui promet \u00ab\u00a0drinks, food et rigolade\u00a0\u00bb au Vieux Port avec \u00ab\u00a0la cr\u00e8me de l\u2019humour local et d\u2019ailleurs\u00a0\u00bb, dont des t\u00eates d\u2019affiche comme Redouane Bougheraba ou encore de jeunes pousses du rire. Un vrai succ\u00e8s que l\u2019humoriste a d\u00e9crit dans le dernier num\u00e9ro de T\u00e9l\u00e9 7 jours\u00a0: \u00ab\u00a0C\u2019est une nouvelle aventure\u00a0: avant je n\u2019\u00e9tais \u00ab\u00a0que\u00a0\u00bb artiste.\u00a0\u00bb<\/p>\n<p>\u00ab\u00a0J\u2019en suis fier\u00a0\u00bb<\/p>\n<p>L\u2019humoriste de <a href=\"https:\/\/www.20minutes.fr\/arts-stars\/people\/4100288-20240708-gad-elmaleh-comble-nouveau-role-grand-pere\" rel=\"nofollow noopener\" target=\"_blank\" class=\"color-ultramarine c-link\">54 ans<\/a> se r\u00e9jouit \u00e9galement de ces nouvelles cordes \u00e0 son arc. \u00ab\u00a0\u00c0 Marseille, c\u2019est aussi un bar-restaurant. Ce sont de nouveaux soucis, mais \u00e7a cartonne. J\u2019en suis fier\u00a0\u00bb, pr\u00e9cise-t-il, tout en ajoutant qu\u2019il s\u2019estime bien heureux d\u2019avoir \u00ab\u00a0des partenaires\u00a0\u00bb pour ce lieu. Il s\u2019est notamment entour\u00e9 de deux amis d\u2019enfance, William Azoulay et St\u00e9phane Cohen. \u00ab\u00a0C\u2019est une histoire d\u2019amiti\u00e9 avant tout\u00a0\u00bb, a-t-il ainsi <a href=\"https:\/\/madeinmarseille.net\/actualite\/174831-marseille-gad-elmaleh-lance-le-vigs-nouveau-comedy-club-sur-le-vieux-port\/\" rel=\"nofollow noopener\" target=\"_blank\" class=\"color-ultramarine c-link\">confi\u00e9<\/a> \u00e0 Made in Marseille. Un \u00ab\u00a0laboratoire pour d\u00e9nicher les nouveaux talents\u00a0\u00bb pour se \u00ab\u00a0connecter avec la nouvelle g\u00e9n\u00e9ration\u00a0\u00bb.<\/p>\n<p>\u00c0 la rentr\u00e9e, c\u2019est la vie d\u2019artiste qui reprendra avec des dates \u00e0 Londres, New York et Miami, avant de conclure la tourn\u00e9e Lui-M\u00eame au mois de d\u00e9cembre, bien loin de ses deux salles pouvant accueillir jusqu\u2019\u00e0 100 spectateurs.<\/p>\n","protected":false},"excerpt":{"rendered":"Pas facile la vie d\u2019entrepreneur\u00a0! Mais Gad Elmaleh n\u2019a pas eu froid aux yeux quand il a d\u00e9cid\u00e9&hellip;\n","protected":false},"author":2,"featured_media":315344,"comment_status":"","ping_status":"","sticky":false,"template":"","format":"standard","meta":{"footnotes":""},"categories":[2814],"tags":[1111,11,885,58,1777,674,1011,27,4545,708,662,884,12,883,626,973,882,25,133],"class_list":{"0":"post-315343","1":"post","2":"type-post","3":"status-publish","4":"format-standard","5":"has-post-thumbnail","7":"category-marseille","8":"tag-actu","9":"tag-actualites","10":"tag-bouches-du-rhone","11":"tag-divertissement","12":"tag-eu","13":"tag-europe","14":"tag-fr","15":"tag-france","16":"tag-gad-elmaleh","17":"tag-humour","18":"tag-ile-de-france","19":"tag-marseille","20":"tag-news","21":"tag-paca","22":"tag-paris","23":"tag-people","24":"tag-provence-alpes-cote-dazur","25":"tag-republique-francaise","26":"tag-video"},"share_on_mastodon":{"url":"https:\/\/pubeurope.com\/@fr\/115019286042465539","error":""},"_links":{"self":[{"href":"https:\/\/www.europesays.com\/fr\/wp-json\/wp\/v2\/posts\/315343","targetHints":{"allow":["GET"]}}],"collection":[{"href":"https:\/\/www.europesays.com\/fr\/wp-json\/wp\/v2\/posts"}],"about":[{"href":"https:\/\/www.europesays.com\/fr\/wp-json\/wp\/v2\/types\/post"}],"author":[{"embeddable":true,"href":"https:\/\/www.europesays.com\/fr\/wp-json\/wp\/v2\/users\/2"}],"replies":[{"embeddable":true,"href":"https:\/\/www.europesays.com\/fr\/wp-json\/wp\/v2\/comments?post=315343"}],"version-history":[{"count":0,"href":"https:\/\/www.europesays.com\/fr\/wp-json\/wp\/v2\/posts\/315343\/revisions"}],"wp:featuredmedia":[{"embeddable":true,"href":"https:\/\/www.europesays.com\/fr\/wp-json\/wp\/v2\/media\/315344"}],"wp:attachment":[{"href":"https:\/\/www.europesays.com\/fr\/wp-json\/wp\/v2\/media?parent=315343"}],"wp:term":[{"taxonomy":"category","embeddable":true,"href":"https:\/\/www.europesays.com\/fr\/wp-json\/wp\/v2\/categories?post=315343"},{"taxonomy":"post_tag","embeddable":true,"href":"https:\/\/www.europesays.com\/fr\/wp-json\/wp\/v2\/tags?post=315343"}],"curies":[{"name":"wp","href":"https:\/\/api.w.org\/{rel}","templated":true}]}}