{"id":315351,"date":"2025-08-13T03:20:12","date_gmt":"2025-08-13T03:20:12","guid":{"rendered":"https:\/\/www.europesays.com\/fr\/315351\/"},"modified":"2025-08-13T03:20:12","modified_gmt":"2025-08-13T03:20:12","slug":"une-militante-feministe-incarceree-au-maroc-pour-atteinte-a-lislam","status":"publish","type":"post","link":"https:\/\/www.europesays.com\/fr\/315351\/","title":{"rendered":"Une militante f\u00e9ministe incarc\u00e9r\u00e9e au Maroc pour \u00ab\u00a0atteinte \u00e0 l&rsquo;islam\u00a0\u00bb"},"content":{"rendered":"<p class=\"c-chapo \">\n  La militante de 50 ans avait publi\u00e9 fin juillet une photo d&rsquo;elle-m\u00eame portant un t-shirt o\u00f9 apparaissait le mot \u00ab\u00a0Allah\u00a0\u00bb suivi de la phrase \u00ab\u00a0is lesbian\u00a0\u00bb (\u00ab\u00a0est lesbienne\u00a0\u00bb).\n<\/p>\n<p>            lire plus tard<\/p>\n<p id=\"dialog__title\" class=\"dialog__title\">Pour sauvegarder cet article, connectez-vous ou cr\u00e9ez un compte franceinfo<\/p>\n<p class=\"dialog__description\">Sans paiement. Sans abonnement.<\/p>\n<p>        Fermer la fen\u00eatre d\u2019activation des notifications France Info<\/p>\n<p>            cr\u00e9er votre compte<\/p>\n<p>            se connecter<\/p>\n<p>        Fermer la fen\u00eatre de pr\u00e9sentation<\/p>\n<p>    <img loading=\"lazy\" decoding=\"async\" class=\"signature__image lazyload\" width=\"100\" height=\"100\" data- alt=\"\" src=\"https:\/\/www.europesays.com\/fr\/wp-content\/uploads\/2025\/05\/64a68815cd1a7_placeholder-36b69ec8.png\"\/><\/p>\n<p>    Publi\u00e9 le 12\/08\/2025 22:24<\/p>\n<p>        Temps de lecture : 1min<\/p>\n<p>    <img decoding=\"async\"  alt=\"La militante marocaine Ibtissame Lachgar sur une photo publi\u00e9e fin juillet 2025 sur les r\u00e9seaux sociaux. (IBTISSAME LACHGAR \/ X)\" width=\"432\" height=\"243\" src=\"https:\/\/www.europesays.com\/fr\/wp-content\/uploads\/2025\/08\/lachgardef-68998a3cd39a1509781491.png\" fetchpriority=\"high\"\/><\/p>\n<p>      La militante marocaine Ibtissame Lachgar sur une photo publi\u00e9e fin juillet 2025 sur les r\u00e9seaux sociaux. (IBTISSAME LACHGAR \/ X)<\/p>\n<p>Une militante f\u00e9ministe marocaine, Ibtissame Lachgar, a \u00e9t\u00e9 plac\u00e9e mardi 12 ao\u00fbt en d\u00e9tention pour \u00ab\u00a0atteinte \u00e0 la religion islamique\u00a0\u00bb apr\u00e8s <a href=\"https:\/\/www.franceinfo.fr\/monde\/afrique\/maroc\/une-militante-feministe-arretee-au-maroc-pour-des-propos-juges-blasphematoires_7429675.html\" rel=\"nofollow noopener\" target=\"_blank\">la publication sur les r\u00e9seaux sociaux d&rsquo;une photo jug\u00e9e \u00ab\u00a0offensante envers Dieu\u00a0\u00bb<\/a>, a annonc\u00e9 le parquet. La date de son proc\u00e8s n&rsquo;est pas connue.<\/p>\n<p>La militante de 50 ans avait publi\u00e9 fin juillet une photo d&rsquo;elle-m\u00eame portant un t-shirt o\u00f9 apparaissait le mot \u00ab\u00a0Allah\u00a0\u00bb suivi de la phrase \u00ab\u00a0is lesbian\u00a0\u00bb (\u00ab\u00a0est lesbienne\u00a0\u00bb). La photo \u00e9tait accompagn\u00e9e d&rsquo;un texte qualifiant l&rsquo;islam, \u00ab\u00a0comme toute id\u00e9ologie religieuse\u00a0\u00bb, de \u00ab\u00a0fasciste, phallocrate et misogyne\u00a0\u00bb.<\/p>\n<p>L&rsquo;article 267-5 du Code p\u00e9nal marocain, en vertu duquel elle est poursuivie, punit de six mois \u00e0 deux ans de prison ferme \u00ab\u00a0quiconque porte atteinte \u00e0 la religion musulmane\u00a0\u00bb. La peine est susceptible d&rsquo;\u00eatre port\u00e9e \u00e0 cinq ans d&#8217;emprisonnement si l&rsquo;infraction est commise en public, \u00ab\u00a0y compris par voie \u00e9lectronique\u00a0\u00bb. Les d\u00e9fenseurs des droits humains d\u00e9noncent ce texte de loi qu&rsquo;ils accusent d&rsquo;entraver la libert\u00e9 d&rsquo;expression.<\/p>\n<p class=\"related-tags__title\" role=\"heading\" aria-level=\"2\">les mots-cl\u00e9s associ\u00e9s \u00e0 cet article\n    <\/p>\n","protected":false},"excerpt":{"rendered":"La militante de 50 ans avait publi\u00e9 fin juillet une photo d&rsquo;elle-m\u00eame portant un t-shirt o\u00f9 apparaissait le&hellip;\n","protected":false},"author":2,"featured_media":315352,"comment_status":"","ping_status":"","sticky":false,"template":"","format":"standard","meta":{"footnotes":""},"categories":[1888],"tags":[1111,1928,11,1927,1777,674,1011,27,12,1926,626,1925,25],"class_list":{"0":"post-315351","1":"post","2":"type-post","3":"status-publish","4":"format-standard","5":"has-post-thumbnail","7":"category-paris","8":"tag-actu","9":"tag-actu-paris","10":"tag-actualites","11":"tag-actualites-paris","12":"tag-eu","13":"tag-europe","14":"tag-fr","15":"tag-france","16":"tag-news","17":"tag-news-paris","18":"tag-paris","19":"tag-paris-news","20":"tag-republique-francaise"},"share_on_mastodon":{"url":"https:\/\/pubeurope.com\/@fr\/115019305769912693","error":""},"_links":{"self":[{"href":"https:\/\/www.europesays.com\/fr\/wp-json\/wp\/v2\/posts\/315351","targetHints":{"allow":["GET"]}}],"collection":[{"href":"https:\/\/www.europesays.com\/fr\/wp-json\/wp\/v2\/posts"}],"about":[{"href":"https:\/\/www.europesays.com\/fr\/wp-json\/wp\/v2\/types\/post"}],"author":[{"embeddable":true,"href":"https:\/\/www.europesays.com\/fr\/wp-json\/wp\/v2\/users\/2"}],"replies":[{"embeddable":true,"href":"https:\/\/www.europesays.com\/fr\/wp-json\/wp\/v2\/comments?post=315351"}],"version-history":[{"count":0,"href":"https:\/\/www.europesays.com\/fr\/wp-json\/wp\/v2\/posts\/315351\/revisions"}],"wp:featuredmedia":[{"embeddable":true,"href":"https:\/\/www.europesays.com\/fr\/wp-json\/wp\/v2\/media\/315352"}],"wp:attachment":[{"href":"https:\/\/www.europesays.com\/fr\/wp-json\/wp\/v2\/media?parent=315351"}],"wp:term":[{"taxonomy":"category","embeddable":true,"href":"https:\/\/www.europesays.com\/fr\/wp-json\/wp\/v2\/categories?post=315351"},{"taxonomy":"post_tag","embeddable":true,"href":"https:\/\/www.europesays.com\/fr\/wp-json\/wp\/v2\/tags?post=315351"}],"curies":[{"name":"wp","href":"https:\/\/api.w.org\/{rel}","templated":true}]}}