{"id":315353,"date":"2025-08-13T03:21:26","date_gmt":"2025-08-13T03:21:26","guid":{"rendered":"https:\/\/www.europesays.com\/fr\/315353\/"},"modified":"2025-08-13T03:21:26","modified_gmt":"2025-08-13T03:21:26","slug":"le-corps-dune-femme-denudee-retrouve-dans-un-cagibi-de-4m2","status":"publish","type":"post","link":"https:\/\/www.europesays.com\/fr\/315353\/","title":{"rendered":"le corps d\u2019une femme d\u00e9nud\u00e9e retrouv\u00e9 dans un cagibi de 4m2"},"content":{"rendered":"<p>La victime \u00e2g\u00e9e de 50 ans a \u00e9t\u00e9 retrouv\u00e9e par le propri\u00e9taire du cagibi ce lundi, en fin de journ\u00e9e. Aucune fen\u00eatre et a\u00e9ration n\u2019\u00e9taient pr\u00e9sentes dans ce mini-logement \u00abd\u2019une hauteur de plafond de 80 centim\u00e8tres\u00bb.<\/p>\n<p class=\"fig-paragraph\">Le cadavre d\u2019une femme \u00e2g\u00e9e de 50 ans a \u00e9t\u00e9 d\u00e9couvert dans un cagibi de 4m2, dans le 10e arrondissement de\u00a0<a href=\"http:\/\/www.lefigaro.fr\/faits-divers\/paris-une-messe-en-l-eglise-de-la-madeleine-perturbee-par-des-militants-pro-palestiniens-20250727\" data-fig-type=\"NewsFlash\" data-gtm-custom-categorie=\"navigation\" data-gtm-custom-action=\"crossclick\" data-gtm-custom-label=\"Contextuel\" data-gtm-event=\"customEventSPE\" data-fig-domain=\"LEFIGARO\" rel=\"nofollow noopener\" target=\"_blank\">Paris<\/a>, a appris Le Figaro aupr\u00e8s du parquet de Paris, confirmant des informations du\u00a0<a href=\"https:\/\/www.leparisien.fr\/faits-divers\/paris-une-femme-denudee-retrouvee-morte-dans-un-cagibi-de-4-m2-12-08-2025-PCT4YW66HBDALK2ZZ6REZI3TTY.php\" target=\"_blank\" rel=\"sponsored noopener nofollow\" data-gtm-custom-categorie=\"navigation\" data-gtm-custom-action=\"crossclick\" data-gtm-custom-label=\"Contextuel\" data-gtm-event=\"customEventSPE\">Parisien<\/a> . La victime a \u00e9t\u00e9 retrouv\u00e9e d\u00e9nud\u00e9e mais ne pr\u00e9sentait aucune trace de violence, indique une source polici\u00e8re.<\/p>\n<p class=\"fig-paragraph\">Selon nos informations, la quinquag\u00e9naire avait \u00e9t\u00e9\u00a0<a href=\"https:\/\/immobilier.lefigaro.fr\/louer\/guide-location-immobilier\/66-treve-hivernale-2023-2024-quelles-sont-les-modalites-d-expulsion-cet-hiver\/\" target=\"_blank\" rel=\"noopener nofollow\" data-gtm-custom-categorie=\"navigation\" data-gtm-custom-action=\"crossclick\" data-gtm-custom-label=\"Contextuel\" data-gtm-event=\"customEventSPE\">expuls\u00e9e<\/a>\u00a0de son pr\u00e9c\u00e9dent appartement. Le propri\u00e9taire du cagibi, qui se trouve dans le m\u00eame immeuble que l\u2019ancien logement de la victime, lui aurait alors propos\u00e9 d\u2019y s\u00e9journer. C\u2019est ce dernier qui a fait la macabre d\u00e9couverte lundi en fin de journ\u00e9e. \u00c0 ce stade, on ignore les modalit\u00e9s de l\u2019accord entre le propri\u00e9taire de ce \u00abmini-logement\u00bb et la d\u00e9funte.<\/p>\n<p>                                    <a class=\"fig-a11y-skip a11y-hidden\" href=\"#fig-a11y-skip-main-inarticle\"><br \/>\n        Passer la publicit\u00e9<br \/>\n    <\/a><\/p>\n<p class=\"fig-paragraph\">Saisi des faits, le parquet de Paris a ouvert une enqu\u00eate pour d\u00e9terminer les causes de la mort. Les investigations ont \u00e9t\u00e9 confi\u00e9es au commissariat du 10e arrondissement.<\/p>\n<p>Absence de fen\u00eatres et d\u2019a\u00e9ration<\/p>\n<p class=\"fig-paragraph\">Aux alentours de 17h20 ce lundi, les forces de l\u2019ordre ont \u00e9t\u00e9 mobilis\u00e9es pour intervenir dans ce \u00abdomicile\u00bb situ\u00e9 rue du Faubourg Saint-Denis. Sur place, le propri\u00e9taire a expliqu\u00e9 avoir trouv\u00e9 la victime d\u00e9c\u00e9d\u00e9e, sans apporter plus de pr\u00e9cision. Dans ce cagibi, les policiers ont remarqu\u00e9 notamment l\u2019absence de fen\u00eatres et d\u2019a\u00e9ration, et \u00abune hauteur de plafond de 80 centim\u00e8tres\u00bb, pr\u00e9cise notre source polici\u00e8re.<\/p>\n<p class=\"fig-paragraph\">Le logement \u00e9tait ferm\u00e9 \u00e0 clef et a \u00e9t\u00e9 ouvert par le propri\u00e9taire, qui avait la cl\u00e9. Ce dernier, emmen\u00e9 au commissariat pour \u00eatre interrog\u00e9, a \u00e9t\u00e9 victime d\u2019un malaise et a \u00e9t\u00e9 transport\u00e9 \u00e0 l\u2019h\u00f4pital Lariboisi\u00e8re (10e). Il sera auditionn\u00e9 quand son \u00e9tat le permettra.<\/p>\n","protected":false},"excerpt":{"rendered":"La victime \u00e2g\u00e9e de 50 ans a \u00e9t\u00e9 retrouv\u00e9e par le propri\u00e9taire du cagibi ce lundi, en fin&hellip;\n","protected":false},"author":2,"featured_media":315354,"comment_status":"","ping_status":"","sticky":false,"template":"","format":"standard","meta":{"footnotes":""},"categories":[1888],"tags":[1111,1928,11,1927,1777,674,1011,27,12,1926,626,1925,25],"class_list":{"0":"post-315353","1":"post","2":"type-post","3":"status-publish","4":"format-standard","5":"has-post-thumbnail","7":"category-paris","8":"tag-actu","9":"tag-actu-paris","10":"tag-actualites","11":"tag-actualites-paris","12":"tag-eu","13":"tag-europe","14":"tag-fr","15":"tag-france","16":"tag-news","17":"tag-news-paris","18":"tag-paris","19":"tag-paris-news","20":"tag-republique-francaise"},"share_on_mastodon":{"url":"https:\/\/pubeurope.com\/@fr\/115019309634031674","error":""},"_links":{"self":[{"href":"https:\/\/www.europesays.com\/fr\/wp-json\/wp\/v2\/posts\/315353","targetHints":{"allow":["GET"]}}],"collection":[{"href":"https:\/\/www.europesays.com\/fr\/wp-json\/wp\/v2\/posts"}],"about":[{"href":"https:\/\/www.europesays.com\/fr\/wp-json\/wp\/v2\/types\/post"}],"author":[{"embeddable":true,"href":"https:\/\/www.europesays.com\/fr\/wp-json\/wp\/v2\/users\/2"}],"replies":[{"embeddable":true,"href":"https:\/\/www.europesays.com\/fr\/wp-json\/wp\/v2\/comments?post=315353"}],"version-history":[{"count":0,"href":"https:\/\/www.europesays.com\/fr\/wp-json\/wp\/v2\/posts\/315353\/revisions"}],"wp:featuredmedia":[{"embeddable":true,"href":"https:\/\/www.europesays.com\/fr\/wp-json\/wp\/v2\/media\/315354"}],"wp:attachment":[{"href":"https:\/\/www.europesays.com\/fr\/wp-json\/wp\/v2\/media?parent=315353"}],"wp:term":[{"taxonomy":"category","embeddable":true,"href":"https:\/\/www.europesays.com\/fr\/wp-json\/wp\/v2\/categories?post=315353"},{"taxonomy":"post_tag","embeddable":true,"href":"https:\/\/www.europesays.com\/fr\/wp-json\/wp\/v2\/tags?post=315353"}],"curies":[{"name":"wp","href":"https:\/\/api.w.org\/{rel}","templated":true}]}}