{"id":31536,"date":"2025-04-17T11:19:09","date_gmt":"2025-04-17T11:19:09","guid":{"rendered":"https:\/\/www.europesays.com\/fr\/31536\/"},"modified":"2025-04-17T11:19:09","modified_gmt":"2025-04-17T11:19:09","slug":"les-meilleurs-restaurants-a-nice-en-7-adresses-confidentielles","status":"publish","type":"post","link":"https:\/\/www.europesays.com\/fr\/31536\/","title":{"rendered":"Les meilleurs restaurants \u00e0 Nice en 7 adresses confidentielles"},"content":{"rendered":"<p>11bis, rue Grimaldi, 06000 Nice<\/p>\n<p>Dans le jardin de l&rsquo;H\u00f4tel du Couvent, conversent oliviers, kakis, abricotiers, citronniers, thym, sarriette&#8230;\u00a9 Adrianna Glaviano<\/p>\n<p>H\u00f4tel du Couvent<\/p>\n<p>Entre soleil et ombre, sous les grands parasols du clo\u00eetre, le restaurant de l\u2019H\u00f4tel du Couvent est le comble de la s\u00e9r\u00e9nit\u00e9. La salle attenante, dessin\u00e9e et d\u00e9cor\u00e9e avec go\u00fbt par <a href=\"https:\/\/www.admagazine.fr\/article\/paris-festen-hotel-balzac\" target=\"_blank\" rel=\"noopener\">Festen<\/a>, se pr\u00eate \u00e9galement aux jours plus gris. Ici, la nature nourrit chaque assiette : entre le potager nich\u00e9 au c\u0153ur de l\u2019h\u00f4tel et la ferme biodynamique de Tou\u00ebt-sur-Var, les fruits, l\u00e9gumes, \u0153ufs et herbes aromatiques sont utilis\u00e9s dans le respect des saisons et du terroir ni\u00e7ois. Le chef Thomas V\u00e9tel\u00e9 orchestre une carte m\u00e9diterran\u00e9enne raffin\u00e9e, pens\u00e9e pour sublimer la simplicit\u00e9 du produit. Avant de repartir, on prolonge le plaisir avec un pain maison ou une tisane de l\u2019Herboristerie du Couvent.<\/p>\n<p>1, rue Honor\u00e9 Ugo, 06300 Nice<\/p>\n<p>Le Caf\u00e9 des Musiciens<\/p>\n<p>Dans le quartier des Musiciens, le Caf\u00e9 \u00e9ponyme propose une cuisine du march\u00e9 locale et g\u00e9n\u00e9reuse, port\u00e9e par Charlotte L\u00e9on et Christopher Edwards, ex-chef du Saint S\u00e9bastien \u00e0 Paris. Produits ultra-frais, \u0153ufs mayo \u00e0 la cannelle (vice-champion du monde 2022), plats de saison soign\u00e9s et vins biodynamiques : un \u00e9tablissement \u00e0 taille humaine, loin du tumulte de la ville, o\u00f9 tout est fait maison avec passion.<\/p>\n<p>13 avenue Auber, 06000 Nice<\/p>\n<p>Instagram content<\/p>\n<p>This content can also be viewed on the site it <a href=\"https:\/\/www.instagram.com\/p\/DIMQah3AcOa\" target=\"_blank\" rel=\"nofollow noreferrer noopener\" aria-label=\"Opens in a new window\" class=\"BaseWrap-sc-gjQpdd BaseText-ewhhUZ BaseLink-eNWuiM ConsentBannerLink-dJZMSz iUEiRd fcTBsX edJZWB\">originates<\/a> from.<\/p>\n<p>Bocca Nissa<\/p>\n<p>\u00c0 deux pas du Cours Saleya, Bocca Nissa est le lieu id\u00e9al pour un d\u00e9jeuner ensoleill\u00e9 ou une grande tabl\u00e9e sous les lampions. On y retrouve tout le charme des maisons m\u00e9diterran\u00e9ennes : murs blancs, tomettes, plantes suspendues et grande terrasse anim\u00e9e. C\u2019est ici qu\u2019on se retrouve entre amis pour commander un festival de plats color\u00e9s \u00e0 partager, inspir\u00e9s des saveurs du Sud. L\u2019ambiance devient encore plus enjou\u00e9e lors des d\u00eeners festifs organis\u00e9s r\u00e9guli\u00e8rement, o\u00f9 la musique et la convivialit\u00e9 s\u2019invitent \u00e0 table. Bocca Nissa fait partie d\u2019une famille d\u2019adresses qui comptent \u00e0 Nice, aux c\u00f4t\u00e9s de Bocca Mar (les pieds dans le sable), Felix (l\u2019institution historique qui fait peau neuve), et bient\u00f4t Le Grand Caf\u00e9 des Fleurs.<\/p>\n<p>3, rue Saint-Fran\u00e7ois de Paule, 06300 Nice<\/p>\n<p><script async src=\"\/\/www.instagram.com\/embed.js\"><\/script><\/p>\n","protected":false},"excerpt":{"rendered":"11bis, rue Grimaldi, 06000 Nice Dans le jardin de l&rsquo;H\u00f4tel du Couvent, conversent oliviers, kakis, abricotiers, citronniers, thym,&hellip;\n","protected":false},"author":2,"featured_media":31537,"comment_status":"","ping_status":"","sticky":false,"template":"","format":"standard","meta":{"footnotes":""},"categories":[2819],"tags":[1111,11,1777,674,1011,27,12,2401,882,25,2923,1966,1666],"class_list":{"0":"post-31536","1":"post","2":"type-post","3":"status-publish","4":"format-standard","5":"has-post-thumbnail","7":"category-nice","8":"tag-actu","9":"tag-actualites","10":"tag-eu","11":"tag-europe","12":"tag-fr","13":"tag-france","14":"tag-news","15":"tag-nice","16":"tag-provence-alpes-cote-dazur","17":"tag-republique-francaise","18":"tag-restaurants","19":"tag-sud-de-la-france","20":"tag-voyages"},"share_on_mastodon":{"url":"https:\/\/pubeurope.com\/@fr\/114353036726345092","error":""},"_links":{"self":[{"href":"https:\/\/www.europesays.com\/fr\/wp-json\/wp\/v2\/posts\/31536","targetHints":{"allow":["GET"]}}],"collection":[{"href":"https:\/\/www.europesays.com\/fr\/wp-json\/wp\/v2\/posts"}],"about":[{"href":"https:\/\/www.europesays.com\/fr\/wp-json\/wp\/v2\/types\/post"}],"author":[{"embeddable":true,"href":"https:\/\/www.europesays.com\/fr\/wp-json\/wp\/v2\/users\/2"}],"replies":[{"embeddable":true,"href":"https:\/\/www.europesays.com\/fr\/wp-json\/wp\/v2\/comments?post=31536"}],"version-history":[{"count":0,"href":"https:\/\/www.europesays.com\/fr\/wp-json\/wp\/v2\/posts\/31536\/revisions"}],"wp:featuredmedia":[{"embeddable":true,"href":"https:\/\/www.europesays.com\/fr\/wp-json\/wp\/v2\/media\/31537"}],"wp:attachment":[{"href":"https:\/\/www.europesays.com\/fr\/wp-json\/wp\/v2\/media?parent=31536"}],"wp:term":[{"taxonomy":"category","embeddable":true,"href":"https:\/\/www.europesays.com\/fr\/wp-json\/wp\/v2\/categories?post=31536"},{"taxonomy":"post_tag","embeddable":true,"href":"https:\/\/www.europesays.com\/fr\/wp-json\/wp\/v2\/tags?post=31536"}],"curies":[{"name":"wp","href":"https:\/\/api.w.org\/{rel}","templated":true}]}}