{"id":315363,"date":"2025-08-13T03:26:15","date_gmt":"2025-08-13T03:26:15","guid":{"rendered":"https:\/\/www.europesays.com\/fr\/315363\/"},"modified":"2025-08-13T03:26:15","modified_gmt":"2025-08-13T03:26:15","slug":"les-etats-unis-allegent-leur-rapport-sur-les-droits-de-lhomme-et-temperent-les-critiques-envers-certains-allies-de-trump","status":"publish","type":"post","link":"https:\/\/www.europesays.com\/fr\/315363\/","title":{"rendered":"Les \u00c9tats-Unis all\u00e8gent leur rapport sur les droits de l&rsquo;homme et temp\u00e8rent les critiques envers certains alli\u00e9s de Trump"},"content":{"rendered":"<p>L&rsquo;administration du pr\u00e9sident Donald Trump a r\u00e9duit la port\u00e9e d&rsquo;un rapport cl\u00e9 du gouvernement am\u00e9ricain sur les droits de l&rsquo;homme dans le monde, att\u00e9nuant de mani\u00e8re significative les critiques \u00e0 l&rsquo;encontre de certains pays qui sont de solides partenaires du pr\u00e9sident r\u00e9publicain.<\/p>\n<p>Parmi ces nations figurent le Salvador et Isra\u00ebl, qui, selon les organisations de d\u00e9fense des droits humains, pr\u00e9sentent pourtant de lourds bilans en mati\u00e8re d&rsquo;abus.<\/p>\n<p>\u00c0 l&rsquo;inverse, le tr\u00e8s attendu Rapport 2024 sur les droits de l&rsquo;homme du D\u00e9partement d&rsquo;\u00c9tat am\u00e9ricain a tir\u00e9 la sonnette d&rsquo;alarme sur l&rsquo;\u00e9rosion de la libert\u00e9 d&rsquo;expression en Europe et a intensifi\u00e9 ses critiques envers le Br\u00e9sil et l&rsquo;Afrique du Sud, avec lesquels Washington s&rsquo;est confront\u00e9 sur de nombreux sujets.<\/p>\n<p>Toute mention de critiques envers les gouvernements concernant leur traitement des droits LGBTQI, pr\u00e9sente dans les \u00e9ditions du rapport sous l&rsquo;administration Biden, semble avoir \u00e9t\u00e9 en grande partie omise.<\/p>\n<p>Washington a principalement qualifi\u00e9 l&rsquo;invasion de l&rsquo;Ukraine par la Russie de \u00ab guerre Russie-Ukraine \u00bb.<\/p>\n<p>La section du rapport consacr\u00e9e \u00e0 Isra\u00ebl est bien plus succincte que celle de l&rsquo;an dernier et ne mentionne ni la grave crise humanitaire ni le nombre de morts \u00e0 Gaza.<\/p>\n<p>Selon le minist\u00e8re de la Sant\u00e9 de Gaza, plus de 61\u00a0000 personnes ont \u00e9t\u00e9 tu\u00e9es dans la bande de Gaza \u00e0 la suite de l&rsquo;offensive militaire isra\u00e9lienne lanc\u00e9e apr\u00e8s l&rsquo;attaque du groupe palestinien Hamas en octobre 2023.<\/p>\n<p>Le rapport a \u00e9t\u00e9 retard\u00e9 de plusieurs mois, des responsables nomm\u00e9s par Trump ayant profond\u00e9ment modifi\u00e9 une premi\u00e8re version du D\u00e9partement d&rsquo;\u00c9tat pour l&rsquo;aligner sur les valeurs \u00ab America First \u00bb, selon des responsables gouvernementaux ayant requis l&rsquo;anonymat.<\/p>\n<p>Le document introduit de nouvelles cat\u00e9gories telles que \u00ab Vie \u00bb, \u00ab Libert\u00e9 \u00bb et \u00ab S\u00e9curit\u00e9 de la personne \u00bb.<\/p>\n<p>\u00ab Il n&rsquo;y a pas de rapports cr\u00e9dibles d&rsquo;abus significatifs des droits de l&rsquo;homme \u00bb, affirme le rapport 2024 \u00e0 propos du Salvador.<\/p>\n<p>Ce constat tranche nettement avec celui du rapport 2023, qui \u00e9voquait des \u00ab probl\u00e8mes importants en mati\u00e8re de droits humains \u00bb et recensait des rapports cr\u00e9dibles d&rsquo;ex\u00e9cutions ill\u00e9gales ou arbitraires, de torture et de conditions carc\u00e9rales dures et mettant la vie en danger.<\/p>\n<p>Les relations bilat\u00e9rales entre Washington et le Salvador se sont renforc\u00e9es depuis l&rsquo;arriv\u00e9e de Trump, son administration ayant expuls\u00e9 des personnes vers le Salvador avec l&rsquo;aide du pr\u00e9sident Nayib Bukele.<\/p>\n<p>Le pays re\u00e7oit 6 millions de dollars des \u00c9tats-Unis pour h\u00e9berger ces migrants dans une m\u00e9ga-prison de haute s\u00e9curit\u00e9.<\/p>\n<p>Des critiques estiment que le rapport r\u00e9pond \u00e0 des motivations politiques.<\/p>\n<p>\u00ab Le rapport montre ce qui se produit lorsque les agendas politiques priment sur les faits \u00bb, d\u00e9clare Josh Paul, ancien fonctionnaire du D\u00e9partement d&rsquo;\u00c9tat et directeur de l&rsquo;organisation non gouvernementale A New Policy.<\/p>\n<p>\u00ab Le r\u00e9sultat est un document consid\u00e9rablement abr\u00e9g\u00e9, qui ressemble davantage \u00e0 un communiqu\u00e9 de propagande sovi\u00e9tique qu&rsquo;\u00e0 une production d&rsquo;un syst\u00e8me d\u00e9mocratique. \u00bb<\/p>\n<p>La porte-parole du D\u00e9partement d&rsquo;\u00c9tat, Tammy Bruce, a indiqu\u00e9 que le rapport avait \u00e9t\u00e9 restructur\u00e9 pour en am\u00e9liorer la lisibilit\u00e9 et ne constituait plus une longue liste de \u00ab revendications et assertions politiquement biais\u00e9es \u00bb.<\/p>\n<p>Bruce a refus\u00e9 de r\u00e9pondre \u00e0 des questions sp\u00e9cifiques concernant certains pays et n&rsquo;a pas expliqu\u00e9 pourquoi la liste des violations des droits au Salvador avait \u00e9t\u00e9 retir\u00e9e.<\/p>\n<p><b>DES \u00c9VALUATIONS DIVERGENTES<\/b><\/p>\n<p>L&rsquo;administration Trump s&rsquo;est \u00e9loign\u00e9e de la promotion traditionnelle de la d\u00e9mocratie et des droits humains par les \u00c9tats-Unis, la consid\u00e9rant comme une ing\u00e9rence dans les affaires d&rsquo;autres pays, tout en critiquant de fa\u00e7on s\u00e9lective certains \u00c9tats, en accord avec sa politique g\u00e9n\u00e9rale envers ces derniers.<\/p>\n<p>Un exemple est l&rsquo;Europe, o\u00f9 les responsables de l&rsquo;administration Trump sont intervenus \u00e0 plusieurs reprises dans la vie politique pour d\u00e9noncer ce qu&rsquo;ils consid\u00e8rent comme une r\u00e9pression des dirigeants de droite, notamment en Roumanie, en Allemagne et en France, accusant les autorit\u00e9s europ\u00e9ennes de censurer des opinions telles que les critiques de l&rsquo;immigration.<\/p>\n<p>Depuis des d\u00e9cennies, le Rapport sur les droits de l&rsquo;homme du D\u00e9partement d&rsquo;\u00c9tat, exig\u00e9 par le Congr\u00e8s, sert de r\u00e9f\u00e9rence pour la d\u00e9fense des droits humains \u00e0 l&rsquo;\u00e9chelle mondiale.<\/p>\n<p>Le rapport de cette ann\u00e9e a \u00e9t\u00e9 \u00e9labor\u00e9 \u00e0 la suite d&rsquo;une importante r\u00e9organisation du D\u00e9partement, qui s&rsquo;est traduite par le licenciement de centaines de personnes, dont de nombreux membres du Bureau de la d\u00e9mocratie, des droits de l&rsquo;homme et du travail, principal r\u00e9dacteur du rapport.<\/p>\n<p>En avril, le secr\u00e9taire d&rsquo;\u00c9tat Marco Rubio a publi\u00e9 une tribune affirmant que ce bureau \u00e9tait devenu une plateforme pour les \u00ab activistes de gauche \u00bb et promettant que l&rsquo;administration Trump le r\u00e9orienterait vers la d\u00e9fense des \u00ab valeurs occidentales \u00bb.<\/p>\n<p>Au Br\u00e9sil, o\u00f9 l&rsquo;administration Trump s&rsquo;est heurt\u00e9e au gouvernement, le D\u00e9partement d&rsquo;\u00c9tat a constat\u00e9 une d\u00e9gradation de la situation des droits humains, alors que le rapport 2023 n&rsquo;avait relev\u00e9 aucun changement significatif.<\/p>\n<p>Le rapport de cette ann\u00e9e cible les tribunaux, affirmant qu&rsquo;ils ont pris des mesures portant atteinte \u00e0 la libert\u00e9 d&rsquo;expression et supprim\u00e9 de mani\u00e8re disproportionn\u00e9e les propos des partisans de l&rsquo;ex-pr\u00e9sident Jair Bolsonaro, entre autres.<\/p>\n<p>Bolsonaro est jug\u00e9 devant la Cour supr\u00eame, accus\u00e9 d&rsquo;avoir complot\u00e9 avec ses alli\u00e9s pour renverser par la force sa d\u00e9faite \u00e9lectorale de 2022 face au pr\u00e9sident de gauche Luiz Inacio Lula da Silva.<\/p>\n<p>Trump a qualifi\u00e9 cette affaire de \u00ab chasse aux sorci\u00e8res \u00bb et l&rsquo;a utilis\u00e9e pour justifier un tarif douanier de 50\u00a0% sur les produits br\u00e9siliens.<\/p>\n<p>En Afrique du Sud, dont le gouvernement est accus\u00e9 par l&rsquo;administration Trump de discrimination raciale envers les Afrikaners, le rapport de cette ann\u00e9e \u00e9voque une nette d\u00e9t\u00e9rioration de la situation des droits humains.<\/p>\n<p>Il y est \u00e9crit\u00a0: \u00ab L&rsquo;Afrique du Sud a franchi une \u00e9tape particuli\u00e8rement inqui\u00e9tante vers l&rsquo;expropriation des terres des Afrikaners et d&rsquo;autres abus envers les minorit\u00e9s raciales du pays. \u00bb<\/p>\n<p>Dans le rapport de l&rsquo;ann\u00e9e pr\u00e9c\u00e9dente, le D\u00e9partement d&rsquo;\u00c9tat n&rsquo;avait constat\u00e9 aucun changement significatif en Afrique du Sud.<\/p>\n<p>Trump a publi\u00e9 cette ann\u00e9e un d\u00e9cret ordonnant que les \u00c9tats-Unis accueillent des Afrikaners.<\/p>\n<p>Il les a d\u00e9crits comme victimes de \u00ab violences envers des propri\u00e9taires terriens d\u00e9favoris\u00e9s sur le plan racial \u00bb, des accusations reprises par l&rsquo;extr\u00eame droite mais contest\u00e9es par le gouvernement sud-africain.<\/p>\n<p>L&rsquo;Afrique du Sud a rejet\u00e9 les conclusions du rapport, le qualifiant de biais\u00e9, inexact et d\u00e9cevant.<\/p>\n<p>\u00ab Il est ironique qu&rsquo;un rapport \u00e9manant d&rsquo;une nation ayant quitt\u00e9 le Conseil des droits de l&rsquo;homme de l&rsquo;ONU, et ne se consid\u00e9rant donc plus redevable d&rsquo;un syst\u00e8me d&rsquo;examen par les pairs multilat\u00e9ral, cherche \u00e0 produire des rapports unilat\u00e9raux sans fondement et sans aucune proc\u00e9dure r\u00e9guli\u00e8re ou dialogue, \u00bb a d\u00e9clar\u00e9 le gouvernement.<\/p>\n","protected":false},"excerpt":{"rendered":"L&rsquo;administration du pr\u00e9sident Donald Trump a r\u00e9duit la port\u00e9e d&rsquo;un rapport cl\u00e9 du gouvernement am\u00e9ricain sur les droits&hellip;\n","protected":false},"author":2,"featured_media":315364,"comment_status":"","ping_status":"","sticky":false,"template":"","format":"standard","meta":{"footnotes":""},"categories":[1589],"tags":[11,340,73,1866,12,1864,1865,1863,308],"class_list":{"0":"post-315363","1":"post","2":"type-post","3":"status-publish","4":"format-standard","5":"has-post-thumbnail","7":"category-etats-unis","8":"tag-actualites","9":"tag-bourse","10":"tag-etats-unis","11":"tag-etats-unis-damerique","12":"tag-news","13":"tag-united-states","14":"tag-united-states-of-america","15":"tag-us","16":"tag-usa"},"share_on_mastodon":{"url":"https:\/\/pubeurope.com\/@fr\/115019329518900085","error":""},"_links":{"self":[{"href":"https:\/\/www.europesays.com\/fr\/wp-json\/wp\/v2\/posts\/315363","targetHints":{"allow":["GET"]}}],"collection":[{"href":"https:\/\/www.europesays.com\/fr\/wp-json\/wp\/v2\/posts"}],"about":[{"href":"https:\/\/www.europesays.com\/fr\/wp-json\/wp\/v2\/types\/post"}],"author":[{"embeddable":true,"href":"https:\/\/www.europesays.com\/fr\/wp-json\/wp\/v2\/users\/2"}],"replies":[{"embeddable":true,"href":"https:\/\/www.europesays.com\/fr\/wp-json\/wp\/v2\/comments?post=315363"}],"version-history":[{"count":0,"href":"https:\/\/www.europesays.com\/fr\/wp-json\/wp\/v2\/posts\/315363\/revisions"}],"wp:featuredmedia":[{"embeddable":true,"href":"https:\/\/www.europesays.com\/fr\/wp-json\/wp\/v2\/media\/315364"}],"wp:attachment":[{"href":"https:\/\/www.europesays.com\/fr\/wp-json\/wp\/v2\/media?parent=315363"}],"wp:term":[{"taxonomy":"category","embeddable":true,"href":"https:\/\/www.europesays.com\/fr\/wp-json\/wp\/v2\/categories?post=315363"},{"taxonomy":"post_tag","embeddable":true,"href":"https:\/\/www.europesays.com\/fr\/wp-json\/wp\/v2\/tags?post=315363"}],"curies":[{"name":"wp","href":"https:\/\/api.w.org\/{rel}","templated":true}]}}