{"id":315365,"date":"2025-08-13T03:27:18","date_gmt":"2025-08-13T03:27:18","guid":{"rendered":"https:\/\/www.europesays.com\/fr\/315365\/"},"modified":"2025-08-13T03:27:18","modified_gmt":"2025-08-13T03:27:18","slug":"pourquoi-le-royaume-uni-pourrait-changer-davis-sur-les-droits-de-douane-contre-les-velos-chinois","status":"publish","type":"post","link":"https:\/\/www.europesays.com\/fr\/315365\/","title":{"rendered":"Pourquoi le Royaume-Uni pourrait changer d&rsquo;avis sur les droits de douane contre les v\u00e9los chinois"},"content":{"rendered":"<p>Suite \u00e0 la suppression des droits de douane \u00e0 l\u2019encontre des v\u00e9los \u00e9lectriques fabriqu\u00e9s en Chine, l\u2019autorit\u00e9 des enqu\u00eates commerciales sugg\u00e8re d\u00e9sormais de les r\u00e9impl\u00e9menter, afin de prot\u00e9ger l\u2019industrie locale.<\/p>\n<p><a href=\"https:\/\/images.frandroid.com\/wp-content\/uploads\/2025\/08\/velo-electrique-chine.jpg\" target=\"_blank\" class=\"article-content__figure\" rel=\"nofollow noopener\"><img fetchpriority=\"high\" decoding=\"async\" loading=\"eager\" width=\"1200\" height=\"800\" src=\"https:\/\/www.europesays.com\/fr\/wp-content\/uploads\/2025\/08\/velo-electrique-chine.jpg\" alt=\"V\u00e9lo \u00e9lectrique chine\" class=\"wp-image-2758281 wp-image wp-image\"  \/><\/a>Source : Colorway<\/p>\n<p>Depuis les ann\u00e9es 1990, l\u2019Union europ\u00e9enne se d\u00e9fend contre les v\u00e9los chinois, et a depuis \u00e9tendu ces mesures anti-dumping aux <a href=\"https:\/\/www.frandroid.com\/guide-dachat\/guides-dachat-survoltes\/guides-dachat-velos-electriques\/917361_guide-achat-choisir-meilleurs-velos-electriques-vae\" rel=\"nofollow noopener\" target=\"_blank\">v\u00e9los \u00e9lectriques<\/a>. L\u2019UA a n\u00e9anmoins perdu un membre fort depuis 2020 et le Brexit, le Royaume-Uni.<\/p>\n<p>Un virage \u00e0 180\u00b0 pour les droits de douane sur les VAE chinois ?<\/p>\n<p>Ce pays a conserv\u00e9 ces droits de douane sp\u00e9cifiques jusqu\u2019en f\u00e9vrier dernier. Puis, suite \u00e0 une enqu\u00eate de la TRA (Trade Remedies Authority ou autorit\u00e9 des enqu\u00eates commerciales), le minist\u00e8re de l\u2019\u00c9conomie<a href=\"https:\/\/www.frandroid.com\/survoltes\/velo-electrique\/2502807_une-decision-etrange-qui-est-un-coup-dur-pour-lindustrie-mais-que-fabrique-le-royaume-uni-avec-les-velos-electriques-chinois\" rel=\"nofollow noopener\" target=\"_blank\"> a supprim\u00e9 ces droits<\/a>, \u00e0 l\u2019exception de ceux appliqu\u00e9s sur <a href=\"https:\/\/www.frandroid.com\/survoltes\/velo-electrique\/2716371_on-a-roule-avec-lun-des-velos-pliants-electriques-les-plus-stables-prometteur-et-prix-tres-attractif\" rel=\"nofollow noopener\" target=\"_blank\">v\u00e9los pliants \u00e9lectriques<\/a> \u2013 et ce afin de prot\u00e9ger ses fleurons locaux, Brompton en t\u00eate. La TRA jugeait que le surco\u00fbt \u00e0 l\u2019achat \u00e9tait trop \u00e9lev\u00e9 pour les clients.<\/p>\n<p>Sauf que TRA semble visiblement revenir sur cette d\u00e9cision. Dans un <a href=\"https:\/\/www.trade-remedies.service.gov.uk\/public\/case\/TD0061\/submission\/f3c6a3c7-5eeb-4eb5-9775-f41dd6d42ddb\/\" target=\"_blank\" rel=\"nofollow noopener\">document publi\u00e9<\/a> le 31 juillet, elle sugg\u00e8re de r\u00e9impl\u00e9menter les droits de douane. Selon l\u2019organisme, ils visent \u00e0 \u00ab prot\u00e9ger l\u2019industrie britannique du cycle, qui comporte de nombreuses petites et moyennes entreprises qui emploient des milliers de personnes, contre les pratiques commerciales internationales d\u00e9loyales \u00bb.<\/p>\n<p>Toutefois le rapport n\u2019est que consultatif, mais le gouvernement britannique ne peut le nier.<\/p>\n<p>Pas de taxes pour les pi\u00e8ces d\u00e9tach\u00e9es ?<\/p>\n<p>Il est question ici de v\u00e9los \u00e9lectriques \u00ab entiers \u00bb, tandis que les droits de douane sur les pi\u00e8ces d\u00e9tach\u00e9es ne sont pas concern\u00e9s. La TRA avance \u00ab une absence de preuves \u00bb pour imposer de tels droits sur cette cat\u00e9gorie de produits.<\/p>\n<p><a href=\"https:\/\/www.europesays.com\/fr\/wp-content\/uploads\/2025\/08\/contrebande-velos-electriques-france-2025.jpeg\" target=\"_blank\" class=\"article-content__figure\"><img loading=\"lazy\" decoding=\"async\" width=\"1200\" height=\"900\" src=\"https:\/\/www.europesays.com\/fr\/wp-content\/uploads\/2025\/08\/contrebande-velos-electriques-france-2025.jpeg\" alt=\"Contrebande v\u00e9los \u00e9lectriques France 2025\" class=\"wp-image-2746293 wp-image\"  \/><\/a>En \u00ab\u00a0l\u2019absence de preuve\u00a0\u00bb, l\u2019organisme britannique r\u00e9fute l\u2019id\u00e9e de contournement des douanes, pourtant nombreux en UE. Source : DNRED<\/p>\n<p>Son enqu\u00eate cite des sources secondaires estimant \u00ab qu\u2019il pourrait ne pas \u00eatre rentable pour les exportateurs chinois de contourner les mesures antidumping en assemblant des v\u00e9los au Royaume-Uni \u00bb. Ainsi, l\u2019organisme explique que \u00ab le contournement par l\u2019importation de certaines pi\u00e8ces de v\u00e9lo au Royaume-Uni pourrait \u00eatre r\u00e9duit \u00bb.<\/p>\n<p>Dans tous les cas, et malgr\u00e9 ses droits de douane, l\u2019UE peine \u00e0 freiner les importations ill\u00e9gales, la France la premi\u00e8re avec <a href=\"https:\/\/www.frandroid.com\/survoltes\/velo-electrique\/2746193_meme-principe-que-les-mules-dans-le-trafic-de-stupefiants-7000-velos-electriques-chinois-saisis-par-la-douane-francaise\" rel=\"nofollow noopener\" target=\"_blank\">7 000 VAE saisis cet \u00e9t\u00e9 par la DNRED<\/a>. Plusieurs autres importateurs ont \u00e9t\u00e9 d\u00e9busqu\u00e9s en <a href=\"https:\/\/www.frandroid.com\/survoltes\/velo-electrique\/2634953_une-saisie-massive-de-velos-electriques-importes-illegalement-a-eu-lieu-ce-quil-faut-savoir\" rel=\"nofollow noopener\" target=\"_blank\">Irlande <\/a>ainsi qu\u2019au <a href=\"https:\/\/www.frandroid.com\/survoltes\/velo-electrique\/2610901_une-importante-fraude-liee-a-des-velos-electriques-chinois-dans-le-viseur-de-leurope-16-perquisitions-ont-deja-eu-lieu\" rel=\"nofollow noopener\" target=\"_blank\">Portugal<\/a>.<\/p>\n<p>En ce sens, la TRA laisse le dossier ouvert jusqu\u2019au 25 ao\u00fbt. Les entreprises peuvent y adresser leurs commentaires ou leurs suggestions envers ces mesures \u00e9conomiques.<\/p>\n","protected":false},"excerpt":{"rendered":"Suite \u00e0 la suppression des droits de douane \u00e0 l\u2019encontre des v\u00e9los \u00e9lectriques fabriqu\u00e9s en Chine, l\u2019autorit\u00e9 des&hellip;\n","protected":false},"author":2,"featured_media":315366,"comment_status":"","ping_status":"","sticky":false,"template":"","format":"standard","meta":{"footnotes":""},"categories":[1588],"tags":[11,981,33,1777,674,12,473,1853,1851,1850,1852],"class_list":{"0":"post-315365","1":"post","2":"type-post","3":"status-publish","4":"format-standard","5":"has-post-thumbnail","7":"category-royaume-uni","8":"tag-actualites","9":"tag-douane","10":"tag-economie","11":"tag-eu","12":"tag-europe","13":"tag-news","14":"tag-royaume-uni","15":"tag-royaume-uni-de-grande-bretagne-et-dirlande-du-nord","16":"tag-uk","17":"tag-united-kingdom","18":"tag-united-kingdom-of-great-britain-and-northern-ireland"},"share_on_mastodon":{"url":"https:\/\/pubeurope.com\/@fr\/115019333470148025","error":""},"_links":{"self":[{"href":"https:\/\/www.europesays.com\/fr\/wp-json\/wp\/v2\/posts\/315365","targetHints":{"allow":["GET"]}}],"collection":[{"href":"https:\/\/www.europesays.com\/fr\/wp-json\/wp\/v2\/posts"}],"about":[{"href":"https:\/\/www.europesays.com\/fr\/wp-json\/wp\/v2\/types\/post"}],"author":[{"embeddable":true,"href":"https:\/\/www.europesays.com\/fr\/wp-json\/wp\/v2\/users\/2"}],"replies":[{"embeddable":true,"href":"https:\/\/www.europesays.com\/fr\/wp-json\/wp\/v2\/comments?post=315365"}],"version-history":[{"count":0,"href":"https:\/\/www.europesays.com\/fr\/wp-json\/wp\/v2\/posts\/315365\/revisions"}],"wp:featuredmedia":[{"embeddable":true,"href":"https:\/\/www.europesays.com\/fr\/wp-json\/wp\/v2\/media\/315366"}],"wp:attachment":[{"href":"https:\/\/www.europesays.com\/fr\/wp-json\/wp\/v2\/media?parent=315365"}],"wp:term":[{"taxonomy":"category","embeddable":true,"href":"https:\/\/www.europesays.com\/fr\/wp-json\/wp\/v2\/categories?post=315365"},{"taxonomy":"post_tag","embeddable":true,"href":"https:\/\/www.europesays.com\/fr\/wp-json\/wp\/v2\/tags?post=315365"}],"curies":[{"name":"wp","href":"https:\/\/api.w.org\/{rel}","templated":true}]}}