{"id":315369,"date":"2025-08-13T03:29:20","date_gmt":"2025-08-13T03:29:20","guid":{"rendered":"https:\/\/www.europesays.com\/fr\/315369\/"},"modified":"2025-08-13T03:29:20","modified_gmt":"2025-08-13T03:29:20","slug":"les-origines-des-menhirs-de-leurope-entre-wellingen-et-launstroff","status":"publish","type":"post","link":"https:\/\/www.europesays.com\/fr\/315369\/","title":{"rendered":"les origines des Menhirs de l&rsquo;Europe, entre Wellingen et Launstroff"},"content":{"rendered":"<p>  1985 : des bornes aux sculptures, un projet allemand<\/p>\n<p>C\u2019est en 1985 que na\u00eet officiellement le projet des Menhirs de l\u2019Europe. L\u2019initiative du projet est une id\u00e9e du sculpteur allemand Paul Schneider (1927-2021), originaire de Merzig dans la Sarre. Membre du Symposium International de Sculpture (cr\u00e9\u00e9 en 1959 par Karl Prantl \u00e0 Sankt Margarethen im Burgenland en Autriche), il a le d\u00e9sir de cr\u00e9er sa propre structure.<\/p>\n<p>L\u2019id\u00e9e vient au sculpteur lors d\u2019une promenade sur la route frontali\u00e8re \u00e0 Silwingen (quartier de Merzig). \u00ab\u00a0J&rsquo;y ai d\u00e9couvert des bornes fronti\u00e8res\u00a0\u00bb, racontera t-il plus tard \u00ab\u00a0et l\u00e0 o\u00f9 il y a de petites bornes, il peut y en avoir de plus grandes\u00a0\u00bb*.\u00a0<\/p>\n<p>Paul Schneider parle de son id\u00e9e \u00e0 J\u00fcrgen Schreier, un homme politique local, futur ministre de la culture. \u00ab\u00a0Nous avons conclu un accord autour d\u2019un saucisson cervelas et d&rsquo;une bouteille de vin rouge, dans une l&rsquo;auberge \u00e0 Launstroff, en Lorraine. L&rsquo;aubergiste jouait \u00ab\u00a0Lili Marlen\u00a0\u00bb au piano\u00a0\u00bb*.<\/p>\n<p>L\u2019association \u00ab\u00a0<strong>Steine an der Grenze<\/strong>\u00a0\u00bb (\u00ab\u00a0Pierres sur la Fronti\u00e8re\u00a0\u00bb) est cr\u00e9\u00e9e le 11 f\u00e9vrier 1985. J\u00fcrgen Schreier en est le pr\u00e9sident, Alfred Diwersy (directeur de la culture de Merzig) le tr\u00e9sorier, Ute von Boch la secr\u00e9taire.<\/p>\n<p class=\"note\">*Source \u00a0:\u00a0article du Saarbr\u00fccker Zeitung, 06 avril 2010<\/p>\n<p>  La philosophie du projet<\/p>\n<p>Le site du projet est un \u00ab\u00a0no man&rsquo;s land\u00a0\u00bb ne figurant pas sur les cartes, un simple chemin de terre qui trace la limite administrative entre la France et l&rsquo;Allemagne. Tous les 100 m\u00e8tres, on y d\u00e9couvre des bornes dat\u00e9es de 1830, portant alternativement les inscription F (France) et D (Deutschland).<\/p>\n<p>Paul Schneider explique avoir voulu cr\u00e9er une route de sculpture, une ligne artistique, un symbole d&rsquo;ouverture, de rapprochement des hommes et des nationalit\u00e9s s\u00e9par\u00e9es par des fronti\u00e8res depuis des si\u00e8cles. La route des menhirs, qui c\u00e9l\u00e8bre l&rsquo;amiti\u00e9 franco-allemande, \u00ab\u00a0ciment indispensable \u00e0 la construction tant souhait\u00e9e de l&rsquo;Europe\u00a0\u00bb, dira un fran\u00e7ais.\u00a0J\u00fcrgen Schreier rajoute : \u00ab\u00a0Ici, dans ces prairies et terrains labour\u00e9s, et non devant un mur et des barbel\u00e9s, les hommes pourront voir comment peuvent \u00eatre les fronti\u00e8res&#8230;\u00a0\u00bb<\/p>\n<p>  1986 : le premier symposium<\/p>\n<p>L\u2019association invite sept sculpteurs \u00e0 inaugurer son projet en 1986. Le premier symposium r\u00e9unit\u00a0Mark Linder (Strasbourg), Karl Prantl (Autriche), Claudia Amann (Suisse), Jeannot Bewing (Luxembourg), Hawoli (Hans-Wolfgang Lingemann\u00a0(Allemagne), Thomas Wojciekoxicz (Allemagne)\u00a0et Paul Schneider. Les artistes sont log\u00e9s dans un h\u00f4tel \u00e0 Wellingen, et auront deux mois pour r\u00e9aliser leur sculpture.<\/p>\n<p>Sept pierres ros\u00e2tres sont extraites d&rsquo;un bloc de 8 tonnes en provenance de Munstereifeld (montagne entre Tr\u00e8ves et Coblence), et sont implant\u00e9es \u00e0 l\u2019aide d\u2019une grue entre Wellingen et Launstroff.<\/p>\n<p>Le 15 ao\u00fbt 1986, l\u2019inauguration officielle a lieu \u00e0 Launstroff, en pr\u00e9sence de Diether Breitenbach, ministre sarrois de la culture et de l&rsquo;enseignement,\u00a0porteur d&rsquo;un ch\u00e8que de 30 000 marks, repr\u00e9sentant les b\u00e9n\u00e9fices du loto sarrois, pour financer l\u2019op\u00e9ration.\u00a0<\/p>\n<p>Sont aussi pr\u00e9sents Hans Muller, d\u00e9put\u00e9 f\u00e9d\u00e9ral, J\u00fcrgen Schreier, pr\u00e9sident de l&rsquo;association, Albert Harter, maire de Launstroff, Jean-Marie Demange, d\u00e9put\u00e9 de Moselle, et Henri Ferretti vice-pr\u00e9sident du conseil g\u00e9n\u00e9ral. On aper\u00e7oit aussi Christa 1\u00e8re, Reine du Vin, Marlina 1\u00e8re, Reine du Cidre, et Yvette Soumann, Miss Val Sierckois.\u00a0La Musique de Budingen (Sarre) et celle du 6e R\u00e9giment de Dragon (stationn\u00e9 \u00e0 Saarburg RFA) animent la manifestation. Une dizaine d&rsquo;\u00e9cologistes antinucl\u00e9aires allemands viennent d\u00e9ployer une banderole\u00a0sans troubler la f\u00eate.\u00a0<\/p>\n<p>Cinq sculptures sont termin\u00e9es \u00e0 l&rsquo;issue de ce premier symposium, celles de\u00a0Karl Prantl\u00a0et Paul Schneider \u00e9tant achev\u00e9es l&rsquo;ann\u00e9e suivante.<\/p>\n<p>    &#13;<br \/>\n    &#13;<br \/>\n    &#13;<br \/>\n    <a href=\"https:\/\/cdn-s-www.republicain-lorrain.fr\/images\/866579aa-0445-4db8-b840-32f95d32e42f\/NW_raw\/1986-inauguration-du-premier-symposium-de-sculpture-de-l-association-steine-an-der-grenze-a-launstroff-(photo-rl)-1741696283.jpg\" title=\"1986 : inauguration du premier symposium de sculpture de l&#039;association Steine an der Grenze, \u00e0 Launstroff (Photo RL)\u00a0\" class=\"chocolat-image GA-tracking\" data-ga_type=\"click\" data-ga_category=\"D\u00e9tail\" data-ga_action=\"zoomer\" data-ga_label=\"aggrandir image\" target=\"_blank\" rel=\"noopener\">&#13;<br \/>\n        <img src=\"https:\/\/www.europesays.com\/fr\/wp-content\/uploads\/2025\/08\/1986-inauguration-du-premier-symposium-de-sculpture-de-l-association-steine-an-der-grenze-a-launstro.jpeg\"   alt=\"1986 : inauguration du premier symposium de sculpture de l'association Steine an der Grenze, \u00e0 Launstroff (Photo RL)\u00a0\" fetchpriority=\"high\" decoding=\"async\" data-mobile=\"NW_listA_M|1741696283\" data-base=\"NW_listA|1743413192\"\/>&#13;<br \/>\n    <\/a>&#13;<\/p>\n<p>1986 : inauguration du premier symposium de sculpture de l&rsquo;association Steine an der Grenze, \u00e0 Launstroff (Photo RL)\u00a0<\/p>\n<p>  1986-1992\u00a0: sept symposiums<\/p>\n<p>La majorit\u00e9 des \u0153uvres des Menhirs de l&rsquo;Europe sont cr\u00e9\u00e9es au cours des sept\u00a0symposiums de sculpture, lors des premi\u00e8res ann\u00e9es de l&rsquo;histoire du site.\u00a0<\/p>\n<p><strong>1987<\/strong> : le second symposium, voit l&rsquo;ach\u00e8vement des \u0153uvres de\u00a0Karl Prantl\u00a0et Paul Schneider, et la cr\u00e9ation de celles de\u00a0Levan Mkheidze (G\u00e9orgie, URSS) et\u00a0Philip Rickey (USA).<\/p>\n<p><strong>1988<\/strong> : la troisi\u00e8me it\u00e9ration de l&rsquo;\u00e9v\u00e9nement invite\u00a0Miloslav Chlup\u00e1\u010d\u00a0(R\u00e9publique Tch\u00e8que),\u00a0Bertrand Ney\u00a0(Luxembourg), et Kubach-Wilmsen\u00a0(Allemagne) \u00e0 composer leurs sculptures. Le quatri\u00e8me invit\u00e9,\u00a0Volker Baumgart,\u00a0originaire de RDA (Deutsche Demokratische Republik), n&rsquo;a pas obtenu son visa \u00e0 temps pour venir. Sa pierre est tout de m\u00eame install\u00e9e, et sur une pancarte on peut lire \u00a0:\u00a0\u00ab\u00a0Cette pierre est rest\u00e9e dans cet \u00e9tat parce que le mot libert\u00e9 n&rsquo;a pas encore pass\u00e9 toutes les fronti\u00e8res\u00a0\u00bb.\u00a0<\/p>\n<p>        &#13;<br \/>\n          <a href=\"https:\/\/cdn-s-www.republicain-lorrain.fr\/images\/5f526306-d022-49c8-8140-b9ca1f260841\/NW_raw\/catherine-bohr-et-stephane-soumann-couple-s-embrassant-devant-l-oeuvre-de-miloslav-chlupac-(photo-pierre-heckler)-1741094823.jpg\" title=\"Catherine Bohr et St\u00e9phane Soumann, couple s&#039;embrassant, devant l&#039;\u0153uvre de Miloslav Chlup\u00e1\u010d\u00a0(Photo Pierre Heckler)\" class=\"chocolat-image GA-tracking\" data-ga_type=\"click\" data-ga_category=\"D\u00e9tail\" data-ga_action=\"zoomer\" data-ga_label=\"agrandir image\" target=\"_blank\" rel=\"noopener\">&#13;<br \/>\n            <img loading=\"lazy\" decoding=\"async\" src=\"https:\/\/www.europesays.com\/fr\/wp-content\/uploads\/2025\/08\/catherine-bohr-et-stephane-soumann-couple-s-embrassant-devant-l-oeuvre-de-miloslav-chlupac-(photo-pi.jpeg\" alt=\"Catherine Bohr et St\u00e9phane Soumann, couple s'embrassant, devant l'\u0153uvre de Miloslav Chlup\u00e1\u010d\u00a0(Photo Pierre Heckler)\"\/>&#13;<br \/>\n          <\/a>&#13;<br \/>\n          &#13;<\/p>\n<p>Lors du troisi\u00e8me symposium en 1988, le choix de l&rsquo;artiste tch\u00e8que Miloslav Chlup\u00e1\u010d de travailler deux colonnes de pierre va\u00a0entrer dans l&rsquo;histoire du lieu.\u00a0Les paysans locaux y ont tout de suite vu un couple, et en 2000, notre photographe immortalisait le baiser de deux amoureux,\u00a0Catherine Bohr et St\u00e9phane Soumann, clich\u00e9 devenu fameux. L&rsquo;\u0153uvre de Chlup\u00e1\u010d est depuis la sculpture la plus photographi\u00e9e du site.<\/p>\n<p><strong>1989<\/strong>\u00a0: deux artistes\u00a0honorent le quatri\u00e8me symposium.\u00a0Volker Baumgart, emp\u00each\u00e9 par les autorit\u00e9 de la RDA de venir l&rsquo;ann\u00e9e pr\u00e9c\u00e9dente,\u00a0a finalement obtenu son visa, et travaille en compagnie de\u00a0Willi Bauer, RFA.<\/p>\n<p>C&rsquo;est aussi l&rsquo;ann\u00e9e des tensions et de l&rsquo;apaisement. Depuis quatre ans, la totalit\u00e9 de l&rsquo;op\u00e9ration est financ\u00e9e par l&rsquo;Allemagne, aid\u00e9e \u00e0 deux reprises par le Grand Duch\u00e9 du Luxembourg. Si les fran\u00e7ais sont enthousiastes et d\u00e9l\u00e8guent volontiers des officiels aux inaugurations, ils ne d\u00e9boursent pas un sou\u00a0et cela commence \u00e0 agacer les organisateurs. Les \u00e9lus fran\u00e7ais expliquent avoir moyennement appr\u00e9ci\u00e9 la pr\u00e9sence des antinucl\u00e9aires en 1986 et se plaignent d&rsquo;un manque de concertation, mais promettent des aides financi\u00e8re pour l&rsquo;ann\u00e9e suivante.<\/p>\n<p><strong>1990<\/strong> : en janvier, l&rsquo;association fran\u00e7aise\u00a0\u00ab\u00a0Les Menhirs de l&rsquo;Europe\u00a0\u00bb est (enfin) cr\u00e9\u00e9e, et le cinqui\u00e8me symposium voit arriver la promesse d&rsquo;une subvention de 50 000 francs de la DRAC (Direction R\u00e9gionale des Affaires Culturelles) de Lorraine. Trois sculpteurs interviennent cette ann\u00e9e \u00a0: l&rsquo;allemand\u00a0Thomas Link, l&rsquo;autrichien\u00a0Peter Paszkiewicz, qui r\u00e9alisera deux \u0153uvres, et l&rsquo;isra\u00e9lienne\u00a0Miriam Karoly. C&rsquo;est aussi l&rsquo;ann\u00e9e de la signature de la Convention d\u2019application des accords de Schengen, vot\u00e9e le 19 juin 1990.<\/p>\n<p>    &#13;<br \/>\n    &#13;<br \/>\n    &#13;<br \/>\n    <a href=\"https:\/\/cdn-s-www.republicain-lorrain.fr\/images\/c8be4abb-66db-46ae-84ab-920e42d28494\/NW_raw\/article-du-republicain-lorrain-16-aout-1990-(photo-jbd)-1741699907.jpg\" title=\"Article du R\u00e9publicain Lorrain, 16 ao\u00fbt 1990 (Photo JBD)\" class=\"chocolat-image GA-tracking\" data-ga_type=\"click\" data-ga_category=\"D\u00e9tail\" data-ga_action=\"zoomer\" data-ga_label=\"aggrandir image\" target=\"_blank\" rel=\"noopener\">&#13;<br \/>\n        <img src=\"https:\/\/www.europesays.com\/fr\/wp-content\/uploads\/2025\/08\/article-du-republicain-lorrain-16-aout-1990-(photo-jbd)-1743413192.jpg\"   alt=\"Article du R\u00e9publicain Lorrain, 16 ao\u00fbt 1990 (Photo JBD)\" fetchpriority=\"high\" decoding=\"async\" data-mobile=\"NW_listA_M|1741699907\" data-base=\"NW_listA|1743413192\"\/>&#13;<br \/>\n    <\/a>&#13;<\/p>\n<p>Article du R\u00e9publicain Lorrain, 16 ao\u00fbt 1990 (Photo JBD)<\/p>\n<p><strong>1991<\/strong> : en janvier, Denis Hourt,\u00a0 photographe et correspondant du R\u00e9publicain Lorrain, pr\u00e9sente une exposition de photographies des dix-huit menhirs d\u00e9j\u00e0 r\u00e9alis\u00e9s, au Caf\u00e9 des Arts, \u00e0 Thionville.<\/p>\n<p>Le sixi\u00e8me symposium, organis\u00e9 cette fois par\u00a0l&rsquo;association fran\u00e7aise\u00a0\u00ab\u00a0Les Menhirs de l&rsquo;Europe\u00a0\u00bb, accueille les deux premiers artistes fran\u00e7ais,\u00a0Fran\u00e7ois Nadaud-Guilloton et\u00a0Toun, alias\u00a0Antoine Dih\u00e9, ainsi que le hollandais Gerard van Rooy\u00a0et le japonais\u00a0Hiroshi Mikami.<\/p>\n<p><strong>1992<\/strong> :\u00a0Eileen McDonagh\u00a0(Irlande),\u00a0Knut Wold\u00a0(Norv\u00e8ge),\u00a0Gerard H\u00f6weler\u00a0(Pays-Bas) et\u00a0Zo\u00eb de l\u2018lsle Whittier\u00a0(France) sont les cr\u00e9ateurs invit\u00e9s du septi\u00e8me et dernier symposium. La fran\u00e7aise, dont l&rsquo;\u0153uvre est une commande du Conseil G\u00e9n\u00e9ral de la Moselle, la r\u00e9alise en pierre de Jaumont, directement dans la carri\u00e8re de Malancourt-la-Montagne. Sa\u00a0sculpture est offerte dans le cadre du jumelage entre le Conseil G\u00e9n\u00e9ral de la Moselle et le Landkreistag de la Sarre, et inaugur\u00e9e en novembre.<\/p>\n<p>  1993-1999\u00a0: le d\u00e9but de la fin<\/p>\n<p>Avec la fin des symposiums de sculpture\u00a0commence une p\u00e9riode de latence. La municipalit\u00e9 de Launstroff organise chaque ann\u00e9e une F\u00eate des Menhirs franco-allemande, mais les contributions artistiques s&rsquo;amenuisent. Le site est d\u00e9sormais principalement g\u00e9r\u00e9 par les fran\u00e7ais.<\/p>\n<p><strong>1993<\/strong> : un seul sculpteur, l&rsquo;ukrainien Vassil Iaritch, vient r\u00e9aliser une \u0153uvre.<\/p>\n<p><strong>1996<\/strong> : le fran\u00e7ais\u00a0Alain Mila sculpte son \u00ab\u00a0R\u00eave bleu\u00a0\u00bb. C&rsquo;est l&rsquo;ann\u00e9e du dixi\u00e8me anniversaire des\u00a0Menhirs de l&rsquo;Europe, mais aussi la derni\u00e8re sculpture de la fin du si\u00e8cle. Il faudra attendre neuf ans avant de voir le site s&rsquo;enrichir de nouvelles sculptures.\u00a0<\/p>\n<p><strong>1999<\/strong> : invit\u00e9e par l&rsquo;association \u00e0 venir cr\u00e9er une \u0153uvre, l&rsquo;artiste parisienne Suzel Galia sculpte son \u00ab\u00a0Eclipse\u00a0\u00bb,\u00a0dans la pierre de Jaumont \u00e0 l&rsquo;entr\u00e9e du Ch\u00e2teau de Malbrouck, \u00e0 Manderen, \u00e0 l&rsquo;occasion de l&rsquo;\u00e9clipse solaire du 11 ao\u00fbt 1999. La sculpture devait rejoindre les menhirs, mais il est d\u00e9cid\u00e9 au dernier moment de la laisser sur le lieu de sa cr\u00e9ation.<\/p>\n<p>  2005-2010 :\u00a0nouveau souffle<\/p>\n<p>Une courte p\u00e9riode de regain, \u00e0 l&rsquo;initiative de Denis Hourt, pr\u00e9sident de l&rsquo;association Menhirs de l&rsquo;Europe, se d\u00e9ploie pendant six ans. Cinq nouvelles sculptures viennent enrichir le site et lui donner une nouvelle visibilit\u00e9.\u00a0<\/p>\n<p><strong>2005<\/strong>\u00a0: Les deux premi\u00e8res nouvelles \u0153uvres sont un puissant\u00a0appel \u00e0 la paix. Cr\u00e9\u00e9es par Moshe Shek (Isra\u00ebl) et Ahmad Canaan (Palestine), elles sont dispos\u00e9es l&rsquo;une \u00e0 c\u00f4t\u00e9 de l&rsquo;autre. \u00ab\u00a0Vous savez, les peuples isra\u00e9lien et palestinien en ont marre de se faire la guerre ! Ils sont comme tous les autres peuples de la plan\u00e8te : ils pr\u00e9f\u00e9reraient se la couler douce et profiter des bonnes choses de la vie, plut\u00f4t que de se faire sans cesse des mis\u00e8res !\u00a0\u00bb, dit Moshe Shek. A quoi\u00a0Ahmad Canaan r\u00e9pond \u00a0: \u00ab\u00a0C&rsquo;est vrai, Palestiniens, Isra\u00e9liens, c&rsquo;est la m\u00eame chose\u2026 La seule diff\u00e9rence, c&rsquo;est que les uns sont juifs et les autres musulmans. Mais au fond, ils ne devraient avoir aucun probl\u00e8me \u00e0 vivre ensemble et \u00e0 s&rsquo;entendre\u2026\u00a0\u00bb<\/p>\n<p>    &#13;<br \/>\n    &#13;<br \/>\n    &#13;<br \/>\n    <a href=\"https:\/\/cdn-s-www.republicain-lorrain.fr\/images\/3224bb41-eb71-4a18-b44b-7e38fa359756\/NW_raw\/ahmad-canaan-et-mosche-shek-artistes-palestinien-et-israelien-lors-de-l-installation-de-leurs-oeuvres-(photo-pierre-heckler)-1741346192.jpg\" title=\"Ahmad Canaan et Mosche Shek, artistes palestinien et isra\u00e9lien, lors de l&#039;installation de leurs oeuvres (Photo Pierre Heckler)\" class=\"chocolat-image GA-tracking\" data-ga_type=\"click\" data-ga_category=\"D\u00e9tail\" data-ga_action=\"zoomer\" data-ga_label=\"aggrandir image\" target=\"_blank\" rel=\"noopener\">&#13;<br \/>\n        <img src=\"https:\/\/www.europesays.com\/fr\/wp-content\/uploads\/2025\/08\/ahmad-canaan-et-mosche-shek-artistes-palestinien-et-israelien-lors-de-l-installation-de-leurs-oeuvre.jpeg\"   alt=\"Ahmad Canaan et Mosche Shek, artistes palestinien et isra\u00e9lien, lors de l'installation de leurs oeuvres (Photo Pierre Heckler)\" fetchpriority=\"high\" decoding=\"async\" data-mobile=\"NW_listA_M|1741346192\" data-base=\"NW_listA|1743413192\"\/>&#13;<br \/>\n    <\/a>&#13;<\/p>\n<p>Ahmad Canaan et Mosche Shek, artistes palestinien et isra\u00e9lien, lors de l&rsquo;installation de leurs oeuvres (Photo Pierre Heckler)<\/p>\n<p><strong>2007<\/strong>\u00a0: Leo Kornbrust (Allemagne), ancien professeur de l\u2019acad\u00e9mie des Beaux Arts de Munich, r\u00e9alise son \u0153uvre, intitul\u00e9e\u00a0\u00ab\u00a0Sprich strenger Stein\u00a0\u00bb ou \u00ab\u00a0Stein und Poesie\u00a0\u00bb.<\/p>\n<p><strong>2008<\/strong>\u00a0: Deux sculpteurs allemands, Herbert Lankl et\u00a0Herbert Wurm, sont les invit\u00e9s de l&rsquo;ann\u00e9e.\u00a0Herbert Lankl explique son \u0153uvre\u00a0:\u00a0\u00ab\u00a0C\u2019est une forme de bateau. Chacun peut imaginer ce qu\u2019il peut transporter. Ensuite je vais polir sa surface pour que s\u2019y refl\u00e8tent le soleil et le ciel.\u00a0\u00bb\u00a0:<\/p>\n<p><strong>2009<\/strong>\u00a0: le fran\u00e7ais\u00a0Sylvain Divo propose \u00ab\u00a0Le Tourbillon\u00a0\u00bb, une sculpture\u00a0syncr\u00e9tique, une\u00a0sorte de table d\u2019orientation qui reprend l\u2019ensemble des r\u00e9alisations en miniature, avec le\u00a0circuit mat\u00e9rialis\u00e9 en fer forg\u00e9 par Louis Th\u00e9obald.<\/p>\n<p><strong>2010<\/strong>\u00a0: L&rsquo;artiste italienne\u00a0Maria Claudia Farina est l&rsquo;autrice de la trente-cinqui\u00e8me et derni\u00e8re sculpture, un cercle de pierre, \u00e0 l&rsquo;entr\u00e9e de Wellingen.<\/p>\n<p>  2010-aujourd&rsquo;hui<\/p>\n<p>Sans nouvelle contribution depuis 2010, le site a continu\u00e9 a c\u00e9l\u00e9brer la F\u00eate des\u00a0Menhirs\u00a0de l\u2019Europe jusqu&rsquo;en 2014, avant l&rsquo;extinction des activit\u00e9s et la mise en sommeil de l&rsquo;association. Reprise par de nouveaux membres en 2022, l&rsquo;association propose d\u00e9sormais une Course des\u00a0Menhirs, en collaboration avec des associations locales.<\/p>\n<p>En <strong>2018<\/strong>, le parc \u00e9olien Launstroff-Waldwisse est construit, qui vient radicalement changer la\u00a0vue de la route des menhirs.<\/p>\n<p>En mai <strong>2023<\/strong>, Silvain Divo dirige la r\u00e9alisation du\u00a0\u00ab\u00a0Soleil\u00a0\u00bb, une sculpture assembl\u00e9e avec des\u00a0\u00e9l\u00e8ves de l\u2019\u00e9cole de Manderen-Ritzing,\u00a0qui orne un verger dans la commune de Launstroff. L&rsquo;\u0153uvre ne fait pas officiellement partie des menhirs.<\/p>\n<p>En <strong>2025<\/strong>, la municipalit\u00e9 de Laustroff renouvelle la signal\u00e9tique des Menhirs de l\u2019Europe, avec de nouveaux panneaux. Des cartels sont pr\u00e9vus pour identifier et documenter les \u0153uvres de la route. Le\u00a022 juin, une marche organis\u00e9e avec\u00a0les\u00a0voisins allemands aura lieu, ainsi qu&rsquo;une\u00a0F\u00eate des menhirs, les 14 et 15 ao\u00fbt&#8230;<\/p>\n<p>        &#13;<br \/>\n          <a href=\"https:\/\/cdn-s-www.republicain-lorrain.fr\/images\/437847ad-2e0f-448d-a24d-78430ae81461\/NW_raw\/dr-1741180251.jpg\" title=\"DR\" class=\"chocolat-image GA-tracking\" data-ga_type=\"click\" data-ga_category=\"D\u00e9tail\" data-ga_action=\"zoomer\" data-ga_label=\"agrandir image\" target=\"_blank\" rel=\"noopener\">&#13;<br \/>\n            <img loading=\"lazy\" decoding=\"async\" src=\"https:\/\/www.europesays.com\/fr\/wp-content\/uploads\/2025\/08\/dr-1741180251.jpg\" alt=\"DR\"\/>&#13;<br \/>\n          <\/a>&#13;<br \/>\n          &#13;<\/p>\n<p class=\"insetTitle\">Le Sentier des Menhirs de l&rsquo;Europe : plan et liste des \u0153uvres<\/p>\n<p>01<strong> Hawoli<\/strong> (Hans-Wolfgang Lingemann)\u00a0(Allemagne) (1986),\u00a0sans titre<br \/>02 <strong>Marc Linder<\/strong>, France (1986), \u00ab\u00a0Sonnenwende\u00a0\u00bb (\u00ab\u00a0Solstice\u00a0\u00bb)\u00a0<br \/>03 <strong>Thomas Wojciechowicz<\/strong>, Allemagne (1986), sans titre,\u00a0dalles sur une\u00a0borne de 1830<br \/>04 <strong>Paul Schneider<\/strong>, Allemagne (1987),\u00a0\u00ab\u00a0Der Drei gewidmet\u00a0\u00bb (\u00ab\u00a0D\u00e9di\u00e9 aux Trois\u00a0\u00bb)<br \/>05 <strong>Knut Wold<\/strong>, Norv\u00e8ge (1992),\u00a0sans titre <br \/>06 <strong>Herbert Wurm<\/strong>, Allemagne (2008),\u00a0\u00ab\u00a0Hohe S\u00e4ule\u00a0\u00bb (\u00ab\u00a0Grand pilier\u00a0\u00bb)<br \/>07 <strong>Herbert Lankl<\/strong>, Allemagne (2008),\u00a0sans titre<br \/>08 <strong>Karl Prantl<\/strong>, Autriche (1987),\u00a0\u00ab\u00a0Stein zur Meditation\u00a0\u00bb (\u00ab\u00a0Pierre pour la m\u00e9ditation\u00a0\u00bb)<br \/>09 <strong>Levan Mkheidze<\/strong>, G\u00e9orgie (1987),\u00a0sans titre<br \/>10 <strong>Jeannot Bewing<\/strong>, Luxembourg (1986),\u00a0\u00ab\u00a0Visierstein\u00a0\u00bb (\u00ab\u00a0Pierre de vis\u00e9e\u00a0\u00bb)<br \/>11 <strong>Gerard H\u00f6weler<\/strong>, Pays-Bas (1992),\u00a0sans titre<br \/>12 <strong>Moshe Shek<\/strong>, Isra\u00ebl (2005),\u00a0sans titre<br \/>13 <strong>Ahmad Canaan<\/strong>, Palestine (2005), \u00ab\u00a0The Wall in your Heads\u00a0\u00bb (\u00ab\u00a0Le mur dans vos t\u00eates\u00a0\u00bb)<br \/>14 <strong>Philip Rickey<\/strong>, USA (1987),\u00a0sans titre<br \/>15 <strong>Volker Baumgart<\/strong>,\u00a0RDA (1989), \u00ab\u00a0Ein Stein f\u00fcr den Regenbogen\u00a0\u00bb (\u00ab\u00a0Une pierre pour l&rsquo;arc-en-ciel\u00a0\u00bb)<br \/>16 <strong>Claudia Ammann<\/strong>, Suisse (1986),\u00a0sans titre<br \/>17 <strong>Miloslav Chlup\u00e1\u010d<\/strong>, R\u00e9publique Tch\u00e8que (1988),\u00a0sans titre<br \/>18 <strong>Thomas Link<\/strong>, Allemagne (1990),\u00a0sans titre<br \/>19 <strong>Gerard van Rooy<\/strong>, Pays-Bas (1991),\u00a0sans titre<br \/>20 <strong>Hiroshi Mikami<\/strong>, Japon (1991),\u00a0sans titre<br \/>21 <strong>Toun<\/strong> (Antoine Dih\u00e9), France (1991),\u00a0sans titre<br \/>22 <strong>Fran\u00e7ois Nadaud-Guilloton<\/strong>, France (1991),\u00a0sans titre<br \/>23 <strong>Kubach-Wilmsen<\/strong> (Anna Maria Kubach-Wilmsen et Wolfgang Kubach), Allemagne (1988),\u00a0\u00ab\u00a0Le chemin int\u00e9rieur\u00a0\u00bb<br \/>24 <strong>Eileen McDonagh<\/strong>, Irlande (1992),\u00a0sans titre<br \/>25 <strong>Miriam Karoly<\/strong>, Isra\u00ebl (1990),\u00a0sans titre<br \/>26 <strong>Peter Paszkiewicz<\/strong> 2, Autriche (1990),\u00a0sans titre<br \/>27 <strong>Bertrand Ney<\/strong>, Luxembourg (1988),\u00a0sans titre<br \/>28 <strong>Peter Paszkiewicz<\/strong> 1, Autriche (1990),\u00a0sans titre<br \/>29 <strong>Willi Bauer<\/strong>, Allemagne (1989),\u00a0sans titre<br \/>30 <strong>Zo\u00eb de l\u2018lsle Whittier<\/strong>, France (1992),\u00a0sans titre<br \/>31 <strong>Leo Kornbrust<\/strong>, Allemagne (2007), \u00ab\u00a0Sprich strenger Stein\u00a0\u00bb ou\u00a0\u00ab\u00a0Stein und Poesie\u00a0\u00bb<br \/>32 <strong>Vassil laritch<\/strong>, Ukraine (1993),\u00a0sans titre<br \/>33 <strong>Alain Mila<\/strong>, France (1996),\u00a0\u00ab\u00a0Le r\u00eave bleu\u00a0\u00bb<br \/>34 <strong>Maria Claudia Farina<\/strong>, Italie (2010),\u00a0sans titre\u00a0<\/p>\n<p>35\u00a0 <strong>Sylvain Divo<\/strong>, France (2009)\u00a0\u00ab\u00a0Le Tourbillon\u00a0\u00bb, table d&rsquo;orientation<\/p>\n<p>        &#13;<br \/>\n          <a href=\"https:\/\/cdn-s-www.republicain-lorrain.fr\/images\/d0afc2e0-4d92-4892-8126-67bed52d8cb0\/NW_raw\/dr-1741609613.jpg\" title=\"DR\" class=\"chocolat-image GA-tracking\" data-ga_type=\"click\" data-ga_category=\"D\u00e9tail\" data-ga_action=\"zoomer\" data-ga_label=\"agrandir image\" target=\"_blank\" rel=\"noopener\">&#13;<br \/>\n            <img loading=\"lazy\" decoding=\"async\" src=\"https:\/\/www.europesays.com\/fr\/wp-content\/uploads\/2025\/08\/dr-1741609613.jpg\" alt=\"DR\"\/>&#13;<br \/>\n          <\/a>&#13;<br \/>\n          &#13;<\/p>\n<p class=\"insetTitle\">L&rsquo;Institut pour l&rsquo;Art Contemporain de la Sarre<\/p>\n<p>Douze des photographies des oeuvres\u00a0vous sont propos\u00e9es avec l&rsquo;aimable autorisation de l&rsquo;Institut f\u00fcr Aktuelle Kunst\u00a0im Saarland (Institut pour l&rsquo;Art\u00a0Contemporain\u00a0de la Sarre).\u00a0<\/p>\n<p>Cet organisme, \u00e9manation de l&rsquo;Hochschule der Bildenden K\u00fcnste Saar (\u00c9cole sup\u00e9rieure des Beaux-Arts de la Sarre \u00e0 Sarrebruck), propose entre autre une <a href=\"https:\/\/institut-aktuelle-kunst.de\/kunstlexikon\/steine-an-der-grenze-im-kreis-merzig-wadern-32845\" target=\"_blank\" rel=\"noopener\">documentation compl\u00e8te sur les oeuvres produites par Steine an der Grenze \/ Menhirs de l&rsquo;Europe<\/a>.<\/p>\n","protected":false},"excerpt":{"rendered":"1985 : des bornes aux sculptures, un projet allemand C\u2019est en 1985 que na\u00eet officiellement le projet des&hellip;\n","protected":false},"author":2,"featured_media":315370,"comment_status":"","ping_status":"","sticky":false,"template":"","format":"standard","meta":{"footnotes":""},"categories":[1586],"tags":[11,672,15835,1777,674,1011,27,10382,45425,45426,1031,20065,12,2661,3456,25,602],"class_list":{"0":"post-315369","1":"post","2":"type-post","3":"status-publish","4":"format-standard","5":"has-post-thumbnail","7":"category-europe","8":"tag-actualites","9":"tag-allemagne","10":"tag-edition-saint-avold-creutzwald","11":"tag-eu","12":"tag-europe","13":"tag-fr","14":"tag-france","15":"tag-frontaliers","16":"tag-la-boite-a-archives-du-rl","17":"tag-launstroff","18":"tag-magazine","19":"tag-magazine-tourisme-et-patrimoine","20":"tag-news","21":"tag-patrimoine-culturel","22":"tag-region-lorraine","23":"tag-republique-francaise","24":"tag-tourisme"},"share_on_mastodon":{"url":"https:\/\/pubeurope.com\/@fr\/115019341334238988","error":""},"_links":{"self":[{"href":"https:\/\/www.europesays.com\/fr\/wp-json\/wp\/v2\/posts\/315369","targetHints":{"allow":["GET"]}}],"collection":[{"href":"https:\/\/www.europesays.com\/fr\/wp-json\/wp\/v2\/posts"}],"about":[{"href":"https:\/\/www.europesays.com\/fr\/wp-json\/wp\/v2\/types\/post"}],"author":[{"embeddable":true,"href":"https:\/\/www.europesays.com\/fr\/wp-json\/wp\/v2\/users\/2"}],"replies":[{"embeddable":true,"href":"https:\/\/www.europesays.com\/fr\/wp-json\/wp\/v2\/comments?post=315369"}],"version-history":[{"count":0,"href":"https:\/\/www.europesays.com\/fr\/wp-json\/wp\/v2\/posts\/315369\/revisions"}],"wp:featuredmedia":[{"embeddable":true,"href":"https:\/\/www.europesays.com\/fr\/wp-json\/wp\/v2\/media\/315370"}],"wp:attachment":[{"href":"https:\/\/www.europesays.com\/fr\/wp-json\/wp\/v2\/media?parent=315369"}],"wp:term":[{"taxonomy":"category","embeddable":true,"href":"https:\/\/www.europesays.com\/fr\/wp-json\/wp\/v2\/categories?post=315369"},{"taxonomy":"post_tag","embeddable":true,"href":"https:\/\/www.europesays.com\/fr\/wp-json\/wp\/v2\/tags?post=315369"}],"curies":[{"name":"wp","href":"https:\/\/api.w.org\/{rel}","templated":true}]}}