{"id":315371,"date":"2025-08-13T03:30:18","date_gmt":"2025-08-13T03:30:18","guid":{"rendered":"https:\/\/www.europesays.com\/fr\/315371\/"},"modified":"2025-08-13T03:30:18","modified_gmt":"2025-08-13T03:30:18","slug":"jai-toujours-eu-peur-de-manquer","status":"publish","type":"post","link":"https:\/\/www.europesays.com\/fr\/315371\/","title":{"rendered":"\u201cJ\u2019ai toujours eu peur de manquer\u201d"},"content":{"rendered":"<p>                                        <img decoding=\"async\" src=\"https:\/\/www.europesays.com\/fr\/wp-content\/uploads\/2025\/08\/551760dbc43421db0e0ff509c449e66dca355978b4a207e14d4f5b4346ce057e.png\" alt=\"GALA VID\u00c9O - Vitaa\u00a0: ce qu'il faut conna\u00eetre\" class=\"a11y-hidden\"\/><\/p>\n<p class=\"fig-standfirst\">Vitaa \u00e9tait l\u2019invit\u00e9 de l\u2019\u00e9mission Legend, pr\u00e9sent\u00e9e par Guillaume Pley et diffus\u00e9e sur Youtube, ce vendredi 8 ao\u00fbt dernier. Face \u00e0 l\u2019animateur radio, la chanteuse a r\u00e9v\u00e9l\u00e9 \u00eatre particuli\u00e8rement \u00e9conome, tout en expliquant pourquoi.<\/p>\n<p class=\"fig-paragraph\">Comme tout un chacun, les stars ont parfois des peurs. Cela est notamment le cas de Vitaa, comme elle l\u2019a confi\u00e9\u00a0<a href=\"https:\/\/www.youtube.com\/watch?v=5EsgbEL-A20\" target=\"_blank\" rel=\"sponsored noopener nofollow\" data-gtm-custom-categorie=\"navigation\" data-gtm-custom-action=\"crossclick\" data-gtm-custom-label=\"Contextuel\" data-gtm-event=\"customEventSPE\">dans l\u2019\u00e9mission Legend<\/a>, pr\u00e9sent\u00e9e par Guillaume Pley et diffus\u00e9e sur Youtube, ce vendredi 8 ao\u00fbt dernier. Apr\u00e8s avoir r\u00e9v\u00e9l\u00e9 avoir un p\u00e8re qui a travaill\u00e9 toute sa vie dans une concession de moto et\u00a0<a href=\"https:\/\/www.gala.fr\/l_actu\/news_de_stars\/video-vitaa-pourquoi-son-discours-aux-victoires-de-la-musique-na-pas-plu-a-sa-mere-elle-ma-tuee_536188\" data-fig-type=\"Article\" data-gtm-custom-categorie=\"navigation\" data-gtm-custom-action=\"crossclick\" data-gtm-custom-label=\"Contextuel\" data-gtm-event=\"customEventSPE\" data-fig-domain=\"GALA\" rel=\"nofollow noopener\" target=\"_blank\">une m\u00e8re femme au foyer<\/a>, la chanteuse a d\u00e9clar\u00e9\u00a0: \u00abJ\u2019ai grandi dans un milieu tr\u00e8s modeste et j\u2019ai vu mes parents se saigner toute leur vie et se disputer beaucoup, parce qu\u2019ils manquaient d\u2019argent, parce que c\u2019\u00e9tait compliqu\u00e9\u00bb.\u00a0<a href=\"http:\/\/www.gala.fr\/l_actu\/news_de_stars\/vitaa-dans-tout-pour-la-lumiere-enfance-rebelle-mari-enfants-que-sait-on-de-sa-vie-privee-20250806\" data-fig-type=\"Article\" data-gtm-custom-categorie=\"navigation\" data-gtm-custom-action=\"crossclick\" data-gtm-custom-label=\"Contextuel\" data-gtm-event=\"customEventSPE\" data-fig-domain=\"GALA\" rel=\"nofollow noopener\" target=\"_blank\">Une enfance qui l\u2019a marqu\u00e9e<\/a>\u00a0et qui lui a laiss\u00e9 des traces, comme elle l\u2019a r\u00e9v\u00e9l\u00e9. \u00abJe crois qu\u2019inconsciemment, j\u2019ai eu cette esp\u00e8ce de traumatisme de, d\u00e8s que tu rentres un euro, tu mets de c\u00f4t\u00e9. J\u2019\u00e9tais tr\u00e8s tr\u00e8s \u00e9conome, j\u2019ai fait attention toute ma vie\u00bb, a-t-elle indiqu\u00e9.<\/p>\n<p class=\"fig-paragraph\">Son premier achat d\u00e8s qu\u2019elle a gagn\u00e9 de l\u2019argent gr\u00e2ce \u00e0 un album\u00a0? \u00abJ\u2019ai achet\u00e9 un appartement\u00bb, a-t-elle d\u00e9voil\u00e9\u00a0<a href=\"http:\/\/www.gala.fr\/l_actu\/news_de_stars\/video-il-m-a-invite-a-boire-le-cafe-guillaume-pley-leve-le-voile-sur-son-interview-avec-nicolas-sarkozy-20241121\" data-fig-type=\"Article\" data-gtm-custom-categorie=\"navigation\" data-gtm-custom-action=\"crossclick\" data-gtm-custom-label=\"Contextuel\" data-gtm-event=\"customEventSPE\" data-fig-domain=\"GALA\" rel=\"nofollow noopener\" target=\"_blank\">\u00e0 Guillaume Pley<\/a>. Avant de poursuivre\u00a0: \u00abJ\u2019ai toujours eu peur de manquer. J\u2019ai eu ces disputes de mes parents dans ma t\u00eate et je me suis dit\u00a0: \u2019C\u2019est un m\u00e9tier qui est compliqu\u00e9. Tu vas gagner de l\u2019argent et puis d\u2019un coup, \u00e7a ne va plus marcher\u2019\u00bb. L\u2019interpr\u00e8te de \u00c0 fleur de toi a ensuite conclu \u00e0 ce sujet\u00a0: \u00abJ\u2019ai toujours eu cette peur de manquer, m\u00eame quand \u00e7a a vraiment march\u00e9\u00bb. Malgr\u00e9 le succ\u00e8s et l\u2019argent qui en d\u00e9coule, il semble donc particuli\u00e8rement important pour Vitaa de pr\u00eater attention \u00e0 ses d\u00e9penses.<\/p>\n<p>    <a href=\"#slideshow-header\"><\/p>\n<p class=\"fig-slideshow__title\">\n                    PHOTOS &#8211; Slimane, Louane, Vitaa&#8230; Les stars pr\u00e9sentes aux 26e NRJ Music Awards\n                <\/p>\n<p>    <\/a><\/p>\n<p>                                    <a class=\"fig-a11y-skip a11y-hidden\" href=\"#fig-a11y-skip-main-inarticle\"><br \/>\n        Passer la publicit\u00e9<br \/>\n    <\/a><\/p>\n<p>Vitaa toujours amie avec Diam\u2019s, elle donne de ses nouvelles\u00a0: \u201cElle n\u2019a jamais \u00e9t\u00e9 aussi heureuse\u201d<\/p>\n<p class=\"fig-paragraph\">Dans l\u2019\u00e9mission Legend, pr\u00e9sent\u00e9e par Guillaume Pley et diffus\u00e9e sur Youtube, Vitaa a \u00e9galement donn\u00e9 des nouvelles de Diam\u2019s, en faisant\u00a0<a href=\"https:\/\/www.gala.fr\/l_actu\/news_de_stars\/vitaa-toujours-amie-avec-diam-s-elle-donne-de-ses-nouvelles-elle-n-a-jamais-ete-aussi-heureuse-20250812\" target=\"_blank\" data-fig-type=\"Article\" rel=\"sponsored noopener nofollow\" data-gtm-custom-categorie=\"navigation\" data-gtm-custom-action=\"crossclick\" data-gtm-custom-label=\"Contextuel\" data-gtm-event=\"customEventSPE\" data-fig-domain=\"GALA\">quelques confidences sur leur amiti\u00e9<\/a>, n\u00e9e dans les ann\u00e9es 2000, notamment suite \u00e0 leur duo Confessions nocturnes. Si l\u2019ancienne rappeuse s\u2019est retir\u00e9e du milieu de la musique, sa relation avec la compagne de Hicham Bendaoud est toujours d\u2019actualit\u00e9. \u00abElle va super bien. Elle a jamais \u00e9t\u00e9 aussi heureuse que maintenant. Apr\u00e8s encore une fois je ne suis pas sa porte-parole mais les gens le voient\u00bb, a confi\u00e9 la m\u00e8re de trois enfants. Avant d\u2019ajouter\u00a0: \u00abElle a sorti deux bouquins o\u00f9 elle en parle. Elle a trouv\u00e9 la paix. Je suis trop heureuse pour elle parce qu\u2019elle avait besoin de \u00e7a, de couper, pour trouver sa paix int\u00e9rieure\u00bb. Apr\u00e8s avoir pr\u00e9cis\u00e9 avoir \u00abun lien qui est immuable\u00bb avec Diam\u2019s, la chanteuse a indiqu\u00e9\u00a0: \u00ab(&#8230;) Il y a pas un mois qui se passe sans qu\u2019on se parle. Aujourd\u2019hui elle a pris ses distances avec ce m\u00e9tier-l\u00e0 et \u00e7a ne change rien \u00e0 notre relation, on partage d\u2019autres choses\u00bb.<\/p>\n","protected":false},"excerpt":{"rendered":"Vitaa \u00e9tait l\u2019invit\u00e9 de l\u2019\u00e9mission Legend, pr\u00e9sent\u00e9e par Guillaume Pley et diffus\u00e9e sur Youtube, ce vendredi 8 ao\u00fbt&hellip;\n","protected":false},"author":2,"featured_media":315372,"comment_status":"","ping_status":"","sticky":false,"template":"","format":"standard","meta":{"footnotes":""},"categories":[1586],"tags":[11,1261,1777,674,1779,1011,27,3027,12,12819,25,6006,1778,364,26648],"class_list":{"0":"post-315371","1":"post","2":"type-post","3":"status-publish","4":"format-standard","5":"has-post-thumbnail","7":"category-europe","8":"tag-actualites","9":"tag-argent","10":"tag-eu","11":"tag-europe","12":"tag-european-union","13":"tag-fr","14":"tag-france","15":"tag-manque","16":"tag-news","17":"tag-peur","18":"tag-republique-francaise","19":"tag-succes","20":"tag-ue","21":"tag-union-europeenne","22":"tag-vitaa"},"share_on_mastodon":{"url":"https:\/\/pubeurope.com\/@fr\/115019345167411910","error":""},"_links":{"self":[{"href":"https:\/\/www.europesays.com\/fr\/wp-json\/wp\/v2\/posts\/315371","targetHints":{"allow":["GET"]}}],"collection":[{"href":"https:\/\/www.europesays.com\/fr\/wp-json\/wp\/v2\/posts"}],"about":[{"href":"https:\/\/www.europesays.com\/fr\/wp-json\/wp\/v2\/types\/post"}],"author":[{"embeddable":true,"href":"https:\/\/www.europesays.com\/fr\/wp-json\/wp\/v2\/users\/2"}],"replies":[{"embeddable":true,"href":"https:\/\/www.europesays.com\/fr\/wp-json\/wp\/v2\/comments?post=315371"}],"version-history":[{"count":0,"href":"https:\/\/www.europesays.com\/fr\/wp-json\/wp\/v2\/posts\/315371\/revisions"}],"wp:featuredmedia":[{"embeddable":true,"href":"https:\/\/www.europesays.com\/fr\/wp-json\/wp\/v2\/media\/315372"}],"wp:attachment":[{"href":"https:\/\/www.europesays.com\/fr\/wp-json\/wp\/v2\/media?parent=315371"}],"wp:term":[{"taxonomy":"category","embeddable":true,"href":"https:\/\/www.europesays.com\/fr\/wp-json\/wp\/v2\/categories?post=315371"},{"taxonomy":"post_tag","embeddable":true,"href":"https:\/\/www.europesays.com\/fr\/wp-json\/wp\/v2\/tags?post=315371"}],"curies":[{"name":"wp","href":"https:\/\/api.w.org\/{rel}","templated":true}]}}