{"id":315379,"date":"2025-08-13T03:36:16","date_gmt":"2025-08-13T03:36:16","guid":{"rendered":"https:\/\/www.europesays.com\/fr\/315379\/"},"modified":"2025-08-13T03:36:16","modified_gmt":"2025-08-13T03:36:16","slug":"bru-souligne-letat-desprit-de-deux-recrues-qui-ont-ecourte-leurs-vacances-pour-etre-presentes-a-la-reprise","status":"publish","type":"post","link":"https:\/\/www.europesays.com\/fr\/315379\/","title":{"rendered":"Bru souligne l\u2019\u00e9tat d\u2019esprit de deux recrues, qui ont \u00e9court\u00e9 leurs vacances pour \u00eatre pr\u00e9sentes \u00e0 la reprise"},"content":{"rendered":"<p>L\u2019Union Bordeaux-B\u00e8gles a vu son effectif \u00eatre s\u00e9rieusement modifi\u00e9 durant l\u2019intersaison. Apr\u00e8s sa saison historique marqu\u00e9 par un premier titre en Champions Cup et une nouvelle finale de Top 14, le club girondin a perdu plusieurs cadres avec les d\u00e9parts de Guido Petti, Tevita Tatafu, Pete Samu ou encore Mahamadou Diaby. Pour compenser ses pertes, l\u2019UBB s\u2019est activ\u00e9 en coulisses et a attir\u00e9 des pointures, de Jean-Luc Du Preez \u00e0 Cameron Woki en passant par Ga\u00ebtan Barlot.<\/p>\n<p>Pr\u00e9sents lors de la tourn\u00e9e en Nouvelle-Z\u00e9lande, les deux internationaux fran\u00e7ais doivent b\u00e9n\u00e9ficier de quatre semaines de repos, comme la convention le stipule. N\u00e9anmoins, ils ont d\u00e9cid\u00e9 de n\u2019en prendre que trois et de d\u00e9caler la derni\u00e8re plus tard dans la saison, afin d\u2019\u00eatre pr\u00e9sent pour participer au<a href=\"https:\/\/www.quinzemondial.com\/top-14\/ubb-le-club-suit-les-traces-du-stade-toulousain-pour-sa-presaison-817796\" rel=\"nofollow noopener\" target=\"_blank\"> stage de pr\u00e9saison pr\u00e9vue \u00e0 Faro cette semaine,<\/a> au Portugal. Une d\u00e9cision que n\u2019a pas manqu\u00e9 de saluer<a href=\"https:\/\/www.quinzemondial.com\/top-14\/top-14-lubb-et-yannick-bru-vers-un-nouveau-chapitre-817820\" rel=\"nofollow noopener\" target=\"_blank\"> Yannick Bru<\/a> dans les colonnes de <a href=\"https:\/\/www.rugbyrama.fr\/2025\/08\/07\/top-14-yannick-bru-manager-de-lubb-nos-internationaux-ont-pu-recharger-leur-batterie-12865026.php\" rel=\"nofollow noopener\" target=\"_blank\">Midi Olympique. <\/a><\/p>\n<p>\u00ab\u00a0Ils voulaient vraiment participer \u00e0 ce stage qui a vocation \u00e0 \u00eatre fondateur\u00a0\u00bb<\/p>\n<blockquote>\n<p>\u00ab\u00a0Ces deux joueurs, \u00e0 la diff\u00e9rence de la majorit\u00e9 de l\u2019effectif, n\u2019ont pas fait les demies ni la finale puisque Castres s\u2019est arr\u00eat\u00e9 en barrage et que le Racing a \u00e9t\u00e9 \u00e9limin\u00e9 avant la phase finale. Ils avaient donc connu un sas de r\u00e9cup\u00e9ration avant d\u2019int\u00e9grer la tourn\u00e9e de l\u2019\u00e9quipe de France. En ce sens, ce sont des cas particuliers, c\u2019est vrai. Mais finalement, ils sont soumis au m\u00eame r\u00e9gime que les\u00a0Pierre Bochaton,\u00a0Nicolas Depoortere\u00a0ou\u00a0Bastien Vergnes-Taillefer. Ils partiront en stage de pr\u00e9saison avec nous au Portugal dimanche soir. Avec ces deux joueurs, on a voulu avoir un \u00e9change constructif. Ils ont tous les deux d\u00e9cid\u00e9 d\u2019opter pour le syst\u00e8me des \u2018trois semaines plus une\u2019, car ils voulaient vraiment participer \u00e0 ce stage qui a vocation \u00e0 \u00eatre fondateur pour nous. C\u2019est toujours le moment o\u00f9 se construisent beaucoup de choses dans une \u00e9quipe en vue de la prochaine saison\u00a0\u00bb<\/p>\n<\/blockquote>\n<p>Partagez cette info avec vos amis et vos proches en cliquant ici<br \/>Pour r\u00e9sumer<\/p>\n<p>Yannick Bru a expliqu\u00e9 pour Midi Olympique que deux recrues stars de l\u2019Union Bordeaux-B\u00e8gles avaient choisi d\u2019\u00e9courter leurs vacances pour participer au stage de pr\u00e9saison effectu\u00e9 par le club \u00e0 Faro. Cameron Woki et Ga\u00ebtan Barlot b\u00e9n\u00e9ficieront d&rsquo;une semaine suppl\u00e9mentaire plus tard dans la saison.<\/p>\n<p> <img decoding=\"async\" width=\"76\" height=\"76\" loading=\"lazy\" src=\"https:\/\/www.europesays.com\/fr\/wp-content\/uploads\/2025\/04\/avatar-quinze.png\" alt=\"Arnaud D\u00e9chelotte\"\/><\/p>\n","protected":false},"excerpt":{"rendered":"L\u2019Union Bordeaux-B\u00e8gles a vu son effectif \u00eatre s\u00e9rieusement modifi\u00e9 durant l\u2019intersaison. Apr\u00e8s sa saison historique marqu\u00e9 par un&hellip;\n","protected":false},"author":2,"featured_media":315380,"comment_status":"","ping_status":"","sticky":false,"template":"","format":"standard","meta":{"footnotes":""},"categories":[1416],"tags":[1011,27,479,1468,60],"class_list":{"0":"post-315379","1":"post","2":"type-post","3":"status-publish","4":"format-standard","5":"has-post-thumbnail","7":"category-rugby","8":"tag-fr","9":"tag-france","10":"tag-rugby","11":"tag-rugby-football","12":"tag-sports"},"share_on_mastodon":{"url":"https:\/\/pubeurope.com\/@fr\/115019368623968294","error":""},"_links":{"self":[{"href":"https:\/\/www.europesays.com\/fr\/wp-json\/wp\/v2\/posts\/315379","targetHints":{"allow":["GET"]}}],"collection":[{"href":"https:\/\/www.europesays.com\/fr\/wp-json\/wp\/v2\/posts"}],"about":[{"href":"https:\/\/www.europesays.com\/fr\/wp-json\/wp\/v2\/types\/post"}],"author":[{"embeddable":true,"href":"https:\/\/www.europesays.com\/fr\/wp-json\/wp\/v2\/users\/2"}],"replies":[{"embeddable":true,"href":"https:\/\/www.europesays.com\/fr\/wp-json\/wp\/v2\/comments?post=315379"}],"version-history":[{"count":0,"href":"https:\/\/www.europesays.com\/fr\/wp-json\/wp\/v2\/posts\/315379\/revisions"}],"wp:featuredmedia":[{"embeddable":true,"href":"https:\/\/www.europesays.com\/fr\/wp-json\/wp\/v2\/media\/315380"}],"wp:attachment":[{"href":"https:\/\/www.europesays.com\/fr\/wp-json\/wp\/v2\/media?parent=315379"}],"wp:term":[{"taxonomy":"category","embeddable":true,"href":"https:\/\/www.europesays.com\/fr\/wp-json\/wp\/v2\/categories?post=315379"},{"taxonomy":"post_tag","embeddable":true,"href":"https:\/\/www.europesays.com\/fr\/wp-json\/wp\/v2\/tags?post=315379"}],"curies":[{"name":"wp","href":"https:\/\/api.w.org\/{rel}","templated":true}]}}