{"id":315383,"date":"2025-08-13T03:39:10","date_gmt":"2025-08-13T03:39:10","guid":{"rendered":"https:\/\/www.europesays.com\/fr\/315383\/"},"modified":"2025-08-13T03:39:10","modified_gmt":"2025-08-13T03:39:10","slug":"video-motogp-guerre-fratricide-entre-yamaha-et-pramac-lors-dune-partie-de-bowling","status":"publish","type":"post","link":"https:\/\/www.europesays.com\/fr\/315383\/","title":{"rendered":"Vid\u00e9o. MotoGP Guerre fratricide entre Yamaha et Pramac, lors d&rsquo;une partie&#8230;de Bowling !"},"content":{"rendered":"<p>Juste apr\u00e8s le Grand-Prix de R\u00e9publique Tch\u00e8que de MotoGP, au moment du coup d\u2019envoi de la pause estivale, les \u00e9quipes Yamaha ont profit\u00e9 d\u2019une pause bien m\u00e9rit\u00e9e. En effet, le Team officiel et la structure satellite, Pramac, se sont retrouv\u00e9es autour d\u2019une partie de bowling. Et visiblement, le patron de la formation championne en titre y a particuli\u00e8rement brill\u00e9 ! Voici un condens\u00e9 de la partie en question, en vid\u00e9o.<\/p>\n<blockquote class=\"twitter-tweet\">\n<p dir=\"ltr\" lang=\"en\">Bowling in Brno \ud83c\udfb3 It turns out <a href=\"https:\/\/twitter.com\/YamahaMotoGP?ref_src=twsrc%5Etfw\" target=\"_blank\" rel=\"noopener nofollow\">@YamahaMotoGP<\/a> and <a href=\"https:\/\/twitter.com\/pramacracing?ref_src=twsrc%5Etfw\" target=\"_blank\" rel=\"noopener nofollow\">@pramacracing<\/a> team members are competitive no matter what the game is \u2694\ufe0f When is the rematch? \ud83d\uddd3\ufe0f\ud83e\udd14<a href=\"https:\/\/twitter.com\/hashtag\/MonsterYamaha?src=hash&amp;ref_src=twsrc%5Etfw\" target=\"_blank\" rel=\"noopener nofollow\">#MonsterYamaha<\/a> | <a href=\"https:\/\/twitter.com\/hashtag\/YamahaMotoGP?src=hash&amp;ref_src=twsrc%5Etfw\" target=\"_blank\" rel=\"noopener nofollow\">#YamahaMotoGP<\/a> | <a href=\"https:\/\/twitter.com\/hashtag\/YamahaFactoryRacing?src=hash&amp;ref_src=twsrc%5Etfw\" target=\"_blank\" rel=\"noopener nofollow\">#YamahaFactoryRacing<\/a> | <a href=\"https:\/\/twitter.com\/hashtag\/MotoGP?src=hash&amp;ref_src=twsrc%5Etfw\" target=\"_blank\" rel=\"noopener nofollow\">#MotoGP<\/a> | <a href=\"https:\/\/twitter.com\/hashtag\/PrimaPramacRacing?src=hash&amp;ref_src=twsrc%5Etfw\" target=\"_blank\" rel=\"noopener nofollow\">#PrimaPramacRacing<\/a> <a href=\"https:\/\/t.co\/eKTx7CLZeg\" rel=\"nofollow\">pic.twitter.com\/eKTx7CLZeg<\/a><\/p>\n<p>\u2014 Monster Energy Yamaha MotoGP (@YamahaMotoGP) <a href=\"https:\/\/twitter.com\/YamahaMotoGP\/status\/1954135437124972767?ref_src=twsrc%5Etfw\" target=\"_blank\" rel=\"noopener nofollow\">August 9, 2025<\/a><\/p>\n<\/blockquote>\n<p>                                            <img loading=\"lazy\" alt=\"\" class=\"avatar avatar-100 photo lazyload\" height=\"100\" width=\"100\" decoding=\"async\" src=\"https:\/\/www.europesays.com\/fr\/wp-content\/uploads\/2025\/08\/1755056350_521_ffbb894c35ea5189d599d4ea062c98b86ffb67cc602fa683ebcbf422a80fc47a\"  data-eio-rwidth=\"100\" data-eio-rheight=\"100\"\/><\/p>\n<p class=\"h2\">\n                                            Julien Barthet\n                                        <\/p>\n<p>R\u00e9dacteur professionnel, titulaire de la carte de presse pendant 3 ans. Fondateur\/Directeur et R\u00e9dacteur en chef Le Mag Sport Auto et LeMagJeuxHighTech.com.&#13;<br \/>\nEx-Pilote automobile : 55 courses (Formule Ford, F.Campus, Coupe 206 Sprint et Relais, Saxo, Ford Fiesta Allemagne, Mitjet) 1 Victoire. Essais F3, Nascar Euro, Caterham, F.Renault, etc.<\/p>\n<p>                                                                                                                            <a href=\"https:\/\/lemagsportauto.ouest-france.fr\/author\/lmsa_adm\/\" title=\"Julien Barthet\" rel=\"nofollow noopener\" target=\"_blank\"><br \/>\n                                                Voir les publications de l&rsquo;auteur<br \/>\n                                            <\/a><\/p>\n<p>                                <script async src=\"https:\/\/platform.twitter.com\/widgets.js\" charset=\"utf-8\"><\/script><\/p>\n","protected":false},"excerpt":{"rendered":"Juste apr\u00e8s le Grand-Prix de R\u00e9publique Tch\u00e8que de MotoGP, au moment du coup d\u2019envoi de la pause estivale,&hellip;\n","protected":false},"author":2,"featured_media":315384,"comment_status":"","ping_status":"","sticky":false,"template":"","format":"standard","meta":{"footnotes":""},"categories":[1413],"tags":[1011,27,1457,1456,1458,13381,60,4921],"class_list":{"0":"post-315383","1":"post","2":"type-post","3":"status-publish","4":"format-standard","5":"has-post-thumbnail","7":"category-moto","8":"tag-fr","9":"tag-france","10":"tag-moto","11":"tag-motocycle","12":"tag-motogp","13":"tag-pramac","14":"tag-sports","15":"tag-yamaha"},"share_on_mastodon":{"url":"https:\/\/pubeurope.com\/@fr\/115019380520355476","error":""},"_links":{"self":[{"href":"https:\/\/www.europesays.com\/fr\/wp-json\/wp\/v2\/posts\/315383","targetHints":{"allow":["GET"]}}],"collection":[{"href":"https:\/\/www.europesays.com\/fr\/wp-json\/wp\/v2\/posts"}],"about":[{"href":"https:\/\/www.europesays.com\/fr\/wp-json\/wp\/v2\/types\/post"}],"author":[{"embeddable":true,"href":"https:\/\/www.europesays.com\/fr\/wp-json\/wp\/v2\/users\/2"}],"replies":[{"embeddable":true,"href":"https:\/\/www.europesays.com\/fr\/wp-json\/wp\/v2\/comments?post=315383"}],"version-history":[{"count":0,"href":"https:\/\/www.europesays.com\/fr\/wp-json\/wp\/v2\/posts\/315383\/revisions"}],"wp:featuredmedia":[{"embeddable":true,"href":"https:\/\/www.europesays.com\/fr\/wp-json\/wp\/v2\/media\/315384"}],"wp:attachment":[{"href":"https:\/\/www.europesays.com\/fr\/wp-json\/wp\/v2\/media?parent=315383"}],"wp:term":[{"taxonomy":"category","embeddable":true,"href":"https:\/\/www.europesays.com\/fr\/wp-json\/wp\/v2\/categories?post=315383"},{"taxonomy":"post_tag","embeddable":true,"href":"https:\/\/www.europesays.com\/fr\/wp-json\/wp\/v2\/tags?post=315383"}],"curies":[{"name":"wp","href":"https:\/\/api.w.org\/{rel}","templated":true}]}}