{"id":315387,"date":"2025-08-13T03:41:11","date_gmt":"2025-08-13T03:41:11","guid":{"rendered":"https:\/\/www.europesays.com\/fr\/315387\/"},"modified":"2025-08-13T03:41:11","modified_gmt":"2025-08-13T03:41:11","slug":"cyclisme-interview-daniel-mangeas-cest-un-bonheur-de-vous-retrouver-tous","status":"publish","type":"post","link":"https:\/\/www.europesays.com\/fr\/315387\/","title":{"rendered":"Cyclisme. INTERVIEW &#8211; Daniel Mangeas : \u00abC&rsquo;est un bonheur de vous retrouver tous\u00bb"},"content":{"rendered":"<p> Lire la suite de l&rsquo;article&#13;<\/p>\n<p>\u00a0<\/p>\n<p>&#13;<\/p>\n<blockquote class=\"twitter-tweet\" style=\"width:100%!important;max-width:550px!important;min-width:250px;height:500px;\"><p>&#13;<\/p>\n<p dir=\"ltr\" lang=\"fr\">? Victor G\u0337u\u0337e\u0337r\u0337n\u0337a\u0337l\u0337e\u0337c\u0337 Mangeas<\/p>\n<p>Une pens\u00e9e pour Daniel Mangeas avec Victor Guernalec lors de la pr\u00e9sentation de la 7\u00e8me \u00e9tape du Crit\u00e9rium du <a href=\"https:\/\/twitter.com\/dauphine?ref_src=twsrc%5Etfw\" rel=\"nofollow noopener\" target=\"_blank\">@dauphine<\/a>.<\/p>\n<p>? Beno\u00eet Prato <a href=\"https:\/\/t.co\/T3u9ujQ8u9\" rel=\"nofollow\">pic.twitter.com\/T3u9ujQ8u9<\/a><\/p>\n<p>&#13;<br \/>\n\u2014 ARKEA-B&amp;B HOTELS (@arkeabbhotels) <a href=\"https:\/\/twitter.com\/arkeabbhotels\/status\/1933827962878480503?ref_src=twsrc%5Etfw\" rel=\"nofollow noopener\" target=\"_blank\">June 14, 2025<\/a><\/p><\/blockquote>\n<p>&#13;<br \/>\n&#13;<\/p>\n<p>\u00a0<\/p>\n<p>&#13;<br \/>\n\u00ab\u00a0Une renaissance&#8230; je me dis que le plus dur est derri\u00e8re moi\u00a0\u00bb&#13;<\/p>\n<p><strong>Bonjour Daniel ! C&rsquo;est le grand retour de la chronique Mangeas, c&rsquo;est \u00e7a ?<\/strong><\/p>\n<p>&#13;<\/p>\n<p>Oui, pour le moment, et \u00e7a prouve que je suis sur le bon chemin. Cela\u00a0pouvait s&rsquo;av\u00e9rer un peu compliqu\u00e9, mais maintenant les choses \u00e9voluent dans le bon sens et c&rsquo;est tant mieux. Parce que j&rsquo;ai le bonheur de retrouver les amis, toute ma famille cycliste, et donc \u00e0 partir de l\u00e0, je me dis que le plus dur est derri\u00e8re moi.<\/p>\n<p>&#13;<\/p>\n<p>\u00a0<\/p>\n<p>&#13;<\/p>\n<p><strong>\u00c7a tombe bien, parce que ta course, la Polynormande, arrive ce dimanche. Si je te dis que c&rsquo;est une renaissance ?<\/strong><\/p>\n<p>&#13;<\/p>\n<p>Je pourrais le consid\u00e9rer comme tel. Parce que c&rsquo;est vrai que l\u00e0 d&rsquo;o\u00f9 je viens, apr\u00e8s un AVC aphasique, c&rsquo;est-\u00e0-dire avec un trouble du langage, pour un speaker c&rsquo;est assez compliqu\u00e9&#8230; Donc j&rsquo;avais une sorte de challenge pour essayer de revenir \u00e0 un tr\u00e8s bon niveau et retrouver de bonnes sensations. J\u2019avais ce d\u00e9fi dans la t\u00eate : \u201cJe veux revenir \u00e0 la Polynormande\u201d.\u00a0C\u2019\u00e9tait un moteur, une motivation. Et\u00a0je crois que le fait m\u00eame de la pr\u00e9parer et d&rsquo;envisager de la faire, \u00e7a m\u2019a d\u00e9j\u00e0 \u00e9norm\u00e9ment aid\u00e9.<\/p>\n<p>&#13;<\/p>\n<p>\u00a0<\/p>\n<p>&#13;<br \/>\n\u00ab\u00a0Des moments difficiles, de doute&#8230; je n&rsquo;arrivais pas \u00e0 m&rsquo;exprimer, impossible d&rsquo;aligner deux mots\u00a0\u00bb&#13;<\/p>\n<p><strong>Tu as t\u00e9moign\u00e9 dans la presse \u00e9crite ces derni\u00e8res semaines, mais c\u2019est la premi\u00e8re fois que tu fais une interview en vid\u00e9o. Merci \u00e0 toi, <strong>notre chroniqueur,\u00a0<\/strong>pour ta confiance \u00e0 Cyclism&rsquo;Actu. Mais on ne se rend pas vraiment compte : par o\u00f9 tu en es pass\u00e9 pour \u00eatre de retour ?<\/strong><\/p>\n<p>&#13;<\/p>\n<p>Je me dis\u00a0aujourd&rsquo;hui que la vie est belle, parce que je suis pass\u00e9 par des moments difficiles, des moments de doute. Je n&rsquo;arrivais pas \u00e0 m&rsquo;exprimer, c&rsquo;\u00e9tait impossible de mettre un mot derri\u00e8re l&rsquo;autre, devant l&rsquo;autre. Et \u00e7a a \u00e9t\u00e9 un moment o\u00f9 j&rsquo;avais envie de retrouver mes amis d\u00e9j\u00e0, j&rsquo;avais envie de retrouver toute la famille cycliste, tous mes copains, etc. Je me disais : \u00ab\u00a0Je vais y arriver, je vais y arriver\u00a0\u00bb. Et puis il y a eu Le Normandy,\u00a0 qui est un \u00e9tablissement sp\u00e9cialis\u00e9 qui est \u00e0 Granville, c&rsquo;est l\u00e0 qu&rsquo;\u00e9tait Jean-Paul Belmondo d&rsquo;ailleurs, il y a quelques mois de cela. Il y a eu un beau soutien de la part des m\u00e9decins, des infirmiers, et c&rsquo;est revenu progressivement, \u00e7a s&rsquo;est remis en place. \u00c0 un moment je me suis dit \u00ab\u00a0Tiens, je trouve un mot nouveau\u00a0\u00bb. Cela n&rsquo;a pas encore \u00e9volu\u00e9 \u00e0 100%, mais \u00e7a va \u00eatre un challenge, et je constate que l&rsquo;envie d&rsquo;y parvenir me mobilise pleinement, elle me pousse chaque jour.<\/p>\n<p>&#13;<\/p>\n<p>\u00a0<\/p>\n<p>&#13;<\/p>\n<p><strong>On sait que la famille mangeas est tr\u00e8s unie, mais tu m&rsquo;as dit aussi pendant ces mois de convalescence que tu as \u00e9t\u00e9 quand m\u00eame agr\u00e9ablement surpris du soutien de la famille du v\u00e9lo. Tu savais que tu \u00e9tais appr\u00e9ci\u00e9, aim\u00e9, mais tu as \u00e9t\u00e9 surpris par certains messages de certaines personnes. Tout \u00e7a, \u00e7a t&rsquo;a touch\u00e9 ?<\/strong><\/p>\n<p>&#13;<\/p>\n<p>Oui, et \u00e7a m\u2019a beaucoup touch\u00e9, \u00e7a m&rsquo;a motiv\u00e9 en quelque sorte, je me suis dit que j&rsquo;avais envie de revenir. Bon c&rsquo;\u00e9tait compliqu\u00e9, ce n&rsquo;\u00e9tait pas aussi simple. Et puis je suis all\u00e9 voir le Crit\u00e9rium de Lisieux, et l\u00e0 j&rsquo;ai constat\u00e9 que l&rsquo;encha\u00eenement des phrases \u00e9tait beaucoup moins fluide que pr\u00e9c\u00e9demment, mais que les choses revenaient, se remettaient en place. Et j&rsquo;ai vu le bonheur qu&rsquo;il y avait autour de moi. Paul Lapeira est venu et m&rsquo;a offert son maillot de champion de France, il avait envie de me voir, donc \u00e7a a \u00e9t\u00e9 un moment de bonheur. Et puis j&rsquo;ai vu aussi K\u00e9vin Vauquelin, qui m&rsquo;a accompagn\u00e9, qui m&rsquo;a souhait\u00e9 \u00e9videmment de revenir au plus haut niveau. Donc tout se remet progressivement en place, mais o\u00f9 je suis le plus satisfait, c&rsquo;est qu&rsquo;il y a des automatismes qui reviennent en permanence. Je crois que le sport cycliste et l&rsquo;amour du v\u00e9lo que j&rsquo;ai me permettent de reprendre des positions qui deviennent au fur et \u00e0 mesure tr\u00e8s favorables.<\/p>\n<p>&#13;<\/p>\n<p>\u00a0<\/p>\n<p>&#13;<\/p>\n<blockquote class=\"twitter-tweet\" style=\"width:100%!important;max-width:550px!important;min-width:250px;height:500px;\"><p>&#13;<\/p>\n<p dir=\"ltr\" lang=\"fr\">Daniel Mangeas va mieux et est de retour sur Cyclism\u2019Actu !?<\/p>\n<p>\u00ab Le v\u00e9lo, partout &amp; toujours ici \u00bb, sur <a href=\"https:\/\/t.co\/ezYOVuxnQg\" rel=\"nofollow\">https:\/\/t.co\/ezYOVuxnQg<\/a>?\u200d\u2642\ufe0f<a href=\"https:\/\/twitter.com\/hashtag\/Mangeas?src=hash&amp;ref_src=twsrc%5Etfw\" rel=\"nofollow noopener\" target=\"_blank\">#Mangeas<\/a> <a href=\"https:\/\/twitter.com\/hashtag\/DanielMangeas?src=hash&amp;ref_src=twsrc%5Etfw\" rel=\"nofollow noopener\" target=\"_blank\">#DanielMangeas<\/a> <a href=\"https:\/\/twitter.com\/hashtag\/cyclisme?src=hash&amp;ref_src=twsrc%5Etfw\" rel=\"nofollow noopener\" target=\"_blank\">#cyclisme<\/a> <a href=\"https:\/\/twitter.com\/hashtag\/cycling?src=hash&amp;ref_src=twsrc%5Etfw\" rel=\"nofollow noopener\" target=\"_blank\">#cycling<\/a> <a href=\"https:\/\/twitter.com\/hashtag\/cyclismactu?src=hash&amp;ref_src=twsrc%5Etfw\" rel=\"nofollow noopener\" target=\"_blank\">#cyclismactu<\/a> <a href=\"https:\/\/t.co\/obee4eDsv1\" rel=\"nofollow\">pic.twitter.com\/obee4eDsv1<\/a><\/p>\n<p>&#13;<br \/>\n\u2014 Cyclism&rsquo;Actu (@cyclismactu) <a href=\"https:\/\/twitter.com\/cyclismactu\/status\/1955314479383597208?ref_src=twsrc%5Etfw\" rel=\"nofollow noopener\" target=\"_blank\">August 12, 2025<\/a><\/p><\/blockquote>\n<p>&#13;<br \/>\n&#13;<\/p>\n<p>\u00a0<\/p>\n<p>&#13;<br \/>\n\u00ab\u00a0Finalement, je me suis aper\u00e7u que la vie valait d&rsquo;\u00eatre v\u00e9cue\u00a0\u00bb&#13;<\/p>\n<p><strong>Derni\u00e8re question avant d&rsquo;aborder le c\u00f4t\u00e9 sport et ton analyse de ce qui s&rsquo;est pass\u00e9 depuis des mois dans le v\u00e9lo. Est-ce que \u00e7a ne serait pas un nouveau Daniel Mangeas qui revient ?<\/strong><\/p>\n<p>&#13;<\/p>\n<p>D\u00e9j\u00e0, il faut savoir comment je vais pouvoir ma\u00eetriser la situation pr\u00e9sente, et puis je ne vais pas me mettre martel en t\u00eate. Je sais que \u00e7a va \u00eatre compliqu\u00e9, \u00e7a va \u00eatre long, \u00e7a va \u00eatre difficile, \u00e0 moins qu&rsquo;il y ait une m\u00e9tamorphose et que les choses \u00e9voluent. Mais le bonheur que j&rsquo;ai, c&rsquo;est de voir que les progr\u00e8s sont \u00e9normes et sont tr\u00e8s sensibles. Finalement, je me suis aper\u00e7u que la vie valait d&rsquo;\u00eatre v\u00e9cue, et \u00e0 partir de l\u00e0, je ne vais pas me mettre martel en t\u00eate, je vais faire les choses convenablement, et si progressivement, les choses \u00e9voluent dans le bon sens, j&rsquo;aurai du bonheur, bien \u00e9videmment, \u00e0 retrouver mes amis, qui sont les amis du v\u00e9lo.<\/p>\n<p>&#13;<\/p>\n<p>Comment je pourrais dire et expliquer cela ? Il y a plus de 50 ans de micro, donc il y a \u00e9videmment une sorte d&rsquo;intimit\u00e9 qui s&rsquo;\u00e9tablit. Je fais partie, si tu veux, de cette famille cycliste, et elle me l&rsquo;a bien rendu, comme tu le disais tout \u00e0 l&rsquo;heure. J&rsquo;ai eu beaucoup de moments d&rsquo;\u00e9motion, \u00e0 lire un papier, \u00e0 avoir des messages de sympathie, et tout cela m&rsquo;a \u00e9videmment \u00e9norm\u00e9ment touch\u00e9. Tu vas mettre cela comme tu veux, dans l&rsquo;ordre o\u00f9 tu veux, mais \u00e7a a \u00e9t\u00e9 un vrai moment de bonheur.<\/p>\n<p>&#13;<\/p>\n<p>\u00a0<\/p>\n<p>&#13;<br \/>\n\u00ab\u00a0Je croise les doigts pour dimanche, pour la Polynormande\u00a0\u00bb&#13;<\/p>\n<p><strong>On ne va rien toucher, parce qu&rsquo;on adore t&rsquo;\u00e9couter. C&rsquo;est un plaisir de t&rsquo;entendre, et pour un vieux bougre, on reconna\u00eet bien ta voix, et tu parles toujours aussi bien, ne t&rsquo;inqui\u00e8te pas.<\/strong><\/p>\n<p>&#13;<\/p>\n<p>Je ne sais pas, mais je croise les doigts pour dimanche, pour la Polynormande. Je sais que Damien Martin sera l\u00e0, et \u00e9galement mon fr\u00e8re Herv\u00e9, donc je ne travaillerai pas sans filet, et \u00e7a, \u00e7a va me rassurer quelque part.<\/p>\n<p>&#13;<\/p>\n<p>\u00a0<\/p>\n<p>&#13;<\/p>\n<p><strong>Passons maintenant au c\u00f4t\u00e9 sport, on a envie d&rsquo;avoir \u00e0 nouveau ton analyse sur ce qu&rsquo;il s&rsquo;est pass\u00e9 ces derniers mois. On va commencer \u00e9videmment\u00a0avec le plus r\u00e9cent, c&rsquo;est bien s\u00fbr la victoire de Pauline Ferrand-Pr\u00e9vot sur le Tour de France Femmes. Toi qui t&rsquo;es battu pour retrouver tes mots ces derniers mois, justement, est-ce que tu en aurais un pour \u00e9voquer cette victoire de PFP sur le Tour de France Femmes ?<\/strong><\/p>\n<p>&#13;<\/p>\n<p>Pour moi, elle a \u00e9t\u00e9 ph\u00e9nom\u00e9nale. Je me souviens d\u00e9j\u00e0 d&rsquo;elle, elle avait 17 ans, elle \u00e9tait championne de France cadette, elle disputait la Polynormande chez les cadets. J&rsquo;avais vu ce petit bout de femme, elle avait d\u00e9j\u00e0 du temp\u00e9rament, parce qu&rsquo;elle avait termin\u00e9 carr\u00e9ment parmi les meilleures avec les cadets. Et je me suis dit quand je me suis install\u00e9 devant mon \u00e9cran de t\u00e9l\u00e9vision : \u00ab\u00a0Ah, pourvu qu&rsquo;elle r\u00e9ussisse !\u00a0\u00bb, parce que je la connais un tout petit peu, elle a son caract\u00e8re, elle est extr\u00eamement charmante. Elle savait, elle voulait, elle s&rsquo;\u00e9tait lanc\u00e9e ce challenge, elle avait v\u00e9ritablement envie de se tester sur le Tour de France.<\/p>\n<p>&#13;<\/p>\n<p>Et puis l\u00e0, comme je le disais tout \u00e0 l&rsquo;heure, c&rsquo;est ph\u00e9nom\u00e9nal, parce qu&rsquo;elle a obtenu ce titre. Elle a \u00e9t\u00e9 championne olympique, elle a \u00e9t\u00e9 championne du monde, multiple championne du monde, elle se trace des objectifs, elle a envie de les atteindre, et c&rsquo;est une tr\u00e8s tr\u00e8s grande championne. Pour moi c&rsquo;est le mot, elle est absolument ph\u00e9nom\u00e9nale.<\/p>\n<p>&#13;<\/p>\n<p>\u00a0<\/p>\n<p>&#13;<\/p>\n<p><strong>Toi qui es un peu la bible du v\u00e9lo fran\u00e7ais, o\u00f9 est-ce que tu places cet exploit dans l&rsquo;histoire du cyclisme fran\u00e7ais, voire du sport fran\u00e7ais ?<\/strong><\/p>\n<p>&#13;<\/p>\n<p>Tr\u00e8s haut. Elle repr\u00e9sente une \u00e9volution majeure du cyclisme f\u00e9minin. On a vu l&rsquo;\u00e9volution du Tour de France, les femmes se sont \u00ab\u00a0rapproch\u00e9es\u00a0\u00bb des hommes. Je l&rsquo;ai vu quand j&rsquo;\u00e9tais en convalescence, on parlait \u00e0 chaque fois dans le milieu m\u00e9dical de Pauline Ferrand-Pr\u00e9vot. Et l\u00e0 je me suis dit qu&rsquo;elle a r\u00e9ussi \u00e0 franchir un pas, elle est devenue une championne \u00e0 part enti\u00e8re, et \u00e7a c&rsquo;est quelque chose. On sait qu&rsquo;elle avait cette sensibilit\u00e9, elle a \u00e9t\u00e9 porte-drapeau au moment des Jeux Olympiques, \u00e7a a \u00e9t\u00e9 quelque chose bien \u00e9videmment de fort. Et l\u00e0 elle a toute la notori\u00e9t\u00e9 qui accompagne tout cela. Elle a 33 ans, mais je crois qu&rsquo;elle n&rsquo;a pas fini de faire parler d&rsquo;elle.<\/p>\n<p>&#13;<\/p>\n<p>\u00a0<\/p>\n<p>&#13;<\/p>\n<p><strong>Justement, d&rsquo;un point de vue g\u00e9n\u00e9ral, le cyclisme f\u00e9minin a \u00e9norm\u00e9ment \u00e9volu\u00e9 ces derni\u00e8res ann\u00e9es, notamment avec l&rsquo;arriv\u00e9e du Tour de France Femmes, quel regard tu portes l\u00e0-dessus, sur cette \u00e9volution qui a \u00e9t\u00e9 assez r\u00e9cente et tr\u00e8s rapide ?<\/strong><\/p>\n<p>&#13;<\/p>\n<p>Le Tour de France, je l&rsquo;ai connu avec Jeannie Longo, avec Maria Canins, mais \u00e0 l&rsquo;\u00e9poque le Tour de France se d\u00e9roulait en prologue des hommes, donc \u00e0 partir de l\u00e0, on n&rsquo;avait pas de rep\u00e8re, on se disait : \u00ab\u00a0Est-ce que le cyclisme f\u00e9minin va avoir autant de notori\u00e9t\u00e9 que les hommes ou non ?\u00a0\u00bb. Aujourd\u2019hui, les femmes ne courent plus \u00ab\u00a0en prologue\u00a0\u00bb des hommes. Elles ont leur propre Tour, leur propre parcours, leur propre public, et c&rsquo;est \u00e9videmment ce qui a tout chang\u00e9.\u00a0Elles sont capables de mesurer la notori\u00e9t\u00e9 qui est la leur d\u00e9sormais.<\/p>\n<p>&#13;<\/p>\n<p>\u00a0<\/p>\n<p>&#13;<\/p>\n<p><strong>Et la suite, tu la vois comment du coup pour le cyclisme f\u00e9minin ?<\/strong><\/p>\n<p>&#13;<\/p>\n<p>Je crois que leur progression va continuer. D&rsquo;autant plus qu&rsquo;on a une championne exceptionnelle, donc on va prendre rendez-vous pour 2026. Je pense que les femmes ont trac\u00e9 leur sillon, elles l&rsquo;ont parfaitement r\u00e9ussi, et c&rsquo;est un vrai bonheur.\u00a0Elles le m\u00e9ritent tellement, j&rsquo;ai rarement vu une femmes abandonner.\u00a0Elles sont r\u00e9sistantes, volontaires, admirables. Elles veulent aller jusqu&rsquo;au bout, et vraiment j&rsquo;ai beaucoup beaucoup d&rsquo;admiration pour elles.<\/p>\n<p>&#13;<\/p>\n<p>\u00a0<\/p>\n<p>&#13;<\/p>\n<p><strong>On a l&rsquo;impression que le cyclisme f\u00e9minin, dans le sport f\u00e9minin, a d\u00e9pass\u00e9 aujourd&rsquo;hui le foot f\u00e9minin, le rugby f\u00e9minin, tu n&rsquo;as pas cette impression-l\u00e0 aussi ?<\/strong><\/p>\n<p>&#13;<\/p>\n<p>Si, absolument, je m&rsquo;\u00e9tais fait justement cette r\u00e9flexion-l\u00e0, en disant que le sport cycliste, c&rsquo;est vrai, a plus de notori\u00e9t\u00e9. On ne va pas \u00e9videmment comparer\u00a0telle discipline par rapport \u00e0 une autre. Mais c&rsquo;est vrai que le cyclisme, il y a \u00e9videmment toute la mani\u00e8re d&rsquo;\u00eatre, de voir les concurrentes aller jusqu&rsquo;au bout pour r\u00e9ussir \u00e0 obtenir le meilleur classement possible, et l\u00e0, c&rsquo;est vrai que le cyclisme femme est devenu tr\u00e8s tr\u00e8s important. Cela pourrait se rapprocher du tennis, et c&rsquo;est \u00e9videmment tout le mal que je leur souhaite.<\/p>\n<p>&#13;<\/p>\n<p>\u00a0<\/p>\n<p>&#13;<\/p>\n<p><strong>Christian Prudhomme nous avait dit sur Cyclism&rsquo;Actu pendant le Tour de France, que le prochain vainqueur fran\u00e7ais du Tour serait une femme. Et l&rsquo;ami Prudhomme avait vu juste&#8230;<\/strong><\/p>\n<p>&#13;<\/p>\n<p>Oui, il avait vu juste, mais je ne suis pas surpris de \u00e7a. Moi, ce que je dis, ce qui a \u00e9t\u00e9 tr\u00e8s bien pour Christian Prudhomme, c&rsquo;est qu&rsquo;il a eu une sorte de challenge. Je le disais tout \u00e0 l&rsquo;heure, c&rsquo;est qu&rsquo;auparavant, le Tour de France Femmes \u00e9tait en prologue des hommes, alors que l\u00e0, ce n&rsquo;est plus le cas, les femmes sont bien pr\u00e9sentes, et je crois que Christian doit savourer cela.<\/p>\n<p>&#13;<\/p>\n<p>\u00a0<\/p>\n<p>&#13;<\/p>\n<blockquote class=\"twitter-tweet\" style=\"width:100%!important;max-width:550px!important;min-width:250px;height:500px;\"><p>&#13;<\/p>\n<p dir=\"ltr\" lang=\"fr\">Daniel Mangeas, son premier souvenir avec Bernard Hinault\u2026 Le blaireau a f\u00eat\u00e9 ses 70 ans !??\u200d\u2642\ufe0f<\/p>\n<p>\u00ab Le v\u00e9lo, partout &amp; toujours ici \u00bb, sur <a href=\"https:\/\/t.co\/ezYOVuxnQg\" rel=\"nofollow\">https:\/\/t.co\/ezYOVuxnQg<\/a><a href=\"https:\/\/twitter.com\/hashtag\/CyclismActu?src=hash&amp;ref_src=twsrc%5Etfw\" rel=\"nofollow noopener\" target=\"_blank\">#CyclismActu<\/a> <a href=\"https:\/\/twitter.com\/hashtag\/Mangeas?src=hash&amp;ref_src=twsrc%5Etfw\" rel=\"nofollow noopener\" target=\"_blank\">#Mangeas<\/a> <a href=\"https:\/\/twitter.com\/hashtag\/DanielMangeas?src=hash&amp;ref_src=twsrc%5Etfw\" rel=\"nofollow noopener\" target=\"_blank\">#DanielMangeas<\/a> <a href=\"https:\/\/twitter.com\/hashtag\/Hinault?src=hash&amp;ref_src=twsrc%5Etfw\" rel=\"nofollow noopener\" target=\"_blank\">#Hinault<\/a> <a href=\"https:\/\/twitter.com\/hashtag\/BernardHinault?src=hash&amp;ref_src=twsrc%5Etfw\" rel=\"nofollow noopener\" target=\"_blank\">#BernardHinault<\/a> <a href=\"https:\/\/twitter.com\/hashtag\/cyclisme?src=hash&amp;ref_src=twsrc%5Etfw\" rel=\"nofollow noopener\" target=\"_blank\">#cyclisme<\/a> <a href=\"https:\/\/t.co\/JFphT4Wt2o\" rel=\"nofollow\">pic.twitter.com\/JFphT4Wt2o<\/a><\/p>\n<p>&#13;<br \/>\n\u2014 Cyclism&rsquo;Actu (@cyclismactu) <a href=\"https:\/\/twitter.com\/cyclismactu\/status\/1857506237606187061?ref_src=twsrc%5Etfw\" rel=\"nofollow noopener\" target=\"_blank\">November 15, 2024<\/a><\/p><\/blockquote>\n<p>&#13;<br \/>\n&#13;<\/p>\n<p>\u00a0<\/p>\n<p>&#13;<\/p>\n<p><strong>On a parl\u00e9 des dames, parlons un petit peu des hommes quand m\u00eame, et comment ne pas \u00e9voquer avec toi la \u00ab\u00a0K\u00e9vin Vauquelin-mania\u00a0\u00bb pendant ce Tour de France, \u00e9videmment, le coureur de ta Normandie. Comment tu as v\u00e9cu de chez toi cette effervescence, surtout que le Tour de France est pass\u00e9 par la Normandie ?<\/strong><\/p>\n<p>&#13;<\/p>\n<p>Cela m&rsquo;a remis dans le jeu, en quelque sorte. Je connais tr\u00e8s bien K\u00e9vin, je l&rsquo;ai vu passer une \u00e9tape, encore une deuxi\u00e8me, et l\u00e0, je me suis remis vraiment psychologiquement en rythme avec le sport cycliste. K\u00e9vin, je le sentais arriver bien \u00e9videmment, parce qu&rsquo;il y a eu le Tour de Suisse, o\u00f9 il a termin\u00e9 deuxi\u00e8me, la Fl\u00e8che Wallonne. Je le sentais arriver, K\u00e9vin. Et il a \u00e9t\u00e9 courageux, il a \u00e9t\u00e9 jusqu&rsquo;au bout, il n&rsquo;a pas renonc\u00e9. Il a \u00e9t\u00e9 dans le courage, et en m\u00eame temps, besoigneux, c&rsquo;est-\u00e0-dire qu&rsquo;il avait envie, il ne l\u00e2chait absolument rien. D&rsquo;ailleurs, le public l&rsquo;a remarqu\u00e9, puisqu&rsquo;il a re\u00e7u une formidable clameur qui a accompagn\u00e9 ses performances. Et puis petit clin d&rsquo;\u0153il pour les parents : ils avaient une vraie passion du sport cycliste, et on peut dire que leur fils leur a permis justement de savourer des vrais moments de bonheur.<\/p>\n<p>&#13;<\/p>\n<p>\u00a0<\/p>\n<p>&#13;<\/p>\n<p><strong>Le Tour de France Homme a aussi \u00e9t\u00e9 marqu\u00e9 par un grand champion qui est Tadej Pogacar, son quatri\u00e8me succ\u00e8s sur le Tour. Mais il a aussi eu quelques d\u00e9clarations qui ont fait parler, notamment sur une certaine lassitude qu&rsquo;il aurait au niveau de sa carri\u00e8re, il \u00e9voquait d\u00e9j\u00e0 penser \u00e0 la retraite dans quelques ann\u00e9es. Toi qui as connu des grands champions \u00e0 l&rsquo;\u00e9poque <strong>comme Eddy Merckx, comme Bernard Hinault<\/strong>, qu&rsquo;est-ce que tu en penses ? Est-ce qu&rsquo;ils ont aussi \u00e9prouv\u00e9, \u00e0 un moment donn\u00e9, cette lassitude ? Et surtout, aussi jeune, parce qu&rsquo;on le rappelle que Pogacar n&rsquo;a que 26 ans.<\/strong><\/p>\n<p>&#13;<\/p>\n<p>Oui, c&rsquo;est vrai. Eddy Merckx, c&rsquo;\u00e9tait un formidable challenger. Il voulait, et comme on dit, c&rsquo;\u00e9tait le cannibale. C&rsquo;est-\u00e0-dire qu&rsquo;il voulait manger absolument tout. C&rsquo;\u00e9tait, chez lui, quelque chose de fort. Alors que l\u00e0, d&rsquo;apr\u00e8s les d\u00e9clarations de Pogacar, c&rsquo;est vrai que cette lassitude peut se ressentir. Il y a une pression \u00e9norme. Il y a plus de pression, je pense, aujourd&rsquo;hui, avec, \u00e9videmment, les int\u00e9r\u00eats financiers, etc&#8230; Et puis, on voit, quand on regarde le nombre de coureurs du Tour de France. Moi, j&rsquo;ai comment\u00e9 le Tour en 77. Il y avait moins de 100 coureurs au d\u00e9part du Tour. Alors qu&rsquo;aujourd&rsquo;hui, les choses ont \u00e9volu\u00e9, \u00e9videmment, de mani\u00e8re tr\u00e8s sensible. Les coureurs sont performants et calculent au millim\u00e8tre pr\u00e8s l&rsquo;effort, etc&#8230;<\/p>\n<p>&#13;<\/p>\n<p>Donc, il y a une sorte de hi\u00e9rarchie, mais qui est tr\u00e8s, tr\u00e8s fragile. Et \u00e7a peut s&rsquo;arr\u00eater n&rsquo;importe quand. L\u00e0, ce n&rsquo;est pas le cas, avec \u00e9videmment Tadej Pogacar, qui a \u00e9t\u00e9 un immense champion, et qui est encore un immense champion. Moi, la premi\u00e8re fois que je l&rsquo;ai connu, c&rsquo;\u00e9tait \u00e0 Plumelec, il avait termin\u00e9 troisi\u00e8me des championnats d&rsquo;Europe Juniors, en 2016. Et c&rsquo;est l\u00e0 que je l&rsquo;avais vraiment vu, puisqu&rsquo;il avait \u00e9t\u00e9 tr\u00e8s actif dans le parcours. J&rsquo;avais coch\u00e9 son nom et puis j&rsquo;avais dit : \u00ab\u00a0Celui-l\u00e0, on va en entendre parler\u00a0\u00bb. Mais de l\u00e0 \u00e0 ce qu&rsquo;il soit aussi efficace que ce qu&rsquo;il est actuellement&#8230;<\/p>\n<p>&#13;<\/p>\n<p>Pour reparler de la lassitude, je ne vais pas dire qu&rsquo;il s&rsquo;ennuie un petit peu, parce qu&rsquo;il a des performances qui sont absolument magistrales. Mais je pense qu&rsquo;il va se remettre dans le bain, parce qu&rsquo;une ann\u00e9e ne fait pas l&rsquo;autre. Et je crois qu&rsquo;il va se remotiver, parce que c&rsquo;est un immense champion et la motivation est toujours tr\u00e8s pr\u00e9sente chez les champions.<\/p>\n<p>&#13;<\/p>\n<p>\u00a0<\/p>\n<p>&#13;<\/p>\n<p><strong>Tu as parl\u00e9 du fait d&rsquo;avoir coch\u00e9 le nom de Tadej Pogacar tr\u00e8s, tr\u00e8s t\u00f4t. Il y en a un que beaucoup de fans fran\u00e7ais ont coch\u00e9 depuis d\u00e9j\u00e0 quelques temps, et qui fait beaucoup parler parmi les jeunes coureurs fran\u00e7ais, c&rsquo;est \u00e9videmment Paul Sexas, qui est un peu la p\u00e9pite du cyclisme tricolore que tout le monde attend. Toi, tu en penses quoi de Paul Sexas ? Tu l&rsquo;as d\u00e9j\u00e0 vu, tu l&rsquo;as d\u00e9j\u00e0 c\u00f4toy\u00e9 ?<\/strong><\/p>\n<p>&#13;<\/p>\n<p>Paul Sexas, je l&rsquo;avais rencontr\u00e9 parce qu&rsquo;il avait de la famille \u00e0 Redon, et il \u00e9tait venu faire la Polynormande chez les Cadets, et il avait obtenu une belle performance. La Polynormande, il n&rsquo;y a qu&rsquo;un seul coureur qui l&rsquo;a gagn\u00e9e deux fois, et il va faire ses adieux \u00e0 la fin du mois d&rsquo;ao\u00fbt, c&rsquo;est Anthony Delaplace, qui s&rsquo;\u00e9tait impos\u00e9 chez les Cadets, puis dans la cat\u00e9gorie Elite. Et j&rsquo;avais \u00e9t\u00e9 aller voir Paul Sexas, et je lui avais dit : \u00ab\u00a0Tu es champion de France cadets, tu as de belles performances en devenir, ce serait bien que tu r\u00e9ussisses \u00e0 faire le doubl\u00e9\u00a0\u00bb. Bon, pour l&rsquo;instant, ce n&rsquo;est pas le cas, mais oui, je l&rsquo;avais rencontr\u00e9, et il \u00e9tait tr\u00e8s avenant, tr\u00e8s sympathique. Et puis, c&rsquo;est vrai que je pense qu&rsquo;il va \u00eatre regard\u00e9 avec une loupe dans les mois et dans les semaines qui viennent, puisque chacun a envie raisonnablement d&rsquo;attirer celui qui devrait \u00eatre une formidable p\u00e9pite.<\/p>\n<p>&#13;<\/p>\n<p>\u00a0<\/p>\n<p>&#13;<br \/>\n\u00ab\u00a0Mon ange gardien n&rsquo;a pas voulu que je parte cette ann\u00e9e\u00a0\u00bb&#13;<\/p>\n<p><strong>Il nous reste quelques minutes pour finir cette chronique sur Cyclism&rsquo;Actu. C&rsquo;\u00e9tait au final un bon entra\u00eenement, tu es pr\u00eat pour dimanche et la Polynormande ! Pour conclure, quel serait le message que tu aurais \u00e0 donner \u00e0 ceux qui vont te regarder et t&rsquo;\u00e9couter ?<\/strong><\/p>\n<p>&#13;<\/p>\n<p>Je voudrais leur dire que j&rsquo;esp\u00e8re qu&rsquo;ils auront pour moi beaucoup d&#8217;empathie, parce que \u00e7a va \u00eatre compliqu\u00e9. Heureusement, comme je l&rsquo;ai dit, il y a Damien et mon fr\u00e8re Herv\u00e9. Mais j&rsquo;avais envie de reprendre \u00e0 la Polynormande. Tu sais, c&rsquo;est une course que j&rsquo;anime depuis 1965. J&rsquo;avais 16 ans et Henri Anglade \u00e9tait devenu champion de France, c&rsquo;\u00e9tait mon idole. Il avait gagn\u00e9 devant Raymond Poulidor et Jacques Anquetil, sacr\u00e9 podium. Et le jour o\u00f9 j&rsquo;ai comment\u00e9 cette course-l\u00e0, c&rsquo;est la premi\u00e8re fois que je prenais le micro. Donc, \u00e7a a \u00e9t\u00e9 un moment tr\u00e8s, tr\u00e8s fort, parce que mon idole, Henri Anglade, \u00e9tait champion de France et j&rsquo;ai eu le bonheur d&rsquo;annoncer sa victoire sur les routes de ce championnat de France. J&rsquo;avais 16 ans et c&rsquo;\u00e9tait le premier bonheur que j&rsquo;ai pu rencontrer.<\/p>\n<p>&#13;<\/p>\n<p>Et puis, pour r\u00e9pondre \u00e0 ta question, tu vois que la m\u00e9moire commence \u00e0 revenir progressivement, j&rsquo;esp\u00e8re, comme je l&rsquo;ai dit tout \u00e0 l&rsquo;heure, que les spectateurs ne seront pas trop exigeants avec moi si je fais quelques petites erreurs. Parce que je repars de z\u00e9ro, il y a quelques semaines, j&rsquo;avais des difficult\u00e9s \u00e0 m&rsquo;exprimer, beaucoup plus qu&rsquo;aujourd&rsquo;hui. Je dis toujours que dans ma vie, j&rsquo;ai toujours eu un ange gardien, et je crois qu&rsquo;il n&rsquo;a pas voulu que je parte cette ann\u00e9e et que je puisse vivre encore beaucoup de moments de bonheur.<\/p>\n<p>&#13;<\/p>\n<p>\u00a0<\/p>\n<p>&#13;<br \/>\n\u00ab\u00a0C&rsquo;est s\u00fbrement gr\u00e2ce \u00e0 vous que j&rsquo;ai pu retrouver le micro progressivement&#8230; et le meilleur est \u00e0 venir\u00a0\u00bb&#13;<\/p>\n<p><strong>Merci Daniel, et comme j&rsquo;ai pu te le dire par t\u00e9l\u00e9phone l&rsquo;autre jour : continue \u00e0 nous emmerder !<\/strong><\/p>\n<p>&#13;<\/p>\n<p>Ce n&rsquo;est pas fini ! Je suis un emmerdeur, je le sais tr\u00e8s bien. Je voulais juste terminer avec un message. C&rsquo;est vraiment un vrai bonheur de vous retrouver tous. Voil\u00e0 ce que je voulais vous dire tr\u00e8s sinc\u00e8rement. Du plus modeste coureur \u00e0 tous ceux qui ont des messages, qui m&rsquo;ont assur\u00e9 \u00e9galement de leur sympathie. J&rsquo;ai eu des milliers et des milliers de messages et c&rsquo;est peut-\u00eatre et c&rsquo;est s\u00fbrement gr\u00e2ce \u00e0 vous que j&rsquo;ai pu retrouver le micro progressivement, mais je crois que le meilleur est \u00e0 venir.<\/p>\n<p><script async src=\"https:\/\/platform.twitter.com\/widgets.js\" charset=\"utf-8\"><\/script><\/p>\n","protected":false},"excerpt":{"rendered":"Lire la suite de l&rsquo;article&#13; \u00a0 &#13; &#13; ? Victor G\u0337u\u0337e\u0337r\u0337n\u0337a\u0337l\u0337e\u0337c\u0337 Mangeas Une pens\u00e9e pour Daniel Mangeas avec&hellip;\n","protected":false},"author":2,"featured_media":315388,"comment_status":"","ping_status":"","sticky":false,"template":"","format":"standard","meta":{"footnotes":""},"categories":[1411],"tags":[1154,207,211,1011,27,2173,209,60,210,212,208,213],"class_list":{"0":"post-315387","1":"post","2":"type-post","3":"status-publish","4":"format-standard","5":"has-post-thumbnail","7":"category-cyclisme","8":"tag-cycling","9":"tag-cyclisme","10":"tag-ffc","11":"tag-fr","12":"tag-france","13":"tag-interview","14":"tag-route","15":"tag-sports","16":"tag-tour-de-france","17":"tag-uci","18":"tag-velo","19":"tag-world-tour"},"share_on_mastodon":{"url":"https:\/\/pubeurope.com\/@fr\/115019388305947572","error":""},"_links":{"self":[{"href":"https:\/\/www.europesays.com\/fr\/wp-json\/wp\/v2\/posts\/315387","targetHints":{"allow":["GET"]}}],"collection":[{"href":"https:\/\/www.europesays.com\/fr\/wp-json\/wp\/v2\/posts"}],"about":[{"href":"https:\/\/www.europesays.com\/fr\/wp-json\/wp\/v2\/types\/post"}],"author":[{"embeddable":true,"href":"https:\/\/www.europesays.com\/fr\/wp-json\/wp\/v2\/users\/2"}],"replies":[{"embeddable":true,"href":"https:\/\/www.europesays.com\/fr\/wp-json\/wp\/v2\/comments?post=315387"}],"version-history":[{"count":0,"href":"https:\/\/www.europesays.com\/fr\/wp-json\/wp\/v2\/posts\/315387\/revisions"}],"wp:featuredmedia":[{"embeddable":true,"href":"https:\/\/www.europesays.com\/fr\/wp-json\/wp\/v2\/media\/315388"}],"wp:attachment":[{"href":"https:\/\/www.europesays.com\/fr\/wp-json\/wp\/v2\/media?parent=315387"}],"wp:term":[{"taxonomy":"category","embeddable":true,"href":"https:\/\/www.europesays.com\/fr\/wp-json\/wp\/v2\/categories?post=315387"},{"taxonomy":"post_tag","embeddable":true,"href":"https:\/\/www.europesays.com\/fr\/wp-json\/wp\/v2\/tags?post=315387"}],"curies":[{"name":"wp","href":"https:\/\/api.w.org\/{rel}","templated":true}]}}