{"id":315390,"date":"2025-08-13T03:43:20","date_gmt":"2025-08-13T03:43:20","guid":{"rendered":"https:\/\/www.europesays.com\/fr\/315390\/"},"modified":"2025-08-13T03:43:20","modified_gmt":"2025-08-13T03:43:20","slug":"ma-scolarite-cetait-un-peu-la-cata-benjamin-baroche-se-souvient-de-son-enfance-pendant-laquelle-il-a-cotoye-des-profs-comme-teyssier","status":"publish","type":"post","link":"https:\/\/www.europesays.com\/fr\/315390\/","title":{"rendered":"\u00ab\u00a0Ma scolarit\u00e9, c\u2019\u00e9tait un peu la cata&#8230;\u00a0\u00bb, Benjamin Baroche se souvient de son enfance pendant laquelle il a c\u00f4toy\u00e9 des profs comme Teyssier"},"content":{"rendered":"<p>Benjamin Baroche, inoubliable Teyssier d\u2019Ici tout commence, s\u2019impose comme l\u2019un des \u201cm\u00e9chants\u201d pr\u00e9f\u00e9r\u00e9s du public. Com\u00e9dien passionn\u00e9 form\u00e9 au Cours Florent, il nous a racont\u00e9 son parcours professionnel et d\u00e9voil\u00e9 quelques souvenirs d\u2019enfance, loin de Paris. <\/p>\n<p>Digne h\u00e9ritier de <a href=\"https:\/\/www.programme-tv.net\/news\/series-tv\/367410-dallas-il-buvait-trois-ou-quatre-bouteilles-de-champagne-au-cours-de-la-journee-et-terminait-avec-un-petit-verre-de-tequila-patrick-duffy-bobby-balance-larry-hagman-jr\/\" data-api-deeplink=\"teleloisirs:\/\/news\/367410\" target=\"_blank\" rel=\"noopener\">Larry Hagman, alias l\u2019affreux JR dans Dallas,<\/a> Benjamin Baroche perp\u00e9tue la tradition des <a href=\"https:\/\/www.programme-tv.net\/news\/series-tv\/358354-ici-tout-commence-annabelle-cardone-alexandra-vandernoot-encore-plus-mauvaise-que-teyssier-benjamin-baroche-on-a-classe-les-mechants-de-vos-feuilletons-preferes\/\" data-api-deeplink=\"teleloisirs:\/\/news\/358354\" target=\"_blank\" rel=\"noopener\">\u00ab m\u00e9chants \u00bb adul\u00e9s du public gr\u00e2ce au r\u00f4le d\u2019Emmanuel Teyssier dans Ici tout commence.<\/a> Un exploit qui ne doit rien au hasard, lorsque le com\u00e9dien \u00e9voque ses d\u00e9buts au th\u00e9\u00e2tre, o\u00f9 il s\u2019est nourri des grands textes du r\u00e9pertoire pour explorer les m\u00e9andres de l\u2019\u00e2me humaine. Lui qui encha\u00eene les r\u00f4les sur les planches et les \u00e9crans depuis trente ans, savoure aujourd&rsquo;hui son succ\u00e8s avec gratitude. \u00c9galement \u00e0 l\u2019affiche de<a href=\"https:\/\/www.programme-tv.net\/news\/series-tv\/383958-rien-ne-t-efface-intrigue-casting-tout-savoir-sur-la-serie-evenement-de-tf1-avec-gwendoline-hamon-benjamin-baroche-bruno-debrandt-et-fauve-hautot\/\" data-api-deeplink=\"teleloisirs:\/\/news\/383958\" target=\"_blank\" rel=\"noopener\"> Rien ne t\u2019efface, la s\u00e9rie-\u00e9v\u00e9nement de TF1,<\/a> il compose tous ses personnages avec la gourmandise d\u2019un chef \u00e9toil\u00e9 ! Dans le podcast <a href=\"https:\/\/podcasts.programme-tv.net\/prisma-media-dhombres-et-de-lumieres\/202508110834-benjamin-baroche\" target=\"_blank\" rel=\"noopener\">Dhombres et de Lumi\u00e8res<\/a>, le com\u00e9dien s&rsquo;est souvenu de son enfance.<\/p>\n<p>Ici tout commence : Benjamin Baroche se souvient de sa scolarit\u00e9 \u00ab\u00a0un peu cata\u00a0\u00bb<\/p>\n<p>\u00ab\u00a0J&rsquo;ai rencontr\u00e9 des professeurs comme Teyssier. Enfant, ma scolarit\u00e9, c\u2019\u00e9tait un peu la cata&#8230; Mais lorsque j\u2019\u00e9tais apprenti com\u00e9dien &#8211; tr\u00e8s rebelle et tr\u00e8s exalt\u00e9 &#8211; je suis devenu beaucoup plus motiv\u00e9 par mes \u00e9tudes car c\u2019\u00e9tait la voie que j\u2019avais choisie, s&rsquo;est rappel\u00e9 <a href=\"https:\/\/www.programme-tv.net\/news\/series-tv\/385158-j-ai-vraiment-besoin-de-me-laver-en-sortant-du-plateau-benjamin-baroche-teyssier-se-confie-sur-son-role-de-mechant-dans-ici-tout-commence\/\" data-api-deeplink=\"teleloisirs:\/\/news\/385158\" target=\"_blank\" rel=\"noopener\">Benjamin Baroche.<\/a> C\u2019est \u00e0 cette \u00e9poque que j\u2019ai c\u00f4toy\u00e9 des profs comme Teyssier, durs et cassants. Il fallait gagner leur estime en repoussant ses limites, ce qui est extr\u00eamement enrichissant au final\u00a0\u00bb. Benjamin Baroche a aussi d\u00e9voil\u00e9 quand quand et pourquoi la carri\u00e8re de com\u00e9dien s&rsquo;est impos\u00e9e \u00e0 lui.<\/p>\n<p>                        Ici tout commence : Benjamin Baroche a quitt\u00e9 la C\u00f4te d\u2019Azur \u00e0 18 ans pour s\u2019inscrire au Cours Florent \u00e0 Paris<\/p>\n<p><b>Benjamin Baroche<\/b> explique : \u00ab\u00a0Adolescent, je ressentais certains manques affectifs et je pensais qu&rsquo;en devenant acteur, je pourrais \u00eatre aim\u00e9 vite et fort. \u00c0 18 ans, j\u2019ai quitt\u00e9 la C\u00f4te d\u2019Azur pour m\u2019inscrire au Cours Florent \u00e0 Paris. La premi\u00e8re chose que j\u2019ai apprise, c\u2019est que des mecs comme moi, il y en avait plein ! J\u2019ai donc calm\u00e9 mes ardeurs et commenc\u00e9 par me nourrir des textes de Musset, Racine, Shakespeare, etc. L\u2019envie ne m\u2019a jamais quitt\u00e9, c\u2019est elle qui m\u2019a sauv\u00e9\u00a0\u00bb.<\/p>\n","protected":false},"excerpt":{"rendered":"Benjamin Baroche, inoubliable Teyssier d\u2019Ici tout commence, s\u2019impose comme l\u2019un des \u201cm\u00e9chants\u201d pr\u00e9f\u00e9r\u00e9s du public. Com\u00e9dien passionn\u00e9 form\u00e9&hellip;\n","protected":false},"author":2,"featured_media":315391,"comment_status":"","ping_status":"","sticky":false,"template":"","format":"standard","meta":{"footnotes":""},"categories":[1359],"tags":[1727,244,58,59,1011,27,620,2173,973,199],"class_list":{"0":"post-315390","1":"post","2":"type-post","3":"status-publish","4":"format-standard","5":"has-post-thumbnail","7":"category-people","8":"tag-benjamin-baroche","9":"tag-commentaire","10":"tag-divertissement","11":"tag-entertainment","12":"tag-fr","13":"tag-france","14":"tag-ici-tout-commence","15":"tag-interview","16":"tag-people","17":"tag-tf1"},"share_on_mastodon":{"url":"https:\/\/pubeurope.com\/@fr\/115019396089262781","error":""},"_links":{"self":[{"href":"https:\/\/www.europesays.com\/fr\/wp-json\/wp\/v2\/posts\/315390","targetHints":{"allow":["GET"]}}],"collection":[{"href":"https:\/\/www.europesays.com\/fr\/wp-json\/wp\/v2\/posts"}],"about":[{"href":"https:\/\/www.europesays.com\/fr\/wp-json\/wp\/v2\/types\/post"}],"author":[{"embeddable":true,"href":"https:\/\/www.europesays.com\/fr\/wp-json\/wp\/v2\/users\/2"}],"replies":[{"embeddable":true,"href":"https:\/\/www.europesays.com\/fr\/wp-json\/wp\/v2\/comments?post=315390"}],"version-history":[{"count":0,"href":"https:\/\/www.europesays.com\/fr\/wp-json\/wp\/v2\/posts\/315390\/revisions"}],"wp:featuredmedia":[{"embeddable":true,"href":"https:\/\/www.europesays.com\/fr\/wp-json\/wp\/v2\/media\/315391"}],"wp:attachment":[{"href":"https:\/\/www.europesays.com\/fr\/wp-json\/wp\/v2\/media?parent=315390"}],"wp:term":[{"taxonomy":"category","embeddable":true,"href":"https:\/\/www.europesays.com\/fr\/wp-json\/wp\/v2\/categories?post=315390"},{"taxonomy":"post_tag","embeddable":true,"href":"https:\/\/www.europesays.com\/fr\/wp-json\/wp\/v2\/tags?post=315390"}],"curies":[{"name":"wp","href":"https:\/\/api.w.org\/{rel}","templated":true}]}}