{"id":315392,"date":"2025-08-13T03:45:12","date_gmt":"2025-08-13T03:45:12","guid":{"rendered":"https:\/\/www.europesays.com\/fr\/315392\/"},"modified":"2025-08-13T03:45:12","modified_gmt":"2025-08-13T03:45:12","slug":"jean-pierre-rey-presentait-a-condom-son-nouveau-polar-meurtres-en-albret","status":"publish","type":"post","link":"https:\/\/www.europesays.com\/fr\/315392\/","title":{"rendered":"Jean-Pierre Rey pr\u00e9sentait \u00e0 Condom son nouveau polar, \u00ab\u00a0Meurtres en Albret\u00a0\u00bb"},"content":{"rendered":"<p>A la librairie Chat\u2019Pitre 32, le N\u00e9racais (bien que n\u00e9 \u00e0 Bordeaux) Jean-Pierre Rey est venu pr\u00e9senter \u00ab\u00a0Meurtres en Albret, la vengeance de Desd\u00e9mone\u00a0\u00bb, un roman policier de la s\u00e9rie \u00ab\u00a0Le Geste noir\u00a0\u00bb paru aux \u00e9ditions Le Geste, qui n\u2019\u00e9dite que des romans policiers r\u00e9gionaux. Cette intrigue polici\u00e8re se passe durant les f\u00eates de mai n\u00e9racaises. Au matin, un c\u00e9l\u00e8bre \u00e9carteur des courses landaises est retrouv\u00e9 mort dans le parc de la Garenne. Voici l\u2019intrigue du dernier livre de Jean-Pierre Rey, agr\u00e9ment\u00e9 de dessins de son ami et comparse Thierry Bozzelli. Au fil des pages, le lecteur retrouvera de nombreuses r\u00e9f\u00e9rences \u00e0 N\u00e9rac et l\u2019Albret. Un policier exp\u00e9riment\u00e9, se remettant d\u2019un burn-out, sera sollicit\u00e9 par une jeune coll\u00e8gue n\u00e9racaise pour l\u2019aider \u00e0 enqu\u00eater sur ce myst\u00e9rieux meurtre.<\/p>\n<p>L\u2019\u00e9crivain n\u2019en est pas \u00e0 son coup d\u2019essai dans l\u2019\u00e9criture puisqu\u2019il a remport\u00e9 le prix Charles-Antonin avec un pr\u00e9c\u00e9dent ouvrage, \u00ab\u00a0Avanti Musica\u00a0\u00bb, traitant d\u2019un r\u00e9cit d\u2019un voyage \u00e0 v\u00e9lo. Il a publi\u00e9 \u00e9galement en Italie, avec un \u00e9diteur italien, son livre \u00ab\u00a0Una Familia italiana\u00a0\u00bb.<\/p>\n<p>Comme il le souligne, \u00ab\u00a0J\u2019adore \u00e9crire !\u00a0\u00bb. Dans les tiroirs, deux livres sont d\u00e9j\u00e0 pr\u00e9vus de sortir en octobre et au printemps 2026 au titre prometteur de suspense, \u00ab\u00a0Enqu\u00eate en Lot-et-Garonne\u00a0\u00bb et \u00ab\u00a0Mortelle randonn\u00e9e sur la voie verte\u00a0\u00bb.<\/p>\n","protected":false},"excerpt":{"rendered":"A la librairie Chat\u2019Pitre 32, le N\u00e9racais (bien que n\u00e9 \u00e0 Bordeaux) Jean-Pierre Rey est venu pr\u00e9senter \u00ab\u00a0Meurtres&hellip;\n","protected":false},"author":2,"featured_media":315393,"comment_status":"","ping_status":"","sticky":false,"template":"","format":"standard","meta":{"footnotes":""},"categories":[1357],"tags":[1379,58,59,1011,27,1380],"class_list":{"0":"post-315392","1":"post","2":"type-post","3":"status-publish","4":"format-standard","5":"has-post-thumbnail","7":"category-livres","8":"tag-books","9":"tag-divertissement","10":"tag-entertainment","11":"tag-fr","12":"tag-france","13":"tag-livres"},"share_on_mastodon":{"url":"https:\/\/pubeurope.com\/@fr\/115019404163622633","error":""},"_links":{"self":[{"href":"https:\/\/www.europesays.com\/fr\/wp-json\/wp\/v2\/posts\/315392","targetHints":{"allow":["GET"]}}],"collection":[{"href":"https:\/\/www.europesays.com\/fr\/wp-json\/wp\/v2\/posts"}],"about":[{"href":"https:\/\/www.europesays.com\/fr\/wp-json\/wp\/v2\/types\/post"}],"author":[{"embeddable":true,"href":"https:\/\/www.europesays.com\/fr\/wp-json\/wp\/v2\/users\/2"}],"replies":[{"embeddable":true,"href":"https:\/\/www.europesays.com\/fr\/wp-json\/wp\/v2\/comments?post=315392"}],"version-history":[{"count":0,"href":"https:\/\/www.europesays.com\/fr\/wp-json\/wp\/v2\/posts\/315392\/revisions"}],"wp:featuredmedia":[{"embeddable":true,"href":"https:\/\/www.europesays.com\/fr\/wp-json\/wp\/v2\/media\/315393"}],"wp:attachment":[{"href":"https:\/\/www.europesays.com\/fr\/wp-json\/wp\/v2\/media?parent=315392"}],"wp:term":[{"taxonomy":"category","embeddable":true,"href":"https:\/\/www.europesays.com\/fr\/wp-json\/wp\/v2\/categories?post=315392"},{"taxonomy":"post_tag","embeddable":true,"href":"https:\/\/www.europesays.com\/fr\/wp-json\/wp\/v2\/tags?post=315392"}],"curies":[{"name":"wp","href":"https:\/\/api.w.org\/{rel}","templated":true}]}}