{"id":315396,"date":"2025-08-13T03:47:42","date_gmt":"2025-08-13T03:47:42","guid":{"rendered":"https:\/\/www.europesays.com\/fr\/315396\/"},"modified":"2025-08-13T03:47:42","modified_gmt":"2025-08-13T03:47:42","slug":"choisis-sans-mentir-5-chanteurs-des-annees-2000-et-on-devinera-ton-age","status":"publish","type":"post","link":"https:\/\/www.europesays.com\/fr\/315396\/","title":{"rendered":"choisis (sans mentir) 5 chanteurs des ann\u00e9es 2000 et on devinera ton \u00e2ge"},"content":{"rendered":"<p><p><a href=\"https:\/\/www.serieously.com\" rel=\"nofollow noopener\" target=\"_blank\">Accueil<\/a> &gt; <a href=\"https:\/\/www.serieously.com\/quiz\/\" rel=\"nofollow noopener\" target=\"_blank\">Quiz<\/a> &gt; Quiz : choisis (sans mentir) 5 chanteurs des ann\u00e9es 2000 et on devinera ton \u00e2ge<\/p>\n<\/p>\n<p class=\"o-article__published-by o-article__bullets\">\n            Publi\u00e9 le<br \/>\n                        12 ao\u00fbt 2025 \u00e0 12 h 00<\/p>\n<p>             Par<br \/>\n                <a href=\"https:\/\/www.serieously.com\/author\/eliott\/\" rel=\"nofollow noopener\" target=\"_blank\">Eliott<br \/>\n                    Azoulai<\/a><\/p>\n<p><strong>Tu ne te lasses pas d\u2019\u00e9couter les tubes des ann\u00e9es 2000 ? Viens donc choisir tes 5 chanteurs, chanteuses ou groupes pr\u00e9f\u00e9r\u00e9s de cette d\u00e9cennie et, \u00e0 l\u2019issue du quiz, la r\u00e9dac de Serieously tentera de deviner ton \u00e2ge. Go !<\/strong><\/p>\n<p>Lequel de ces chanteurs des ann\u00e9es 2000 pr\u00e9f\u00e8res-tu ?<\/p>\n<p>\t\t\t\t\t\t\t\t<img decoding=\"async\" src=\"https:\/\/www.europesays.com\/fr\/wp-content\/uploads\/2025\/06\/loriegalerie-min.jpg\" alt=\"Lorie\" width=\"150\" height=\"150\" loading=\"lazy\"\/><\/p>\n<p>\n\t\t\t\t\t\t\t\t\tLorie\n\t\t\t\t\t\t\t\t<\/p>\n<p>\t\t\t\t\t\t\t\t<img decoding=\"async\" src=\"https:\/\/www.europesays.com\/fr\/wp-content\/uploads\/2025\/08\/galerierihannaumbrella-min.jpg\" alt=\"Rihanna\" width=\"150\" height=\"150\" loading=\"lazy\"\/><\/p>\n<p>\n\t\t\t\t\t\t\t\t\tRihanna\n\t\t\t\t\t\t\t\t<\/p>\n<p>\t\t\t\t\t\t\t\t<img decoding=\"async\" src=\"https:\/\/www.europesays.com\/fr\/wp-content\/uploads\/2025\/06\/vivalavidacoldplaygalerie-min.jpg\" alt=\"Coldplay\" width=\"150\" height=\"150\" loading=\"lazy\"\/><\/p>\n<p>\n\t\t\t\t\t\t\t\t\tColdplay\n\t\t\t\t\t\t\t\t<\/p>\n<p>\t\t\t\t\t\t\t\t<img decoding=\"async\" src=\"https:\/\/www.europesays.com\/fr\/wp-content\/uploads\/2025\/06\/collage-sans-titre-71-min.jpg\" alt=\"Taylor Swift\" width=\"150\" height=\"150\" loading=\"lazy\"\/><\/p>\n<p>\n\t\t\t\t\t\t\t\t\tTaylor Swift\n\t\t\t\t\t\t\t\t<\/p>\n<p>\t\t\t\t\t\t\t\t<img decoding=\"async\" src=\"https:\/\/www.europesays.com\/fr\/wp-content\/uploads\/2025\/05\/collage-sans-titre-2021-05-21t122324-360-min.jpg\" alt=\"Gr\u00e9gory Lemarchal\" width=\"150\" height=\"150\" loading=\"lazy\"\/><\/p>\n<p>\n\t\t\t\t\t\t\t\t\tGr\u00e9gory Lemarchal\n\t\t\t\t\t\t\t\t<\/p>\n<p>Lequel de ces chanteurs (ou DJ) des ann\u00e9es 2000 pr\u00e9f\u00e8res-tu ?<\/p>\n<p>\t\t\t\t\t\t\t\t<img decoding=\"async\" src=\"https:\/\/www.europesays.com\/fr\/wp-content\/uploads\/2025\/06\/calogeroenapesanteurgalerie-min.jpg\" alt=\"Calogero\" width=\"150\" height=\"150\" loading=\"lazy\"\/><\/p>\n<p>\n\t\t\t\t\t\t\t\t\tCalogero\n\t\t\t\t\t\t\t\t<\/p>\n<p>\t\t\t\t\t\t\t\t<img decoding=\"async\" src=\"https:\/\/www.europesays.com\/fr\/wp-content\/uploads\/2025\/06\/madonnahungupgalerie-min.jpg\" alt=\"Madonna\" width=\"150\" height=\"150\" loading=\"lazy\"\/><\/p>\n<p>\n\t\t\t\t\t\t\t\t\tMadonna\n\t\t\t\t\t\t\t\t<\/p>\n<p>\t\t\t\t\t\t\t\t<img decoding=\"async\" src=\"https:\/\/www.europesays.com\/fr\/wp-content\/uploads\/2025\/08\/davidguettaalbumpoplifegalerie-min.jpg\" alt=\"David Guetta\" width=\"150\" height=\"150\" loading=\"lazy\"\/><\/p>\n<p>\n\t\t\t\t\t\t\t\t\tDavid Guetta\n\t\t\t\t\t\t\t\t<\/p>\n<p>\t\t\t\t\t\t\t\t<img decoding=\"async\" src=\"https:\/\/www.europesays.com\/fr\/wp-content\/uploads\/2025\/05\/collage-sans-titre-98-min.jpg\" alt=\"Britney Spears\" width=\"150\" height=\"150\" loading=\"lazy\"\/><\/p>\n<p>\n\t\t\t\t\t\t\t\t\tBritney Spears\n\t\t\t\t\t\t\t\t<\/p>\n<p>\t\t\t\t\t\t\t\t<img decoding=\"async\" src=\"https:\/\/www.europesays.com\/fr\/wp-content\/uploads\/2025\/06\/jonasbrothersosgalerie-min.jpg\" alt=\"Jonas Brothers\" width=\"150\" height=\"150\" loading=\"lazy\"\/><\/p>\n<p>\n\t\t\t\t\t\t\t\t\tJonas Brothers\n\t\t\t\t\t\t\t\t<\/p>\n<p>Lequel de ces chanteurs des ann\u00e9es 2000 pr\u00e9f\u00e8res-tu ?<\/p>\n<p>\t\t\t\t\t\t\t\t<img decoding=\"async\" src=\"https:\/\/www.europesays.com\/fr\/wp-content\/uploads\/2025\/06\/kyogalerie-min.jpg\" alt=\"Kyo\" width=\"150\" height=\"150\" loading=\"lazy\"\/><\/p>\n<p>\n\t\t\t\t\t\t\t\t\tKyo\n\t\t\t\t\t\t\t\t<\/p>\n<p>\t\t\t\t\t\t\t\t<img decoding=\"async\" src=\"https:\/\/www.europesays.com\/fr\/wp-content\/uploads\/2025\/08\/katyperryclipikissedagirlgalerie-min.jpg\" alt=\"Katy Perry\" width=\"150\" height=\"150\" loading=\"lazy\"\/><\/p>\n<p>\n\t\t\t\t\t\t\t\t\tKaty Perry\n\t\t\t\t\t\t\t\t<\/p>\n<p>\t\t\t\t\t\t\t\t<img decoding=\"async\" src=\"https:\/\/www.europesays.com\/fr\/wp-content\/uploads\/2025\/08\/justinbiebercliponetimegalerie-min.jpg\" alt=\"Justin Bieber\" width=\"150\" height=\"150\" loading=\"lazy\"\/><\/p>\n<p>\n\t\t\t\t\t\t\t\t\tJustin Bieber\n\t\t\t\t\t\t\t\t<\/p>\n<p>\t\t\t\t\t\t\t\t<img decoding=\"async\" src=\"https:\/\/www.europesays.com\/fr\/wp-content\/uploads\/2025\/06\/mariahcareywebelongtogethergalerie-min.jpg\" alt=\"Mariah Carey\" width=\"150\" height=\"150\" loading=\"lazy\"\/><\/p>\n<p>\n\t\t\t\t\t\t\t\t\tMariah Carey\n\t\t\t\t\t\t\t\t<\/p>\n<p>\t\t\t\t\t\t\t\t<img decoding=\"async\" src=\"https:\/\/www.europesays.com\/fr\/wp-content\/uploads\/2025\/06\/florentpagnymalibertedepensergalerie-min.jpg\" alt=\"Florent Pagny\" width=\"150\" height=\"150\" loading=\"lazy\"\/><\/p>\n<p>\n\t\t\t\t\t\t\t\t\tFlorent Pagny\n\t\t\t\t\t\t\t\t<\/p>\n<p>Lequel de ces chanteurs des ann\u00e9es 2000 pr\u00e9f\u00e8res-tu ?<\/p>\n<p>\t\t\t\t\t\t\t\t<img decoding=\"async\" src=\"https:\/\/www.europesays.com\/fr\/wp-content\/uploads\/2025\/06\/vitaaafleurdetoigalerie-min.jpg\" alt=\"Vitaa\" width=\"150\" height=\"150\" loading=\"lazy\"\/><\/p>\n<p>\n\t\t\t\t\t\t\t\t\tVitaa\n\t\t\t\t\t\t\t\t<\/p>\n<p>\t\t\t\t\t\t\t\t<img decoding=\"async\" src=\"https:\/\/www.europesays.com\/fr\/wp-content\/uploads\/2025\/06\/onemoretimedaftpunkgalerie-min.jpg\" alt=\"Daft Punk\" width=\"150\" height=\"150\" loading=\"lazy\"\/><\/p>\n<p>\n\t\t\t\t\t\t\t\t\tDaft Punk\n\t\t\t\t\t\t\t\t<\/p>\n<p>\t\t\t\t\t\t\t\t<img decoding=\"async\" src=\"https:\/\/www.europesays.com\/fr\/wp-content\/uploads\/2025\/06\/design-sans-titre-5-2.jpg\" alt=\"C\u00e9line Dion\" width=\"150\" height=\"150\" loading=\"lazy\"\/><\/p>\n<p>\n\t\t\t\t\t\t\t\t\tC\u00e9line Dion\n\t\t\t\t\t\t\t\t<\/p>\n<p>\t\t\t\t\t\t\t\t<img decoding=\"async\" src=\"https:\/\/www.europesays.com\/fr\/wp-content\/uploads\/2025\/06\/partyintheusamileycyrusgalerie-min.jpg\" alt=\"Miley Cyrus\" width=\"150\" height=\"150\" loading=\"lazy\"\/><\/p>\n<p>\n\t\t\t\t\t\t\t\t\tMiley Cyrus\n\t\t\t\t\t\t\t\t<\/p>\n<p>\t\t\t\t\t\t\t\t<img decoding=\"async\" src=\"https:\/\/www.europesays.com\/fr\/wp-content\/uploads\/2025\/05\/jlogalerie-min.jpg\" alt=\"Jennifer Lopez\" width=\"150\" height=\"150\" loading=\"lazy\"\/><\/p>\n<p>\n\t\t\t\t\t\t\t\t\tJennifer Lopez\n\t\t\t\t\t\t\t\t<\/p>\n<p>Lequel de ces chanteurs des ann\u00e9es 2000 pr\u00e9f\u00e8res-tu ?<\/p>\n<p>\t\t\t\t\t\t\t\t<img decoding=\"async\" src=\"https:\/\/www.europesays.com\/fr\/wp-content\/uploads\/2025\/06\/byebyebyensyncgalerie-min.jpg\" alt=\"NSYNC\" width=\"150\" height=\"150\" loading=\"lazy\"\/><\/p>\n<p>\n\t\t\t\t\t\t\t\t\tNSYNC\n\t\t\t\t\t\t\t\t<\/p>\n<p>\t\t\t\t\t\t\t\t<img decoding=\"async\" src=\"https:\/\/www.europesays.com\/fr\/wp-content\/uploads\/2025\/05\/collage-sans-titre-52-min.jpg\" alt=\"Beyonc\u00e9\" width=\"150\" height=\"150\" loading=\"lazy\"\/><\/p>\n<p>\n\t\t\t\t\t\t\t\t\tBeyonc\u00e9\n\t\t\t\t\t\t\t\t<\/p>\n<p>\t\t\t\t\t\t\t\t<img decoding=\"async\" src=\"https:\/\/www.europesays.com\/fr\/wp-content\/uploads\/2025\/06\/ladygagapokerfacegalerie-min.jpg\" alt=\"Lady Gaga\" width=\"150\" height=\"150\" loading=\"lazy\"\/><\/p>\n<p>\n\t\t\t\t\t\t\t\t\tLady Gaga\n\t\t\t\t\t\t\t\t<\/p>\n<p>\t\t\t\t\t\t\t\t<img decoding=\"async\" src=\"https:\/\/www.europesays.com\/fr\/wp-content\/uploads\/2025\/07\/collage-sans-titre-62-min.jpg\" alt=\"Selena Gomez\" width=\"150\" height=\"150\" loading=\"lazy\"\/><\/p>\n<p>\n\t\t\t\t\t\t\t\t\tSelena Gomez\n\t\t\t\t\t\t\t\t<\/p>\n<p>\t\t\t\t\t\t\t\t<img decoding=\"async\" src=\"https:\/\/www.europesays.com\/fr\/wp-content\/uploads\/2025\/06\/amywinehouserehabgalerie-min.jpg\" alt=\"Amy Winehouse\" width=\"150\" height=\"150\" loading=\"lazy\"\/><\/p>\n<p>\n\t\t\t\t\t\t\t\t\tAmy Winehouse\n\t\t\t\t\t\t\t\t<\/p>\n<p class=\"o-quiz__result-title\">Tu as moins de 19 ans<\/p>\n<p class=\"p1\">Tu es encore un enfant ou un adolescent si l\u2019on se fie \u00e0 tes go\u00fbts en mati\u00e8re de musique. Pour cause, tu as eu tendance \u00e0 choisir des chanteurs qui ont \u00e9merg\u00e9 vers la fin des ann\u00e9es 2000 et ainsi confirm\u00e9 leur statut de star durant les ann\u00e9es 2010, soit la d\u00e9cennie durant laquelle tu as v\u00e9ritablement grandi. Pas vrai ?<\/p>\n<p>\u00a0<\/p>\n<p class=\"p1\"><strong>Continue sur ta lanc\u00e9e et fais <a href=\"https:\/\/www.serieously.com\/tag\/musique\/\" target=\"_blank\" rel=\"noopener nofollow\" aria-label=\"\">nos autres quiz musique<\/a> par ici.<\/strong><\/p>\n<p>\t\t\t\t\t\t\t\t\t\t<img decoding=\"async\" src=\"https:\/\/www.europesays.com\/fr\/wp-content\/uploads\/2025\/07\/moins-de-19-ans.jpg\" alt=\"\" width=\"400\" height=\"225\" loading=\"lazy\"\/><\/p>\n<p class=\"o-quiz__result-title\">Tu as la vingtaine<\/p>\n<p class=\"p1\">Tu as entre 20 et 29 ans si l\u2019on se base sur tes go\u00fbts en mati\u00e8re de musique. Pour cause, tu as grandi durant les ann\u00e9es 2000 et ainsi \u00e9cout\u00e9 la plupart des artistes pr\u00e9sents dans ce quiz, surtout ceux qui ont \u00e9merg\u00e9 vers le milieu de la d\u00e9cennie. On pense \u00e0 Rihanna ou encore Miley Cyrus\u2026 Tu confirmes ?<\/p>\n<p>\u00a0<\/p>\n<p><strong>Continue sur ta lanc\u00e9e et fais <a href=\"https:\/\/www.serieously.com\/tag\/musique\/\" target=\"_blank\" rel=\"noopener nofollow\" aria-label=\"\">nos autres quiz musique<\/a> par ici.<\/strong><\/p>\n<p>\t\t\t\t\t\t\t\t\t\t<img decoding=\"async\" src=\"https:\/\/www.europesays.com\/fr\/wp-content\/uploads\/2025\/04\/la-vingtaine.jpg\" alt=\"\" width=\"400\" height=\"225\" loading=\"lazy\"\/><\/p>\n<p class=\"o-quiz__result-title\">Tu as la trentaine<\/p>\n<p class=\"p1\">Tes choix lors de ce quiz nous am\u00e8nent clairement \u00e0 penser que tu as entre 30 et 39 ans. Pour cause, tu as pass\u00e9 toute ton adolescence \u00e0 \u00e9couter les artistes des ann\u00e9es 2000, que ce soit Lorie, Britney Spears ou Jennifer Lopez. Et, aujourd\u2019hui encore, tu ne te lasses pas de r\u00e9\u00e9couter leurs tubes qui sont ind\u00e9modables \u00e0 tes yeux !<\/p>\n<p>\u00a0<\/p>\n<p><strong>Continue sur ta lanc\u00e9e et fais <a href=\"https:\/\/www.serieously.com\/tag\/musique\/\" target=\"_blank\" rel=\"noopener nofollow\" aria-label=\"\">nos autres quiz musique<\/a> par ici.<\/strong><\/p>\n<p>\t\t\t\t\t\t\t\t\t\t<img decoding=\"async\" src=\"https:\/\/www.europesays.com\/fr\/wp-content\/uploads\/2025\/04\/la-trentaine.jpg\" alt=\"\" width=\"400\" height=\"225\" loading=\"lazy\"\/><\/p>\n<p class=\"o-quiz__result-title\">Tu as la quarantaine<\/p>\n<p class=\"p1\">Tu as entre 40 et 49 ans si l\u2019on se base sur tes go\u00fbts en mati\u00e8re de musique. Pour cause, tu as davantage grandi en \u00e9coutant les tubes des ann\u00e9es 90 que ceux des ann\u00e9es 2000 et as donc eu tendance \u00e0 choisir des artistes qui ont marqu\u00e9 les deux d\u00e9cennies comme C\u00e9line Dion et Mariah Carey. On se trompe ?<\/p>\n<p>\u00a0<\/p>\n<p><strong>Continue sur ta lanc\u00e9e et fais <a href=\"https:\/\/www.serieously.com\/tag\/musique\/\" target=\"_blank\" rel=\"noopener nofollow\" aria-label=\"\">nos autres quiz musique<\/a> par ici.<\/strong><\/p>\n<p>\t\t\t\t\t\t\t\t\t\t<img decoding=\"async\" src=\"https:\/\/www.europesays.com\/fr\/wp-content\/uploads\/2025\/04\/la-quarantaine.jpg\" alt=\"\" width=\"400\" height=\"225\" loading=\"lazy\"\/><\/p>\n<p class=\"o-quiz__result-title\">Tu as la cinquantaine ou plus<\/p>\n<p class=\"p1\">Tu as la cinquantaine voire plus, n\u2019est-ce pas ? C\u2019est en tout cas ce que nous am\u00e8nent \u00e0 penser tes go\u00fbts en mati\u00e8re de musique. Pour cause, tu as eu tendance \u00e0 choisir des artistes qui, \u00e0 tes yeux, sont des ic\u00f4nes toutes \u00e9poques confondues. Tu confirmes ?<\/p>\n<p>\u00a0<\/p>\n<p><strong>Continue sur ta lanc\u00e9e et fais <a href=\"https:\/\/www.serieously.com\/tag\/musique\/\" target=\"_blank\" rel=\"noopener nofollow\" aria-label=\"\">nos autres quiz musique<\/a> par ici.<\/strong><\/p>\n<p>\t\t\t\t\t\t\t\t\t\t<img decoding=\"async\" src=\"https:\/\/www.europesays.com\/fr\/wp-content\/uploads\/2025\/04\/la-cinquantaine.jpg\" alt=\"\" width=\"400\" height=\"225\" loading=\"lazy\"\/><\/p>\n<p>\t\tRecommencer le quiz<\/p>\n<p>\t\t\t<img decoding=\"async\" src=\"https:\/\/www.europesays.com\/fr\/wp-content\/uploads\/2025\/08\/1755056862_798_eliott-bleu.jpg\" alt=\"Eliott Azoulai\" width=\"70\" height=\"70\" loading=\"lazy\"\/><\/p>\n<p class=\"m-user__name\">Eliott Azoulai<\/p>\n<p class=\"m-user__job\">Journaliste<\/p>\n<p class=\"m-user__description\">Passionn\u00e9 par les s\u00e9ries depuis ma plus tendre enfance, je voue un culte \u00e0 Desperate Housewives, Ugly Betty et Dynastie. Je suis \u00e9galement tr\u00e8s friand de com\u00e9dies fran\u00e7aises, comme Nos Jours Heureux et Le D\u00eener de Cons, de productions Disney Channel, de musique pop et de Star Academy.<\/p>\n<p>\n\t\t\t\t\t\t\t\t\t\t\t\t@eliottazzz<br \/>\n\t\t\t\t\t\t\t\t\t\t\t\t\t\t\t\t\t\t\tContacter<br \/>\n\t\t\t\t\t\tEliott\n\t\t\t\t\t\t\t\t\t<\/p>\n<p>Lundi&rsquo;spensable<\/p>\n<p class=\"mt-4 mb-4 text-xl text-center\">Le meilleur de <\/p>\n<p> dans ta boite mail<\/p>\n","protected":false},"excerpt":{"rendered":"Accueil &gt; Quiz &gt; Quiz : choisis (sans mentir) 5 chanteurs des ann\u00e9es 2000 et on devinera ton&hellip;\n","protected":false},"author":2,"featured_media":315397,"comment_status":"","ping_status":"","sticky":false,"template":"","format":"standard","meta":{"footnotes":""},"categories":[1355],"tags":[58,59,1011,27,1361,873],"class_list":{"0":"post-315396","1":"post","2":"type-post","3":"status-publish","4":"format-standard","5":"has-post-thumbnail","7":"category-musique","8":"tag-divertissement","9":"tag-entertainment","10":"tag-fr","11":"tag-france","12":"tag-music","13":"tag-musique"},"share_on_mastodon":{"url":"https:\/\/pubeurope.com\/@fr\/115019412690872560","error":""},"_links":{"self":[{"href":"https:\/\/www.europesays.com\/fr\/wp-json\/wp\/v2\/posts\/315396","targetHints":{"allow":["GET"]}}],"collection":[{"href":"https:\/\/www.europesays.com\/fr\/wp-json\/wp\/v2\/posts"}],"about":[{"href":"https:\/\/www.europesays.com\/fr\/wp-json\/wp\/v2\/types\/post"}],"author":[{"embeddable":true,"href":"https:\/\/www.europesays.com\/fr\/wp-json\/wp\/v2\/users\/2"}],"replies":[{"embeddable":true,"href":"https:\/\/www.europesays.com\/fr\/wp-json\/wp\/v2\/comments?post=315396"}],"version-history":[{"count":0,"href":"https:\/\/www.europesays.com\/fr\/wp-json\/wp\/v2\/posts\/315396\/revisions"}],"wp:featuredmedia":[{"embeddable":true,"href":"https:\/\/www.europesays.com\/fr\/wp-json\/wp\/v2\/media\/315397"}],"wp:attachment":[{"href":"https:\/\/www.europesays.com\/fr\/wp-json\/wp\/v2\/media?parent=315396"}],"wp:term":[{"taxonomy":"category","embeddable":true,"href":"https:\/\/www.europesays.com\/fr\/wp-json\/wp\/v2\/categories?post=315396"},{"taxonomy":"post_tag","embeddable":true,"href":"https:\/\/www.europesays.com\/fr\/wp-json\/wp\/v2\/tags?post=315396"}],"curies":[{"name":"wp","href":"https:\/\/api.w.org\/{rel}","templated":true}]}}