{"id":315398,"date":"2025-08-13T03:48:19","date_gmt":"2025-08-13T03:48:19","guid":{"rendered":"https:\/\/www.europesays.com\/fr\/315398\/"},"modified":"2025-08-13T03:48:19","modified_gmt":"2025-08-13T03:48:19","slug":"superman-le-making-of-est-en-ligne-1-heure-dans-les-coulisses-du-film","status":"publish","type":"post","link":"https:\/\/www.europesays.com\/fr\/315398\/","title":{"rendered":"Superman : Le making-of est en ligne\u2026 1 heure dans les coulisses du film !"},"content":{"rendered":"<p><a href=\"https:\/\/www.europesays.com\/fr\/wp-content\/uploads\/2025\/06\/superman-film-2025-dcu-news-calendrier.jpg\"><img loading=\"lazy\" decoding=\"async\" src=\"https:\/\/www.europesays.com\/fr\/wp-content\/uploads\/2025\/06\/superman-film-2025-dcu-news-calendrier.jpg\" alt=\"\" width=\"696\" height=\"232\" class=\"aligncenter size-medium wp-image-280125\"  \/><\/a><\/p>\n<p style=\"text-align: justify;\">Attention les yeux, voici\u2026 le making-of officiel de <strong>Superman<\/strong>, \u2018Adventures in the Making of Superman\u2019, un v\u00e9ritable documentaire d\u2019une heure dans les coulisses du blockbuster kryptonien ! (Pour une raison inconnue, la vid\u00e9o a \u00e9t\u00e9 rang\u00e9e en \u2018Non r\u00e9pertori\u00e9e\u2019 par Warner Bros. Entertainment, donc c\u2019est un peu comme si elle circulait sous le manteau pour l\u2019instant.) La gen\u00e8se du projet, les essayages du super-costume, le tournage aux quatre coins du monde, les discussions de James Gunn et David Corenswet entre deux prises\u2026 Tout y est ou presque ! Ce documentaire sera bien s\u00fbr pr\u00e9sent dans les bonus du Blu-ray, dont la sortie est pr\u00e9vue le 19 novembre (<a href=\"https:\/\/amzn.to\/4fzpuiY\" rel=\"noopener noreferrer nofollow\" target=\"_blank\">pr\u00e9commande<\/a>). <\/p>\n<p style=\"text-align: justify;\">Superman se retrouve impliqu\u00e9 dans des conflits aux quatre coins de la plan\u00e8te et ses interventions en faveur de l\u2019humanit\u00e9 commencent \u00e0 susciter le doute. Percevant sa vuln\u00e9rabilit\u00e9, Lex Luthor, milliardaire de la tech et manipulateur de g\u00e9nie, en profite pour tenter de se d\u00e9barrasser d\u00e9finitivement de Superman. Lois Lane, l\u2019intr\u00e9pide journaliste du Daily Planet, pourra-t-elle, avec le soutien des autres m\u00e9ta-humains de Metropolis et le fid\u00e8le compagnon \u00e0 quatre pattes de Superman, emp\u00eacher Luthor de mener \u00e0 bien son redoutable plan ?<\/p>\n<\/p>\n<p><a href=\"http:\/\/lestoilesheroiques.fr\/wp-content\/uploads\/2025\/08\/GyL3sJUXsAAr6u8.jpg\" rel=\"nofollow noopener\" target=\"_blank\"><img loading=\"lazy\" decoding=\"async\" src=\"https:\/\/www.europesays.com\/fr\/wp-content\/uploads\/2025\/08\/GyL3sJUXsAAr6u8-580x873.jpg\" alt=\"\" width=\"580\" height=\"873\" class=\"aligncenter size-medium wp-image-282524\"  \/><\/a><\/p>\n<p><a href=\"http:\/\/lestoilesheroiques.fr\/wp-content\/uploads\/2025\/08\/GyL3sEWWIAABkdp.jpg\" rel=\"nofollow noopener\" target=\"_blank\"><img loading=\"lazy\" decoding=\"async\" src=\"https:\/\/www.europesays.com\/fr\/wp-content\/uploads\/2025\/08\/GyL3sEWWIAABkdp-580x812.jpg\" alt=\"\" width=\"580\" height=\"812\" class=\"aligncenter size-medium wp-image-282523\"  \/><\/a><\/p>\n<p><a href=\"http:\/\/lestoilesheroiques.fr\/wp-content\/uploads\/2025\/08\/GyL3sFlWMAAqGiI.jpg\" rel=\"nofollow noopener\" target=\"_blank\"><img loading=\"lazy\" decoding=\"async\" src=\"https:\/\/www.europesays.com\/fr\/wp-content\/uploads\/2025\/08\/GyL3sFlWMAAqGiI-580x815.jpg\" alt=\"\" width=\"580\" height=\"815\" class=\"aligncenter size-medium wp-image-282522\"  \/><\/a><\/p>\n<p><a href=\"http:\/\/lestoilesheroiques.fr\/wp-content\/uploads\/2025\/08\/GyL3sEqWsAAeVy5.jpg\" rel=\"nofollow noopener\" target=\"_blank\"><img loading=\"lazy\" decoding=\"async\" src=\"https:\/\/www.europesays.com\/fr\/wp-content\/uploads\/2025\/08\/GyL3sEqWsAAeVy5-580x780.jpg\" alt=\"\" width=\"580\" height=\"780\" class=\"aligncenter size-medium wp-image-282525\"  \/><\/a><\/p>\n<p><a href=\"http:\/\/lestoilesheroiques.fr\/wp-content\/uploads\/2025\/08\/Superman2025-BlurayB.jpg\" rel=\"nofollow noopener\" target=\"_blank\"><img loading=\"lazy\" decoding=\"async\" src=\"https:\/\/www.europesays.com\/fr\/wp-content\/uploads\/2025\/08\/Superman2025-BlurayB-580x673.jpg\" alt=\"\" width=\"580\" height=\"673\" class=\"aligncenter size-medium wp-image-282526\"  \/><\/a><\/p>\n<p><a href=\"https:\/\/www.europesays.com\/fr\/wp-content\/uploads\/2025\/08\/bonsu.jpg\"><img loading=\"lazy\" decoding=\"async\" src=\"https:\/\/www.europesays.com\/fr\/wp-content\/uploads\/2025\/08\/bonsu.jpg\" alt=\"\" width=\"488\" height=\"279\" class=\"aligncenter size-full wp-image-282528\"\/><\/a><\/p>\n<p style=\"text-align: center;\">\ufe61\ufe61\ufe61\ufe61\ufe61<\/p>\n<p><a href=\"http:\/\/lestoilesheroiques.fr\/2021\/06\/chronologie-comics-superman-ordre-de-lecture-guide-liste.html\" rel=\"nofollow noopener\" target=\"_blank\"><img loading=\"lazy\" decoding=\"async\" class=\"aligncenter size-full wp-image-203493\" src=\"https:\/\/www.europesays.com\/fr\/wp-content\/uploads\/2025\/04\/chronologie-comics-superman.jpg\" alt=\"\" width=\"300\" height=\"120\"\/><\/a><\/p>\n<p style=\"text-align: center;\">\ufe61\ufe61\ufe61\ufe61\ufe61<\/p>\n<p style=\"text-align: justify;\"><strong>Superman<\/strong> de <strong>James Gunn<\/strong> est sorti en France le 9 juillet 2025, avec <strong>David Corenswet<\/strong> (Clark Kent\/Superman), <strong>Rachel Brosnahan<\/strong> (Lois Lane), <strong>Skyler Gisondo<\/strong> (Jimmy Olsen), <strong>Nicholas Hoult<\/strong> (Lex Luthor), <strong>Nathan Fillion<\/strong> (Guy Gardner\/Green Lantern), <strong>Isabela Merced<\/strong> (Kendra Saunders\/Hawkgirl), <strong>Edi Gathegi<\/strong> (Michael Holt\/Mister Terrific), <strong>Anthony Carrigan<\/strong> (Metamorpho) et <strong>Mar\u00eda Gabriela De Far\u00eda<\/strong> (Angela Spica\/l\u2019Ing\u00e9nieure).<\/p>\n<p><a href=\"https:\/\/amzn.to\/3JypO3L\" target=\"_blank\" rel=\"noopener noreferrer nofollow\"><img loading=\"lazy\" decoding=\"async\" class=\"aligncenter size-medium wp-image-200788\" src=\"https:\/\/www.europesays.com\/fr\/wp-content\/uploads\/2025\/05\/1747098672_910_rappelll.jpg\" alt=\"\" width=\"696\" height=\"73\"\/><\/a><\/p>\n","protected":false},"excerpt":{"rendered":"Attention les yeux, voici\u2026 le making-of officiel de Superman, \u2018Adventures in the Making of Superman\u2019, un v\u00e9ritable documentaire&hellip;\n","protected":false},"author":2,"featured_media":315399,"comment_status":"","ping_status":"","sticky":false,"template":"","format":"standard","meta":{"footnotes":""},"categories":[1354],"tags":[58,59,1346,1011,27,1360],"class_list":{"0":"post-315398","1":"post","2":"type-post","3":"status-publish","4":"format-standard","5":"has-post-thumbnail","7":"category-films","8":"tag-divertissement","9":"tag-entertainment","10":"tag-films","11":"tag-fr","12":"tag-france","13":"tag-movies"},"share_on_mastodon":{"url":"https:\/\/pubeurope.com\/@fr\/115019416272800698","error":""},"_links":{"self":[{"href":"https:\/\/www.europesays.com\/fr\/wp-json\/wp\/v2\/posts\/315398","targetHints":{"allow":["GET"]}}],"collection":[{"href":"https:\/\/www.europesays.com\/fr\/wp-json\/wp\/v2\/posts"}],"about":[{"href":"https:\/\/www.europesays.com\/fr\/wp-json\/wp\/v2\/types\/post"}],"author":[{"embeddable":true,"href":"https:\/\/www.europesays.com\/fr\/wp-json\/wp\/v2\/users\/2"}],"replies":[{"embeddable":true,"href":"https:\/\/www.europesays.com\/fr\/wp-json\/wp\/v2\/comments?post=315398"}],"version-history":[{"count":0,"href":"https:\/\/www.europesays.com\/fr\/wp-json\/wp\/v2\/posts\/315398\/revisions"}],"wp:featuredmedia":[{"embeddable":true,"href":"https:\/\/www.europesays.com\/fr\/wp-json\/wp\/v2\/media\/315399"}],"wp:attachment":[{"href":"https:\/\/www.europesays.com\/fr\/wp-json\/wp\/v2\/media?parent=315398"}],"wp:term":[{"taxonomy":"category","embeddable":true,"href":"https:\/\/www.europesays.com\/fr\/wp-json\/wp\/v2\/categories?post=315398"},{"taxonomy":"post_tag","embeddable":true,"href":"https:\/\/www.europesays.com\/fr\/wp-json\/wp\/v2\/tags?post=315398"}],"curies":[{"name":"wp","href":"https:\/\/api.w.org\/{rel}","templated":true}]}}