{"id":315407,"date":"2025-08-13T03:53:11","date_gmt":"2025-08-13T03:53:11","guid":{"rendered":"https:\/\/www.europesays.com\/fr\/315407\/"},"modified":"2025-08-13T03:53:11","modified_gmt":"2025-08-13T03:53:11","slug":"bouygues-telecom-devoile-sa-bbox-rentree-voici-tous-les-avantages-qui-vous-attendent","status":"publish","type":"post","link":"https:\/\/www.europesays.com\/fr\/315407\/","title":{"rendered":"Bouygues Telecom d\u00e9voile sa \u00ab\u00a0Bbox rentr\u00e9e\u00a0\u00bb : voici tous les avantages qui vous attendent"},"content":{"rendered":"<p class=\"ed__a-p ed__bdy__l\">Apr\u00e8s un an, la facture passe \u00e0 35,99 \u20ac\/mois. Mais le tarif promotionnel reste en place suite aux douze mois d\u2019engagement pour les abonn\u00e9s mobiles Bouygues Telecom qui b\u00e9n\u00e9ficient de la remise B.iG.<\/p>\n<p>\u00ab\u00a0Bbox rentr\u00e9e\u00a0\u00bb, l&rsquo;offre Bouygues \u00e0 ne pas manquer<\/p>\n<p class=\"ed__a-p ed__bdy__l\">La formule avec cette Bbox Fit propose des d\u00e9bits fibre jusqu\u2019\u00e0 1 Gb\/s en t\u00e9l\u00e9chargement et 700 Mb\/s en envoi. Le d\u00e9codeur TV 4K est inclus avec plus de 180 cha\u00eenes et les plateformes de streaming populaires comme YouTube, Netflix, Amazon Prime Video ou Disney+. Pour la France, on trouve Canal+.<\/p>\n<p class=\"ed__a-p ed__bdy__l\">Il est aussi possible d\u2019enregistrer jusqu\u2019\u00e0 100 heures de programmes pour un visionnage diff\u00e9r\u00e9. La t\u00e9l\u00e9phonie fixe propose des appels illimit\u00e9s vers les fixes et mobiles fran\u00e7ais. Mais aussi vers plus de 110 destinations dans le monde.<\/p>\n<p class=\"ed__a-p ed__bdy__l\">On trouve aussi le Wi-Fi 6 intelligent qui optimise automatiquement les fr\u00e9quences pour maximiser les performances r\u00e9seau. La stabilit\u00e9 dans les foyers avec beaucoup d\u2019appareils connect\u00e9s (PC, smartphones, tablettes, etc.) est donc assur\u00e9e.<\/p>\n<p class=\"ed__a-p ed__bdy__l\">Bouygues Telecom simplifie la migration avec une installation gratuite de la fibre. Les nouveaux clients, comme toujours, b\u00e9n\u00e9ficient d\u2019un remboursement jusqu\u2019\u00e0 50 \u20ac des frais de r\u00e9siliation aupr\u00e8s de leur ancien FAI. L&rsquo;offre Bbox rentr\u00e9e est disponible \u00e0 <a href=\"https:\/\/www.bouyguestelecom.fr\/offres-internet\/bbox-rentree\" target=\"_blank\" rel=\"nofollow noopener\">cette adresse<\/a>.<\/p>\n<p class=\"ed__a-p ed__bdy__l\">Techniquement, cette offre utilise le m\u00eame mat\u00e9riel que la Bbox Must selon les informations partag\u00e9es par Univers Freebox, comme son player et son serveur. L\u2019abonnement Must est factur\u00e9 7 \u20ac en plus par mois et propose des d\u00e9bits sup\u00e9rieurs jusqu&rsquo;\u00e0 2 Gb\/s en r\u00e9ception et 900 Mb\/s en \u00e9mission.<\/p>\n<p class=\"ed__a-p ed__bdy__l\">L\u2019abonnement Must ajoute aussi un r\u00e9p\u00e9teur Wi-Fi sur demande pour \u00e9tendre la couverture r\u00e9seau dans la maison. Les autres services propos\u00e9s sont identiques entre les deux offres.<\/p>\n<p>            Publicit\u00e9, votre contenu continue ci-dessous<\/p>\n<p>        Publicit\u00e9<\/p>\n","protected":false},"excerpt":{"rendered":"Apr\u00e8s un an, la facture passe \u00e0 35,99 \u20ac\/mois. Mais le tarif promotionnel reste en place suite aux&hellip;\n","protected":false},"author":2,"featured_media":315408,"comment_status":"","ping_status":"","sticky":false,"template":"","format":"standard","meta":{"footnotes":""},"categories":[6],"tags":[35,33,34,1011,27],"class_list":{"0":"post-315407","1":"post","2":"type-post","3":"status-publish","4":"format-standard","5":"has-post-thumbnail","7":"category-economie","8":"tag-business","9":"tag-economie","10":"tag-economy","11":"tag-fr","12":"tag-france"},"share_on_mastodon":{"url":"https:\/\/pubeurope.com\/@fr\/115019435632483572","error":""},"_links":{"self":[{"href":"https:\/\/www.europesays.com\/fr\/wp-json\/wp\/v2\/posts\/315407","targetHints":{"allow":["GET"]}}],"collection":[{"href":"https:\/\/www.europesays.com\/fr\/wp-json\/wp\/v2\/posts"}],"about":[{"href":"https:\/\/www.europesays.com\/fr\/wp-json\/wp\/v2\/types\/post"}],"author":[{"embeddable":true,"href":"https:\/\/www.europesays.com\/fr\/wp-json\/wp\/v2\/users\/2"}],"replies":[{"embeddable":true,"href":"https:\/\/www.europesays.com\/fr\/wp-json\/wp\/v2\/comments?post=315407"}],"version-history":[{"count":0,"href":"https:\/\/www.europesays.com\/fr\/wp-json\/wp\/v2\/posts\/315407\/revisions"}],"wp:featuredmedia":[{"embeddable":true,"href":"https:\/\/www.europesays.com\/fr\/wp-json\/wp\/v2\/media\/315408"}],"wp:attachment":[{"href":"https:\/\/www.europesays.com\/fr\/wp-json\/wp\/v2\/media?parent=315407"}],"wp:term":[{"taxonomy":"category","embeddable":true,"href":"https:\/\/www.europesays.com\/fr\/wp-json\/wp\/v2\/categories?post=315407"},{"taxonomy":"post_tag","embeddable":true,"href":"https:\/\/www.europesays.com\/fr\/wp-json\/wp\/v2\/tags?post=315407"}],"curies":[{"name":"wp","href":"https:\/\/api.w.org\/{rel}","templated":true}]}}